{"id":212,"date":"2016-12-05T12:02:59","date_gmt":"2016-12-05T12:02:59","guid":{"rendered":"http:\/\/blogsaverroes.juntadeandalucia.es\/colegiorafaelalberti\/?p=212"},"modified":"2016-12-05T12:02:59","modified_gmt":"2016-12-05T12:02:59","slug":"celebracion-del-dia-de-la-constitucion","status":"publish","type":"post","link":"https:\/\/blogsaverroes.juntadeandalucia.es\/colegiorafaelalberti\/2016\/12\/05\/celebracion-del-dia-de-la-constitucion\/","title":{"rendered":"Celebraci\u00f3n del D\u00eda de la Constituci\u00f3n"},"content":{"rendered":"<p>Hoy hemos celebrado el D\u00eda de la Constituci\u00f3n con nuestro tradicional desayuno sano. El alumnado de 2\u00ba de ESO ha sido el encargado de repartir los desayunos. Despu\u00e9s todos juntos hemos escuchado el himno en el patio, donde se ha desplegado\u00a0la bandera.<\/p>\n<p><a href=\"http:\/\/blogsaverroes.juntadeandalucia.es\/colegiorafaelalberti\/files\/2016\/12\/15354062_10154881089603159_1095699009_o.jpg\"><img loading=\"lazy\" decoding=\"async\" class=\"  wp-image-214 aligncenter\" src=\"http:\/\/blogsaverroes.juntadeandalucia.es\/colegiorafaelalberti\/files\/2016\/12\/15354062_10154881089603159_1095699009_o-300x169.jpg\" alt=\"15354062_10154881089603159_1095699009_o\" width=\"318\" height=\"179\" srcset=\"https:\/\/blogsaverroes.juntadeandalucia.es\/colegiorafaelalberti\/files\/2016\/12\/15354062_10154881089603159_1095699009_o-300x169.jpg 300w, https:\/\/blogsaverroes.juntadeandalucia.es\/colegiorafaelalberti\/files\/2016\/12\/15354062_10154881089603159_1095699009_o-1024x576.jpg 1024w, https:\/\/blogsaverroes.juntadeandalucia.es\/colegiorafaelalberti\/files\/2016\/12\/15354062_10154881089603159_1095699009_o-24x14.jpg 24w, https:\/\/blogsaverroes.juntadeandalucia.es\/colegiorafaelalberti\/files\/2016\/12\/15354062_10154881089603159_1095699009_o-36x20.jpg 36w, https:\/\/blogsaverroes.juntadeandalucia.es\/colegiorafaelalberti\/files\/2016\/12\/15354062_10154881089603159_1095699009_o-48x27.jpg 48w, https:\/\/blogsaverroes.juntadeandalucia.es\/colegiorafaelalberti\/files\/2016\/12\/15354062_10154881089603159_1095699009_o.jpg 1280w\" sizes=\"(max-width: 318px) 100vw, 318px\" \/><\/a><\/p>\n<p><a href=\"http:\/\/blogsaverroes.juntadeandalucia.es\/colegiorafaelalberti\/files\/2016\/12\/15369724_10154881239733159_1143025735_o.jpg\"><img loading=\"lazy\" decoding=\"async\" class=\"alignnone size-medium wp-image-215\" src=\"http:\/\/blogsaverroes.juntadeandalucia.es\/colegiorafaelalberti\/files\/2016\/12\/15369724_10154881239733159_1143025735_o-300x169.jpg\" alt=\"15369724_10154881239733159_1143025735_o\" width=\"300\" height=\"169\" srcset=\"https:\/\/blogsaverroes.juntadeandalucia.es\/colegiorafaelalberti\/files\/2016\/12\/15369724_10154881239733159_1143025735_o-300x169.jpg 300w, https:\/\/blogsaverroes.juntadeandalucia.es\/colegiorafaelalberti\/files\/2016\/12\/15369724_10154881239733159_1143025735_o-1024x576.jpg 1024w, https:\/\/blogsaverroes.juntadeandalucia.es\/colegiorafaelalberti\/files\/2016\/12\/15369724_10154881239733159_1143025735_o-24x14.jpg 24w, https:\/\/blogsaverroes.juntadeandalucia.es\/colegiorafaelalberti\/files\/2016\/12\/15369724_10154881239733159_1143025735_o-36x20.jpg 36w, https:\/\/blogsaverroes.juntadeandalucia.es\/colegiorafaelalberti\/files\/2016\/12\/15369724_10154881239733159_1143025735_o-48x27.jpg 48w, https:\/\/blogsaverroes.juntadeandalucia.es\/colegiorafaelalberti\/files\/2016\/12\/15369724_10154881239733159_1143025735_o.jpg 1280w\" sizes=\"(max-width: 300px) 100vw, 300px\" \/><img loading=\"lazy\" decoding=\"async\" class=\"alignnone size-medium wp-image-213\" src=\"http:\/\/blogsaverroes.juntadeandalucia.es\/colegiorafaelalberti\/files\/2016\/12\/15311450_10154881239778159_484106756_o-300x169.jpg\" alt=\"15311450_10154881239778159_484106756_o\" width=\"300\" height=\"169\" srcset=\"https:\/\/blogsaverroes.juntadeandalucia.es\/colegiorafaelalberti\/files\/2016\/12\/15311450_10154881239778159_484106756_o-300x169.jpg 300w, https:\/\/blogsaverroes.juntadeandalucia.es\/colegiorafaelalberti\/files\/2016\/12\/15311450_10154881239778159_484106756_o-1024x576.jpg 1024w, https:\/\/blogsaverroes.juntadeandalucia.es\/colegiorafaelalberti\/files\/2016\/12\/15311450_10154881239778159_484106756_o-24x14.jpg 24w, https:\/\/blogsaverroes.juntadeandalucia.es\/colegiorafaelalberti\/files\/2016\/12\/15311450_10154881239778159_484106756_o-36x20.jpg 36w, https:\/\/blogsaverroes.juntadeandalucia.es\/colegiorafaelalberti\/files\/2016\/12\/15311450_10154881239778159_484106756_o-48x27.jpg 48w, https:\/\/blogsaverroes.juntadeandalucia.es\/colegiorafaelalberti\/files\/2016\/12\/15311450_10154881239778159_484106756_o.jpg 1280w\" sizes=\"(max-width: 300px) 100vw, 300px\" \/><\/a><\/p>\n","protected":false},"excerpt":{"rendered":"<p>Hoy hemos celebrado el D\u00eda de la Constituci\u00f3n con nuestro tradicional desayuno sano. El alumnado de 2\u00ba de ESO ha sido el encargado de repartir los desayunos. Despu\u00e9s todos juntos hemos escuchado el himno&#46;&#46;&#46;<\/p>\n","protected":false},"author":3038,"featured_media":0,"comment_status":"open","ping_status":"open","sticky":false,"template":"","format":"standard","meta":{"ngg_post_thumbnail":0,"footnotes":""},"categories":[32],"tags":[],"aioseo_notices":[],"_links":{"self":[{"href":"https:\/\/blogsaverroes.juntadeandalucia.es\/colegiorafaelalberti\/wp-json\/wp\/v2\/posts\/212"}],"collection":[{"href":"https:\/\/blogsaverroes.juntadeandalucia.es\/colegiorafaelalberti\/wp-json\/wp\/v2\/posts"}],"about":[{"href":"https:\/\/blogsaverroes.juntadeandalucia.es\/colegiorafaelalberti\/wp-json\/wp\/v2\/types\/post"}],"author":[{"embeddable":true,"href":"https:\/\/blogsaverroes.juntadeandalucia.es\/colegiorafaelalberti\/wp-json\/wp\/v2\/users\/3038"}],"replies":[{"embeddable":true,"href":"https:\/\/blogsaverroes.juntadeandalucia.es\/colegiorafaelalberti\/wp-json\/wp\/v2\/comments?post=212"}],"version-history":[{"count":1,"href":"https:\/\/blogsaverroes.juntadeandalucia.es\/colegiorafaelalberti\/wp-json\/wp\/v2\/posts\/212\/revisions"}],"predecessor-version":[{"id":216,"href":"https:\/\/blogsaverroes.juntadeandalucia.es\/colegiorafaelalberti\/wp-json\/wp\/v2\/posts\/212\/revisions\/216"}],"wp:attachment":[{"href":"https:\/\/blogsaverroes.juntadeandalucia.es\/colegiorafaelalberti\/wp-json\/wp\/v2\/media?parent=212"}],"wp:term":[{"taxonomy":"category","embeddable":true,"href":"https:\/\/blogsaverroes.juntadeandalucia.es\/colegiorafaelalberti\/wp-json\/wp\/v2\/categories?post=212"},{"taxonomy":"post_tag","embeddable":true,"href":"https:\/\/blogsaverroes.juntadeandalucia.es\/colegiorafaelalberti\/wp-json\/wp\/v2\/tags?post=212"}],"curies":[{"name":"wp","href":"https:\/\/api.w.org\/{rel}","templated":true}]}}