{"id":282,"date":"2017-02-08T08:33:34","date_gmt":"2017-02-08T08:33:34","guid":{"rendered":"http:\/\/blogsaverroes.juntadeandalucia.es\/colegiorafaelalberti\/?p=282"},"modified":"2017-02-08T08:33:34","modified_gmt":"2017-02-08T08:33:34","slug":"gracias","status":"publish","type":"post","link":"https:\/\/blogsaverroes.juntadeandalucia.es\/colegiorafaelalberti\/2017\/02\/08\/gracias\/","title":{"rendered":"\u00a1\u00a1GRACIAS!!"},"content":{"rendered":"<p>El C.E.I.P. \u00abRafael Alberti\u00bb quiere agradecer a toda la Comunidad Educativa su implicaci\u00f3n en la actividad solidaria \u00abTrueque por la Paz\u00bb, realizada en nuestro centro con motivo de la celebraci\u00f3n del D\u00eda de la Paz.<\/p>\n<p>Las alumnas y alumnos del centro han recogido uno o varios libros y a cambio han dejado en el centro art\u00edculos de higiene de primera necesidad. Aqu\u00ed est\u00e1 el donativo recogido, listo para ser enviado a sus destinatarios: una residencia de la tercera edad.<\/p>\n<p style=\"text-align: center\"><strong>\u00a1Gracias a todos!<\/strong><\/p>\n<p>\u00a0<a href=\"http:\/\/blogsaverroes.juntadeandalucia.es\/colegiorafaelalberti\/files\/2017\/02\/16441263_10155085494918159_1039026514_n.jpg\"><img loading=\"lazy\" decoding=\"async\" class=\" wp-image-285  aligncenter\" src=\"http:\/\/blogsaverroes.juntadeandalucia.es\/colegiorafaelalberti\/files\/2017\/02\/16441263_10155085494918159_1039026514_n-e1486542763669-300x169.jpg\" alt=\"16441263_10155085494918159_1039026514_n\" width=\"534\" height=\"301\" srcset=\"https:\/\/blogsaverroes.juntadeandalucia.es\/colegiorafaelalberti\/files\/2017\/02\/16441263_10155085494918159_1039026514_n-e1486542763669-300x169.jpg 300w, https:\/\/blogsaverroes.juntadeandalucia.es\/colegiorafaelalberti\/files\/2017\/02\/16441263_10155085494918159_1039026514_n-e1486542763669-24x14.jpg 24w, https:\/\/blogsaverroes.juntadeandalucia.es\/colegiorafaelalberti\/files\/2017\/02\/16441263_10155085494918159_1039026514_n-e1486542763669-36x20.jpg 36w, https:\/\/blogsaverroes.juntadeandalucia.es\/colegiorafaelalberti\/files\/2017\/02\/16441263_10155085494918159_1039026514_n-e1486542763669-48x27.jpg 48w, https:\/\/blogsaverroes.juntadeandalucia.es\/colegiorafaelalberti\/files\/2017\/02\/16441263_10155085494918159_1039026514_n-e1486542763669.jpg 960w\" sizes=\"(max-width: 534px) 100vw, 534px\" \/><\/a><\/p>\n","protected":false},"excerpt":{"rendered":"<p>El C.E.I.P. \u00abRafael Alberti\u00bb quiere agradecer a toda la Comunidad Educativa su implicaci\u00f3n en la actividad solidaria \u00abTrueque por la Paz\u00bb, realizada en nuestro centro con motivo de la celebraci\u00f3n del D\u00eda de la&#46;&#46;&#46;<\/p>\n","protected":false},"author":3038,"featured_media":0,"comment_status":"open","ping_status":"open","sticky":false,"template":"","format":"standard","meta":{"ngg_post_thumbnail":0,"footnotes":""},"categories":[32,213],"tags":[],"aioseo_notices":[],"_links":{"self":[{"href":"https:\/\/blogsaverroes.juntadeandalucia.es\/colegiorafaelalberti\/wp-json\/wp\/v2\/posts\/282"}],"collection":[{"href":"https:\/\/blogsaverroes.juntadeandalucia.es\/colegiorafaelalberti\/wp-json\/wp\/v2\/posts"}],"about":[{"href":"https:\/\/blogsaverroes.juntadeandalucia.es\/colegiorafaelalberti\/wp-json\/wp\/v2\/types\/post"}],"author":[{"embeddable":true,"href":"https:\/\/blogsaverroes.juntadeandalucia.es\/colegiorafaelalberti\/wp-json\/wp\/v2\/users\/3038"}],"replies":[{"embeddable":true,"href":"https:\/\/blogsaverroes.juntadeandalucia.es\/colegiorafaelalberti\/wp-json\/wp\/v2\/comments?post=282"}],"version-history":[{"count":1,"href":"https:\/\/blogsaverroes.juntadeandalucia.es\/colegiorafaelalberti\/wp-json\/wp\/v2\/posts\/282\/revisions"}],"predecessor-version":[{"id":286,"href":"https:\/\/blogsaverroes.juntadeandalucia.es\/colegiorafaelalberti\/wp-json\/wp\/v2\/posts\/282\/revisions\/286"}],"wp:attachment":[{"href":"https:\/\/blogsaverroes.juntadeandalucia.es\/colegiorafaelalberti\/wp-json\/wp\/v2\/media?parent=282"}],"wp:term":[{"taxonomy":"category","embeddable":true,"href":"https:\/\/blogsaverroes.juntadeandalucia.es\/colegiorafaelalberti\/wp-json\/wp\/v2\/categories?post=282"},{"taxonomy":"post_tag","embeddable":true,"href":"https:\/\/blogsaverroes.juntadeandalucia.es\/colegiorafaelalberti\/wp-json\/wp\/v2\/tags?post=282"}],"curies":[{"name":"wp","href":"https:\/\/api.w.org\/{rel}","templated":true}]}}