{"id":521,"date":"2018-11-28T12:02:48","date_gmt":"2018-11-28T12:02:48","guid":{"rendered":"https:\/\/blogsaverroes.juntadeandalucia.es\/colegiorafaelalberti\/?p=521"},"modified":"2018-11-30T10:14:27","modified_gmt":"2018-11-30T10:14:27","slug":"dia-del-flamenco-16-de-noviembre","status":"publish","type":"post","link":"https:\/\/blogsaverroes.juntadeandalucia.es\/colegiorafaelalberti\/2018\/11\/28\/dia-del-flamenco-16-de-noviembre\/","title":{"rendered":"D\u00eda del Flamenco 16 de noviembre"},"content":{"rendered":"<p>Celebramos el D\u00eda Internacional del Flamenco. La maestra de m\u00fasica, Marisa, ha preparado una canci\u00f3n de Estrella Morente, \u00abTangos de Pepico\u00bb, ha ensayado con todos los alumnos y alumnas del colegio y hemos salido al patio a bailar.&nbsp;<\/p>\n<p>Luego las alumnas y alumnos de secundaria han estado bailando sevillanas y tuvimos una sorpresa muy especial, un alumno de quinto curso, nos deleit\u00f3 con unas sevillanas de Paco Candela, \u00abAprendamos de los ni\u00f1os\u00bb y fue un momento muy emocionante, por la letra, por el arte que les puso al cantarla y por la gran acogida que tuvo por el resto de alumnos y alumnas del centro.<\/p>\n<p>A continuaci\u00f3n pod\u00e9is ver algunas im\u00e1genes pinchando en el siguiente enlace.<\/p>\n<p>&nbsp;<\/p>\n<p><a href=\"https:\/\/photos.app.goo.gl\/hHVaKirxz7tX4kLF8\">https:\/\/photos.app.goo.gl\/hHVaKirxz7tX4kLF8<\/a><\/p>\n","protected":false},"excerpt":{"rendered":"<p>Celebramos el D\u00eda Internacional del Flamenco. La maestra de m\u00fasica, Marisa, ha preparado una canci\u00f3n de Estrella Morente, \u00abTangos de Pepico\u00bb, ha ensayado con todos los alumnos y alumnas del colegio y hemos salido&#46;&#46;&#46;<\/p>\n","protected":false},"author":3038,"featured_media":0,"comment_status":"open","ping_status":"open","sticky":false,"template":"","format":"standard","meta":{"ngg_post_thumbnail":0,"footnotes":""},"categories":[32,485],"tags":[],"aioseo_notices":[],"_links":{"self":[{"href":"https:\/\/blogsaverroes.juntadeandalucia.es\/colegiorafaelalberti\/wp-json\/wp\/v2\/posts\/521"}],"collection":[{"href":"https:\/\/blogsaverroes.juntadeandalucia.es\/colegiorafaelalberti\/wp-json\/wp\/v2\/posts"}],"about":[{"href":"https:\/\/blogsaverroes.juntadeandalucia.es\/colegiorafaelalberti\/wp-json\/wp\/v2\/types\/post"}],"author":[{"embeddable":true,"href":"https:\/\/blogsaverroes.juntadeandalucia.es\/colegiorafaelalberti\/wp-json\/wp\/v2\/users\/3038"}],"replies":[{"embeddable":true,"href":"https:\/\/blogsaverroes.juntadeandalucia.es\/colegiorafaelalberti\/wp-json\/wp\/v2\/comments?post=521"}],"version-history":[{"count":3,"href":"https:\/\/blogsaverroes.juntadeandalucia.es\/colegiorafaelalberti\/wp-json\/wp\/v2\/posts\/521\/revisions"}],"predecessor-version":[{"id":536,"href":"https:\/\/blogsaverroes.juntadeandalucia.es\/colegiorafaelalberti\/wp-json\/wp\/v2\/posts\/521\/revisions\/536"}],"wp:attachment":[{"href":"https:\/\/blogsaverroes.juntadeandalucia.es\/colegiorafaelalberti\/wp-json\/wp\/v2\/media?parent=521"}],"wp:term":[{"taxonomy":"category","embeddable":true,"href":"https:\/\/blogsaverroes.juntadeandalucia.es\/colegiorafaelalberti\/wp-json\/wp\/v2\/categories?post=521"},{"taxonomy":"post_tag","embeddable":true,"href":"https:\/\/blogsaverroes.juntadeandalucia.es\/colegiorafaelalberti\/wp-json\/wp\/v2\/tags?post=521"}],"curies":[{"name":"wp","href":"https:\/\/api.w.org\/{rel}","templated":true}]}}