{"id":3167,"date":"2022-11-25T13:21:12","date_gmt":"2022-11-25T13:21:12","guid":{"rendered":"https:\/\/blogsaverroes.juntadeandalucia.es\/colegiorafaelaldehuela\/?p=3167"},"modified":"2022-11-25T13:21:12","modified_gmt":"2022-11-25T13:21:12","slug":"25-de-noviembre-dia-contra-la-violencia-de-genero","status":"publish","type":"post","link":"https:\/\/blogsaverroes.juntadeandalucia.es\/colegiorafaelaldehuela\/2022\/11\/25\/25-de-noviembre-dia-contra-la-violencia-de-genero\/","title":{"rendered":"25 de noviembre: D\u00eda contra la violencia de g\u00e9nero"},"content":{"rendered":"<p>El alumnado de sexto de primaria ha representado a nuestro centro en el acto que ha organizado el ayuntamiento para recordar a las v\u00edctimas de la violencia de g\u00e9nero.<\/p>\n<p>&nbsp;<\/p>\n<p>Adem\u00e1s se ha colgado un mural realizado por todo el alumnado del centro para no olvidar el signficado del d\u00eda de hoy y lo que queremos recordar.<\/p>\n<p>Se adjunta enlace para ver un v\u00eddeo resumen en la p\u00e1gina de Facebook, a la que pod\u00e9is seguir o hacer click en \u00abme gusta\u00bb<\/p>\n<p>https:\/\/fb.watch\/h0s9RKBar1\/<\/p>\n","protected":false},"excerpt":{"rendered":"<p>El alumnado de sexto de primaria ha representado a nuestro centro en el acto que ha organizado el ayuntamiento para recordar a las v\u00edctimas de la violencia de g\u00e9nero. &nbsp; Adem\u00e1s se ha colgado un mural realizado por todo el alumnado del centro para no olvidar el signficado del d\u00eda de hoy y lo que &hellip; <a href=\"https:\/\/blogsaverroes.juntadeandalucia.es\/colegiorafaelaldehuela\/2022\/11\/25\/25-de-noviembre-dia-contra-la-violencia-de-genero\/\" class=\"more-link\">Seguir leyendo <span class=\"screen-reader-text\">25 de noviembre: D\u00eda contra la violencia de g\u00e9nero<\/span> <span class=\"meta-nav\">&rarr;<\/span><\/a><\/p>\n","protected":false},"author":2764,"featured_media":0,"comment_status":"open","ping_status":"open","sticky":false,"template":"","format":"standard","meta":{"ngg_post_thumbnail":0,"footnotes":""},"categories":[11909],"tags":[],"aioseo_notices":[],"_links":{"self":[{"href":"https:\/\/blogsaverroes.juntadeandalucia.es\/colegiorafaelaldehuela\/wp-json\/wp\/v2\/posts\/3167"}],"collection":[{"href":"https:\/\/blogsaverroes.juntadeandalucia.es\/colegiorafaelaldehuela\/wp-json\/wp\/v2\/posts"}],"about":[{"href":"https:\/\/blogsaverroes.juntadeandalucia.es\/colegiorafaelaldehuela\/wp-json\/wp\/v2\/types\/post"}],"author":[{"embeddable":true,"href":"https:\/\/blogsaverroes.juntadeandalucia.es\/colegiorafaelaldehuela\/wp-json\/wp\/v2\/users\/2764"}],"replies":[{"embeddable":true,"href":"https:\/\/blogsaverroes.juntadeandalucia.es\/colegiorafaelaldehuela\/wp-json\/wp\/v2\/comments?post=3167"}],"version-history":[{"count":1,"href":"https:\/\/blogsaverroes.juntadeandalucia.es\/colegiorafaelaldehuela\/wp-json\/wp\/v2\/posts\/3167\/revisions"}],"predecessor-version":[{"id":3168,"href":"https:\/\/blogsaverroes.juntadeandalucia.es\/colegiorafaelaldehuela\/wp-json\/wp\/v2\/posts\/3167\/revisions\/3168"}],"wp:attachment":[{"href":"https:\/\/blogsaverroes.juntadeandalucia.es\/colegiorafaelaldehuela\/wp-json\/wp\/v2\/media?parent=3167"}],"wp:term":[{"taxonomy":"category","embeddable":true,"href":"https:\/\/blogsaverroes.juntadeandalucia.es\/colegiorafaelaldehuela\/wp-json\/wp\/v2\/categories?post=3167"},{"taxonomy":"post_tag","embeddable":true,"href":"https:\/\/blogsaverroes.juntadeandalucia.es\/colegiorafaelaldehuela\/wp-json\/wp\/v2\/tags?post=3167"}],"curies":[{"name":"wp","href":"https:\/\/api.w.org\/{rel}","templated":true}]}}