{"id":6079,"date":"2025-02-03T18:41:52","date_gmt":"2025-02-03T17:41:52","guid":{"rendered":"https:\/\/blogsaverroes.juntadeandalucia.es\/colegiorafaelaldehuela\/?p=6079"},"modified":"2025-02-03T18:47:36","modified_gmt":"2025-02-03T17:47:36","slug":"25-f-celebracion-del-carnaval","status":"publish","type":"post","link":"https:\/\/blogsaverroes.juntadeandalucia.es\/colegiorafaelaldehuela\/2025\/02\/03\/25-f-celebracion-del-carnaval\/","title":{"rendered":"25-F: Informaci\u00f3n sobre la celebraci\u00f3n del Carnaval"},"content":{"rendered":"<p>Un a\u00f1o m\u00e1s llega a nuestro Centro el Carnaval. Este a\u00f1o nuestra tem\u00e1tica ser\u00e1: \u00abM\u00c1QUINA&nbsp; DEL TIEMPO\u00bb, y se llevar\u00e1 acabo el pr\u00f3ximo 25 de febrero. El pasacalles que venimos haciendo desde hace varios a\u00f1os con el resto de Centros de la localidad y con la colaboraci\u00f3n del Ayuntamiento, tendr\u00e1 su salida del Parque Municipal a las 11:30 horas con el siguiente itinerario: Parque de la Fuensanta\/ Avda de Andaluc\u00eda Ascendente\/ Rotonda del D\u00eda\/ Calle Pe\u00f1uelas\/ Traves\u00eda de las Pe\u00f1uelas\/ Cuesta de los Zagales\/ Rotonda de los Zagales\/ Avda de Andaluc\u00eda Ascendente\/ Parque de la Fuensanta al Auditorio, donde tendr\u00e1 lugar un pase de modelos por Centro y niveles. En todo el recorrido y al finalizar este no faltar\u00e1 la m\u00fasica y la diversi\u00f3n.<\/p>\n","protected":false},"excerpt":{"rendered":"<p>Un a\u00f1o m\u00e1s llega a nuestro Centro el Carnaval. Este a\u00f1o nuestra tem\u00e1tica ser\u00e1: \u00abM\u00c1QUINA&nbsp; DEL TIEMPO\u00bb, y se llevar\u00e1 acabo el pr\u00f3ximo 25 de febrero. El pasacalles que venimos haciendo desde hace varios a\u00f1os con el resto de Centros de la localidad y con la colaboraci\u00f3n del Ayuntamiento, tendr\u00e1 su salida del Parque Municipal &hellip; <a href=\"https:\/\/blogsaverroes.juntadeandalucia.es\/colegiorafaelaldehuela\/2025\/02\/03\/25-f-celebracion-del-carnaval\/\" class=\"more-link\">Seguir leyendo <span class=\"screen-reader-text\">25-F: Informaci\u00f3n sobre la celebraci\u00f3n del Carnaval<\/span> <span class=\"meta-nav\">&rarr;<\/span><\/a><\/p>\n","protected":false},"author":2764,"featured_media":6080,"comment_status":"open","ping_status":"open","sticky":false,"template":"","format":"standard","meta":{"ngg_post_thumbnail":0,"footnotes":""},"categories":[5991,25490],"tags":[],"aioseo_notices":[],"_links":{"self":[{"href":"https:\/\/blogsaverroes.juntadeandalucia.es\/colegiorafaelaldehuela\/wp-json\/wp\/v2\/posts\/6079"}],"collection":[{"href":"https:\/\/blogsaverroes.juntadeandalucia.es\/colegiorafaelaldehuela\/wp-json\/wp\/v2\/posts"}],"about":[{"href":"https:\/\/blogsaverroes.juntadeandalucia.es\/colegiorafaelaldehuela\/wp-json\/wp\/v2\/types\/post"}],"author":[{"embeddable":true,"href":"https:\/\/blogsaverroes.juntadeandalucia.es\/colegiorafaelaldehuela\/wp-json\/wp\/v2\/users\/2764"}],"replies":[{"embeddable":true,"href":"https:\/\/blogsaverroes.juntadeandalucia.es\/colegiorafaelaldehuela\/wp-json\/wp\/v2\/comments?post=6079"}],"version-history":[{"count":2,"href":"https:\/\/blogsaverroes.juntadeandalucia.es\/colegiorafaelaldehuela\/wp-json\/wp\/v2\/posts\/6079\/revisions"}],"predecessor-version":[{"id":6085,"href":"https:\/\/blogsaverroes.juntadeandalucia.es\/colegiorafaelaldehuela\/wp-json\/wp\/v2\/posts\/6079\/revisions\/6085"}],"wp:featuredmedia":[{"embeddable":true,"href":"https:\/\/blogsaverroes.juntadeandalucia.es\/colegiorafaelaldehuela\/wp-json\/wp\/v2\/media\/6080"}],"wp:attachment":[{"href":"https:\/\/blogsaverroes.juntadeandalucia.es\/colegiorafaelaldehuela\/wp-json\/wp\/v2\/media?parent=6079"}],"wp:term":[{"taxonomy":"category","embeddable":true,"href":"https:\/\/blogsaverroes.juntadeandalucia.es\/colegiorafaelaldehuela\/wp-json\/wp\/v2\/categories?post=6079"},{"taxonomy":"post_tag","embeddable":true,"href":"https:\/\/blogsaverroes.juntadeandalucia.es\/colegiorafaelaldehuela\/wp-json\/wp\/v2\/tags?post=6079"}],"curies":[{"name":"wp","href":"https:\/\/api.w.org\/{rel}","templated":true}]}}