{"id":1619,"date":"2024-02-11T17:11:19","date_gmt":"2024-02-11T16:11:19","guid":{"rendered":"https:\/\/blogsaverroes.juntadeandalucia.es\/colegioramongarcia\/?p=1619"},"modified":"2024-02-11T21:31:10","modified_gmt":"2024-02-11T20:31:10","slug":"30-de-enero-dia-de-la-paz-en-el-ceip-ramon-garcia","status":"publish","type":"post","link":"https:\/\/blogsaverroes.juntadeandalucia.es\/colegioramongarcia\/2024\/02\/11\/30-de-enero-dia-de-la-paz-en-el-ceip-ramon-garcia\/","title":{"rendered":"30 de Enero D\u00cdA DE LA PAZ en el CEIP Ram\u00f3n Garc\u00eda."},"content":{"rendered":"<p>El pasado 3o de Enero celebramos en nuestro colegio el D\u00eda de la PAZ.<\/p>\n<p>Durante la semana el alumnado realiz\u00f3 una flor de papel de seda en su casa y en clase para la elaboraci\u00f3n de un precioso mural ideado para la celebraci\u00f3n de este d\u00eda por la coordinadora de Espacio de Paz, la Se\u00f1o Estefan\u00eda.<\/p>\n<p>Dar las gracias a todo el alumnado participante, al Ampa Ram\u00f3n Garc\u00eda y al profesorado que ha hecho posible la realizaci\u00f3n de esta obra de arte que ha dado color a la entrada de nuestro colegio. Cuando se unen colegio, familia y alumnado se consigue estos maravillosos resultados.<\/p>\n<p>En el siguiente enlace pod\u00e9is ver un montaje con frases de cada clase con lo que para su alumnado significa la PAZ. <a href=\"https:\/\/youtube.com\/watch?v=sIrZvmKqRZ8&amp;feature=shared\">https:\/\/youtube.com\/watch?v=sIrZvmKqRZ8&amp;feature=shared<\/a><\/p>\n<p>&nbsp;<\/p>\n<p><img loading=\"lazy\" decoding=\"async\" class=\"alignnone size-medium wp-image-1623\" src=\"https:\/\/blogsaverroes.juntadeandalucia.es\/colegioramongarcia\/files\/2024\/02\/WhatsApp-Image-2024-01-30-at-12.50.53-300x133.jpeg\" alt=\"\" width=\"300\" height=\"133\" srcset=\"https:\/\/blogsaverroes.juntadeandalucia.es\/colegioramongarcia\/files\/2024\/02\/WhatsApp-Image-2024-01-30-at-12.50.53-300x133.jpeg 300w, https:\/\/blogsaverroes.juntadeandalucia.es\/colegioramongarcia\/files\/2024\/02\/WhatsApp-Image-2024-01-30-at-12.50.53-1024x455.jpeg 1024w, https:\/\/blogsaverroes.juntadeandalucia.es\/colegioramongarcia\/files\/2024\/02\/WhatsApp-Image-2024-01-30-at-12.50.53-768x341.jpeg 768w, https:\/\/blogsaverroes.juntadeandalucia.es\/colegioramongarcia\/files\/2024\/02\/WhatsApp-Image-2024-01-30-at-12.50.53-1536x682.jpeg 1536w, https:\/\/blogsaverroes.juntadeandalucia.es\/colegioramongarcia\/files\/2024\/02\/WhatsApp-Image-2024-01-30-at-12.50.53.jpeg 1847w\" sizes=\"(max-width: 300px) 100vw, 300px\" \/><\/p>\n","protected":false},"excerpt":{"rendered":"<p>El pasado 3o de Enero celebramos en nuestro colegio el D\u00eda de la PAZ. Durante la semana el alumnado realiz\u00f3 una flor de papel de seda en su casa y en clase para la&#46;&#46;&#46;<\/p>\n","protected":false},"author":4815,"featured_media":0,"comment_status":"open","ping_status":"open","sticky":false,"template":"","format":"standard","meta":{"ngg_post_thumbnail":0,"footnotes":""},"categories":[11909],"tags":[],"aioseo_notices":[],"_links":{"self":[{"href":"https:\/\/blogsaverroes.juntadeandalucia.es\/colegioramongarcia\/wp-json\/wp\/v2\/posts\/1619"}],"collection":[{"href":"https:\/\/blogsaverroes.juntadeandalucia.es\/colegioramongarcia\/wp-json\/wp\/v2\/posts"}],"about":[{"href":"https:\/\/blogsaverroes.juntadeandalucia.es\/colegioramongarcia\/wp-json\/wp\/v2\/types\/post"}],"author":[{"embeddable":true,"href":"https:\/\/blogsaverroes.juntadeandalucia.es\/colegioramongarcia\/wp-json\/wp\/v2\/users\/4815"}],"replies":[{"embeddable":true,"href":"https:\/\/blogsaverroes.juntadeandalucia.es\/colegioramongarcia\/wp-json\/wp\/v2\/comments?post=1619"}],"version-history":[{"count":3,"href":"https:\/\/blogsaverroes.juntadeandalucia.es\/colegioramongarcia\/wp-json\/wp\/v2\/posts\/1619\/revisions"}],"predecessor-version":[{"id":1651,"href":"https:\/\/blogsaverroes.juntadeandalucia.es\/colegioramongarcia\/wp-json\/wp\/v2\/posts\/1619\/revisions\/1651"}],"wp:attachment":[{"href":"https:\/\/blogsaverroes.juntadeandalucia.es\/colegioramongarcia\/wp-json\/wp\/v2\/media?parent=1619"}],"wp:term":[{"taxonomy":"category","embeddable":true,"href":"https:\/\/blogsaverroes.juntadeandalucia.es\/colegioramongarcia\/wp-json\/wp\/v2\/categories?post=1619"},{"taxonomy":"post_tag","embeddable":true,"href":"https:\/\/blogsaverroes.juntadeandalucia.es\/colegioramongarcia\/wp-json\/wp\/v2\/tags?post=1619"}],"curies":[{"name":"wp","href":"https:\/\/api.w.org\/{rel}","templated":true}]}}