{"id":1022,"date":"2010-02-24T20:55:00","date_gmt":"2010-02-24T19:55:00","guid":{"rendered":"https:\/\/blogsaverroes.juntadeandalucia.es\/colegiovirgendelacabezacazorla\/discapacitados\/"},"modified":"2010-02-24T20:55:00","modified_gmt":"2010-02-24T19:55:00","slug":"discapacitados","status":"publish","type":"post","link":"https:\/\/blogsaverroes.juntadeandalucia.es\/colegiovirgendelacabezacazorla\/discapacitados\/","title":{"rendered":"DISCAPACITADOS"},"content":{"rendered":"<div style=\"clear: both;text-align: center\"><a href=\"https:\/\/blogger.googleusercontent.com\/img\/b\/R29vZ2xl\/AVvXsEg04YGgghrluouFf9cY3LqQk1gyyAmjuptjH0lb93fmsmZHxu7KbD09-Mz66EQ0gDxHL7FnZrwI0_EDgAzmsIaLFAkBzBDuhAO8ziKYgGSrC0RcSS7g5UHlCaKldySk5H_WeDA-vO3DIr8\/s1600-h\/DSCN2732.JPG\" style=\"margin-left: 1em;margin-right: 1em\"><img loading=\"lazy\" decoding=\"async\" border=\"0\" height=\"300\" src=\"https:\/\/blogger.googleusercontent.com\/img\/b\/R29vZ2xl\/AVvXsEg04YGgghrluouFf9cY3LqQk1gyyAmjuptjH0lb93fmsmZHxu7KbD09-Mz66EQ0gDxHL7FnZrwI0_EDgAzmsIaLFAkBzBDuhAO8ziKYgGSrC0RcSS7g5UHlCaKldySk5H_WeDA-vO3DIr8\/s400\/DSCN2732.JPG\" width=\"400\" \/><\/a><\/div>\n<div style=\",serif;text-align: justify\">\n<\/div>\n<div style=\",serif;text-align: justify\"><span style=\"font-size: small\">La semana pasada, mientras estabamos en clase, a las nueve y media, vino un profesor diciendo que ten\u00edamos que bajar al sal\u00f3n de actos, que hab\u00eda venido una mujer de la asociaci\u00f3n &#8220;Juan Martos&#8221;. Nosotros, cuando bajamos, nos sentamos en las sillas y las mujeres empezaron a presentarse. Una se llamaba Marce y la otra mujer Nieves. Eran muy amables.<\/p>\n<p>Primero nos dijeron que nos iban a ense\u00f1ar que era una discapacidad; ausencia de algo normal. Tambi\u00e9n nos explicaron de qu\u00e9 clases hab\u00eda. Una era sensoriales: la falta de los sentidos. Si te quedas ciego, sordo o mudo. Otra era ps\u00edquicas: si tienes s\u00edndrome de Down o algo parecido. Tambi\u00e9n estuvimos haciendo algunas actividades: una era hacerse como un ciego, otra pintar con la boca y otra hacer como si fueras mudo. Marce y Nieves se enfadaron un poco con nosotros porque no nos portamos muy bien, pero ese d\u00eda aprendimos las dificultades que tienen que pasar las personas discapacitadas.<\/span><\/div>\n<div style=\",serif;text-align: justify\"><span style=\"font-size: small\"><br \/>\n<\/span><\/div>\n<div style=\"text-align: right\"><span style=\"font-size: small\"><span style=\",serif\">Elena Castillo Agea &#8211; 4\u00ba A<\/span><\/span><\/div>\n<div style=\"text-align: center\">\n<\/div>\n<div style=\"clear: both;text-align: center\"><a href=\"https:\/\/blogger.googleusercontent.com\/img\/b\/R29vZ2xl\/AVvXsEhf-8oo3jqzNDHpZWACxaKmCJ2W4wR7jQEEtRnMPFnkM99okrcNYzxoru3pQ6JnzIeDbKJI2ef20SO4_SBNU66qY3tyuRvVKiF8-hh8qV4CGi4vjVvoMfHI6efPv3kbuYVUXjwyXpW457w\/s1600-h\/DSCN2737.JPG\" style=\"margin-left: 1em;margin-right: 1em\"><img loading=\"lazy\" decoding=\"async\" border=\"0\" height=\"300\" src=\"https:\/\/blogger.googleusercontent.com\/img\/b\/R29vZ2xl\/AVvXsEhf-8oo3jqzNDHpZWACxaKmCJ2W4wR7jQEEtRnMPFnkM99okrcNYzxoru3pQ6JnzIeDbKJI2ef20SO4_SBNU66qY3tyuRvVKiF8-hh8qV4CGi4vjVvoMfHI6efPv3kbuYVUXjwyXpW457w\/s400\/DSCN2737.JPG\" width=\"400\" \/><\/a>&nbsp;<\/div>\n<div style=\"clear: both;text-align: center\">\n<\/div>\n<div style=\"text-align: center\">\n<\/div>\n","protected":false},"excerpt":{"rendered":"<p>La semana pasada, mientras estabamos en clase, a las nueve y media, vino un profesor diciendo que ten\u00edamos que bajar al sal\u00f3n de actos, que hab\u00eda venido una mujer de la asociaci\u00f3n &#8220;Juan Martos&#8221;.&#46;&#46;&#46;<\/p>\n","protected":false},"author":11708,"featured_media":0,"comment_status":"closed","ping_status":"open","sticky":false,"template":"","format":"standard","meta":{"ngg_post_thumbnail":0,"footnotes":""},"categories":[14],"tags":[],"aioseo_notices":[],"_links":{"self":[{"href":"https:\/\/blogsaverroes.juntadeandalucia.es\/colegiovirgendelacabezacazorla\/wp-json\/wp\/v2\/posts\/1022"}],"collection":[{"href":"https:\/\/blogsaverroes.juntadeandalucia.es\/colegiovirgendelacabezacazorla\/wp-json\/wp\/v2\/posts"}],"about":[{"href":"https:\/\/blogsaverroes.juntadeandalucia.es\/colegiovirgendelacabezacazorla\/wp-json\/wp\/v2\/types\/post"}],"author":[{"embeddable":true,"href":"https:\/\/blogsaverroes.juntadeandalucia.es\/colegiovirgendelacabezacazorla\/wp-json\/wp\/v2\/users\/11708"}],"replies":[{"embeddable":true,"href":"https:\/\/blogsaverroes.juntadeandalucia.es\/colegiovirgendelacabezacazorla\/wp-json\/wp\/v2\/comments?post=1022"}],"version-history":[{"count":0,"href":"https:\/\/blogsaverroes.juntadeandalucia.es\/colegiovirgendelacabezacazorla\/wp-json\/wp\/v2\/posts\/1022\/revisions"}],"wp:attachment":[{"href":"https:\/\/blogsaverroes.juntadeandalucia.es\/colegiovirgendelacabezacazorla\/wp-json\/wp\/v2\/media?parent=1022"}],"wp:term":[{"taxonomy":"category","embeddable":true,"href":"https:\/\/blogsaverroes.juntadeandalucia.es\/colegiovirgendelacabezacazorla\/wp-json\/wp\/v2\/categories?post=1022"},{"taxonomy":"post_tag","embeddable":true,"href":"https:\/\/blogsaverroes.juntadeandalucia.es\/colegiovirgendelacabezacazorla\/wp-json\/wp\/v2\/tags?post=1022"}],"curies":[{"name":"wp","href":"https:\/\/api.w.org\/{rel}","templated":true}]}}