{"id":1068,"date":"2009-10-29T19:49:00","date_gmt":"2009-10-29T18:49:00","guid":{"rendered":"https:\/\/blogsaverroes.juntadeandalucia.es\/colegiovirgendelacabezacazorla\/dos-delegadas-visitan-el-colegio\/"},"modified":"2009-10-29T19:49:00","modified_gmt":"2009-10-29T18:49:00","slug":"dos-delegadas-visitan-el-colegio","status":"publish","type":"post","link":"https:\/\/blogsaverroes.juntadeandalucia.es\/colegiovirgendelacabezacazorla\/dos-delegadas-visitan-el-colegio\/","title":{"rendered":"DOS DELEGADAS VISITAN EL COLEGIO"},"content":{"rendered":"<div style=\"clear: both;text-align: center\"><a href=\"https:\/\/blogger.googleusercontent.com\/img\/b\/R29vZ2xl\/AVvXsEihSg6dMULR4a5AS1o3Uae1UEVNGvBKf5q-OkLvEuHhbqc0OIngV48jyXxErNsLelG_N-WXSzSLZRG67WFuolZ3yzoqlSsYsRZS6Ue_xrULMg0EULxCcec8fq7clKyd9L4PefFazpGDhEM\/s1600-h\/1256812195208_dscf8405cazorla.jpg\" style=\"margin-left: 1em;margin-right: 1em\"><img decoding=\"async\" border=\"0\" src=\"https:\/\/blogger.googleusercontent.com\/img\/b\/R29vZ2xl\/AVvXsEihSg6dMULR4a5AS1o3Uae1UEVNGvBKf5q-OkLvEuHhbqc0OIngV48jyXxErNsLelG_N-WXSzSLZRG67WFuolZ3yzoqlSsYsRZS6Ue_xrULMg0EULxCcec8fq7clKyd9L4PefFazpGDhEM\/s400\/1256812195208_dscf8405cazorla.jpg\" \/><\/a>\n<\/div>\n<div style=\"text-align: center\">\n<\/div>\n<div style=\"text-align: justify\">La Delegada del Gobierno, Teresa Vega, visita las obras que con cargo al Proteja se est\u00e1n realizando en colegios y calles de Cazorla con una inversi\u00f3n de 223.000 euros y que han permitido la creaci\u00f3n de 20 puestos de trabajo. Concretamente en el C.E.I.P. \u201cVirgen de la Cabeza\u201d, se est\u00e1 construyendo un comedor y un gimnasio. La delegada estuvo acompa\u00f1ada de la Delegada Provincial de Educaci\u00f3n, Angustias Mar\u00eda Rodr\u00edguez, y del alcalde de Cazorla, Antonio Jos\u00e9 Rodr\u00edguez.<\/p>\n<\/div>\n","protected":false},"excerpt":{"rendered":"<p>La Delegada del Gobierno, Teresa Vega, visita las obras que con cargo al Proteja se est\u00e1n realizando en colegios y calles de Cazorla con una inversi\u00f3n de 223.000 euros y que han permitido la&#46;&#46;&#46;<\/p>\n","protected":false},"author":11708,"featured_media":0,"comment_status":"closed","ping_status":"open","sticky":false,"template":"","format":"standard","meta":{"ngg_post_thumbnail":0,"footnotes":""},"categories":[34],"tags":[],"aioseo_notices":[],"_links":{"self":[{"href":"https:\/\/blogsaverroes.juntadeandalucia.es\/colegiovirgendelacabezacazorla\/wp-json\/wp\/v2\/posts\/1068"}],"collection":[{"href":"https:\/\/blogsaverroes.juntadeandalucia.es\/colegiovirgendelacabezacazorla\/wp-json\/wp\/v2\/posts"}],"about":[{"href":"https:\/\/blogsaverroes.juntadeandalucia.es\/colegiovirgendelacabezacazorla\/wp-json\/wp\/v2\/types\/post"}],"author":[{"embeddable":true,"href":"https:\/\/blogsaverroes.juntadeandalucia.es\/colegiovirgendelacabezacazorla\/wp-json\/wp\/v2\/users\/11708"}],"replies":[{"embeddable":true,"href":"https:\/\/blogsaverroes.juntadeandalucia.es\/colegiovirgendelacabezacazorla\/wp-json\/wp\/v2\/comments?post=1068"}],"version-history":[{"count":0,"href":"https:\/\/blogsaverroes.juntadeandalucia.es\/colegiovirgendelacabezacazorla\/wp-json\/wp\/v2\/posts\/1068\/revisions"}],"wp:attachment":[{"href":"https:\/\/blogsaverroes.juntadeandalucia.es\/colegiovirgendelacabezacazorla\/wp-json\/wp\/v2\/media?parent=1068"}],"wp:term":[{"taxonomy":"category","embeddable":true,"href":"https:\/\/blogsaverroes.juntadeandalucia.es\/colegiovirgendelacabezacazorla\/wp-json\/wp\/v2\/categories?post=1068"},{"taxonomy":"post_tag","embeddable":true,"href":"https:\/\/blogsaverroes.juntadeandalucia.es\/colegiovirgendelacabezacazorla\/wp-json\/wp\/v2\/tags?post=1068"}],"curies":[{"name":"wp","href":"https:\/\/api.w.org\/{rel}","templated":true}]}}