{"id":582,"date":"2023-09-02T10:27:00","date_gmt":"2023-09-02T09:27:00","guid":{"rendered":"https:\/\/blogsaverroes.juntadeandalucia.es\/colegiovirgendelacabezacazorla\/excursion-2o-ciclo-2023\/"},"modified":"2023-09-02T10:27:00","modified_gmt":"2023-09-02T09:27:00","slug":"excursion-2o-ciclo-2023","status":"publish","type":"post","link":"https:\/\/blogsaverroes.juntadeandalucia.es\/colegiovirgendelacabezacazorla\/excursion-2o-ciclo-2023\/","title":{"rendered":"Excursi\u00f3n 2\u00ba ciclo 2023"},"content":{"rendered":"<div style=\"background-color: white;color: #050505;margin: 0px\">\n<div style=\"text-align: left\"><span style=\"font-family: Roboto;font-size: medium\">Los ni\u00f1os de 3\u00ba y 4\u00ba realizaron ayer una excursi\u00f3n a P\u00ed\u00f1ar (Granada).<br \/><\/span><span style=\"font-family: Roboto;font-size: medium\">Visitaron el centro de Turismo rural \u201cEl Castillo\u201d.<\/span><\/div>\n<div style=\"text-align: left\"><span style=\"font-family: Roboto;font-size: medium\"><br \/><\/span><span style=\"font-family: Roboto;font-size: medium\">Disfrutaron diversos talleres: exhibici\u00f3n de aves rapaces en vuelo, aprendieron sus caracter\u00edsticas e incluso pudieron cogerlas.<\/span><\/div>\n<div style=\"text-align: left\"><span style=\"font-family: Roboto;font-size: medium\"><br \/><\/span><span style=\"font-family: Roboto;font-size: medium\">Tambi\u00e9n estuvieron con los animales de la granja: avestruces, pavos reales, gallinas, conejos, cabras\u2026<\/span><\/div>\n<div style=\"text-align: left\"><span style=\"font-family: Roboto;font-size: medium\"><br \/><\/span><span style=\"font-family: Roboto;font-size: medium\">Montaron en el tren tur\u00edstico para recorrer el pueblo y subir a visitar \u201cLas Cuevas de la Ventanas\u201d: de gran inter\u00e9s prehist\u00f3rico, habitadas en el neol\u00edtico y declaradas monumento natural de Andaluc\u00eda, accesibles, sin barreras arquitect\u00f3nicas. <\/span><\/div>\n<div style=\"text-align: left\"><span style=\"font-family: Roboto;font-size: medium\"><br \/><\/span><span style=\"font-family: Roboto;font-size: medium\">Las cuevas tienen unas formaciones preciosas y algunas recuerdan formas zoomorfas (cabeza de le\u00f3n). Hay estalactitas, restos f\u00f3siles, rituales funerarios\u2026Y figuras de tama\u00f1o real realizando las tareas de la \u00e9poca. <\/span><\/div>\n<div style=\"text-align: left\"><span style=\"font-family: Roboto;font-size: medium\"><br \/><\/span><span style=\"font-family: Roboto;font-size: medium\">La gu\u00eda que nos acompa\u00f1\u00f3 nos explic\u00f3 todo con detalle.<\/span><\/div>\n<div style=\"text-align: left\"><span style=\"font-family: Roboto;font-size: medium\"><br \/><\/span><span style=\"font-family: Roboto;font-size: medium\">De regreso al centro \u201cEl Castillo\u201d asistieron a un taller de prehistoria donde tuvieron la posibilidad de realizar herramientas prehist\u00f3ricas puliendo la piedra (s\u00edlex) t\u00edpica de la cueva.<span style=\"background-color: transparent\">&nbsp;<\/span><\/span><\/p>\n<div style=\"clear: both;text-align: center\"><a href=\"https:\/\/blogger.googleusercontent.com\/img\/b\/R29vZ2xl\/AVvXsEjCihSQqYAIi_uxNTxgz1trdvfrvsKuGPJy7vWaBcaqw03b0_ZjOOUN4Yy1_e6PHuVbn99_7-nT0ZGsPBVzz-evyvrdt3FYgleK6vyFThpw_7DqN_OfkrLYS14GytI5sJgXdE8Jv5Lx8BSRwn4Y6ZAeOKXZLR6qjC9xxsP3tO3yU7HXL4QqwP0S9fASs84\/s600\/350815462_267335979030877_4193373282322978866_n.jpg\" style=\"margin-left: 1em;margin-right: 1em\"><img loading=\"lazy\" decoding=\"async\" border=\"0\" data-original-height=\"450\" data-original-width=\"600\" height=\"240\" src=\"https:\/\/blogger.googleusercontent.com\/img\/b\/R29vZ2xl\/AVvXsEjCihSQqYAIi_uxNTxgz1trdvfrvsKuGPJy7vWaBcaqw03b0_ZjOOUN4Yy1_e6PHuVbn99_7-nT0ZGsPBVzz-evyvrdt3FYgleK6vyFThpw_7DqN_OfkrLYS14GytI5sJgXdE8Jv5Lx8BSRwn4Y6ZAeOKXZLR6qjC9xxsP3tO3yU7HXL4QqwP0S9fASs84\/s320\/350815462_267335979030877_4193373282322978866_n.jpg\" width=\"320\" \/><\/a><\/div>\n<div style=\"clear: both;text-align: center\"><\/div>\n<div style=\"clear: both;text-align: center\">(m\u00e1s fotos <a href=\"https:\/\/photos.app.goo.gl\/D4wbFoQ1CYVe18nN8\" target=\"_blank\" rel=\"noopener\">aqu\u00ed<\/a>)<\/div>\n<\/div>\n<\/div>\n","protected":false},"excerpt":{"rendered":"<p>Los ni\u00f1os de 3\u00ba y 4\u00ba realizaron ayer una excursi\u00f3n a P\u00ed\u00f1ar (Granada).Visitaron el centro de Turismo rural \u201cEl Castillo\u201d. Disfrutaron diversos talleres: exhibici\u00f3n de aves rapaces en vuelo, aprendieron sus caracter\u00edsticas e incluso&#46;&#46;&#46;<\/p>\n","protected":false},"author":11708,"featured_media":0,"comment_status":"closed","ping_status":"open","sticky":false,"template":"","format":"standard","meta":{"ngg_post_thumbnail":0,"footnotes":""},"categories":[1],"tags":[],"aioseo_notices":[],"_links":{"self":[{"href":"https:\/\/blogsaverroes.juntadeandalucia.es\/colegiovirgendelacabezacazorla\/wp-json\/wp\/v2\/posts\/582"}],"collection":[{"href":"https:\/\/blogsaverroes.juntadeandalucia.es\/colegiovirgendelacabezacazorla\/wp-json\/wp\/v2\/posts"}],"about":[{"href":"https:\/\/blogsaverroes.juntadeandalucia.es\/colegiovirgendelacabezacazorla\/wp-json\/wp\/v2\/types\/post"}],"author":[{"embeddable":true,"href":"https:\/\/blogsaverroes.juntadeandalucia.es\/colegiovirgendelacabezacazorla\/wp-json\/wp\/v2\/users\/11708"}],"replies":[{"embeddable":true,"href":"https:\/\/blogsaverroes.juntadeandalucia.es\/colegiovirgendelacabezacazorla\/wp-json\/wp\/v2\/comments?post=582"}],"version-history":[{"count":0,"href":"https:\/\/blogsaverroes.juntadeandalucia.es\/colegiovirgendelacabezacazorla\/wp-json\/wp\/v2\/posts\/582\/revisions"}],"wp:attachment":[{"href":"https:\/\/blogsaverroes.juntadeandalucia.es\/colegiovirgendelacabezacazorla\/wp-json\/wp\/v2\/media?parent=582"}],"wp:term":[{"taxonomy":"category","embeddable":true,"href":"https:\/\/blogsaverroes.juntadeandalucia.es\/colegiovirgendelacabezacazorla\/wp-json\/wp\/v2\/categories?post=582"},{"taxonomy":"post_tag","embeddable":true,"href":"https:\/\/blogsaverroes.juntadeandalucia.es\/colegiovirgendelacabezacazorla\/wp-json\/wp\/v2\/tags?post=582"}],"curies":[{"name":"wp","href":"https:\/\/api.w.org\/{rel}","templated":true}]}}