{"id":585,"date":"2023-07-07T12:48:00","date_gmt":"2023-07-07T11:48:00","guid":{"rendered":"https:\/\/blogsaverroes.juntadeandalucia.es\/colegiovirgendelacabezacazorla\/excursion-5o-primaria-2023\/"},"modified":"2023-07-07T12:48:00","modified_gmt":"2023-07-07T11:48:00","slug":"excursion-5o-primaria-2023","status":"publish","type":"post","link":"https:\/\/blogsaverroes.juntadeandalucia.es\/colegiovirgendelacabezacazorla\/excursion-5o-primaria-2023\/","title":{"rendered":"Excursi\u00f3n 5\u00ba Primaria (2023)"},"content":{"rendered":"<p><span style=\"font-family: Roboto;font-size: medium\"><span style=\"background-color: white;color: #050505\">\u00a1Viaje de fin de curso de nuestro alumnado de 5\u00b0! <\/span><span style=\"background-color: white;color: #050505\">El primer d\u00eda realizaron un viaje cultural por Sevilla para visitar los principales monumentos de la ciudad <\/span><span style=\"background-color: white;color: #050505\">y dar un paseo por el r\u00edo Guadalquivir<\/span><span style=\"background-color: white;color: #050505\">, segundo toc\u00f3 algo de diversi\u00f3n en el Parque de Isla M\u00e1gica.<\/span><span style=\"background-color: white;color: #050505;height: 16px;margin: 0px 1px;vertical-align: middle;width: 16px\"><\/span><\/span><\/p>\n<p><span style=\"font-family: Roboto;font-size: medium\"><span style=\"background-color: white;color: #050505\">Sin duda&#8230;\u00a1una excursi\u00f3n para el recuerdo!<\/span>&nbsp;<\/span><\/p>\n<\/p>\n<div style=\"clear: both;text-align: center\"><a href=\"https:\/\/blogger.googleusercontent.com\/img\/b\/R29vZ2xl\/AVvXsEidER5Z4ij_pLhT9eQJ_6bj2oO9OSrNLT7-AizNR_l2wltjW13zBEsocSfnidw6XICEFIHq_esCjeqlg6wHZSFpyfkdslN7mzhP00paqAFN6p2YqaUiGZ3re2_TsqLpqvoFsxRE3WC5u0ihJDRVbQFcmqOK4itIkycA3DS7tlwrMG47_TefFW2xakEdh_M\/s2048\/345282524_761082978825166_6074455070588575346_n.jpg\" style=\"margin-left: 1em;margin-right: 1em\"><img loading=\"lazy\" decoding=\"async\" border=\"0\" data-original-height=\"1536\" data-original-width=\"2048\" height=\"240\" src=\"https:\/\/blogger.googleusercontent.com\/img\/b\/R29vZ2xl\/AVvXsEidER5Z4ij_pLhT9eQJ_6bj2oO9OSrNLT7-AizNR_l2wltjW13zBEsocSfnidw6XICEFIHq_esCjeqlg6wHZSFpyfkdslN7mzhP00paqAFN6p2YqaUiGZ3re2_TsqLpqvoFsxRE3WC5u0ihJDRVbQFcmqOK4itIkycA3DS7tlwrMG47_TefFW2xakEdh_M\/s320\/345282524_761082978825166_6074455070588575346_n.jpg\" width=\"320\" \/><\/a><\/div>\n<div style=\"clear: both;text-align: center\"><\/div>\n<div style=\"clear: both;text-align: center\">(m\u00e1s fotos <a href=\"https:\/\/photos.app.goo.gl\/sPo2oMEKPPBTWfbx8\" target=\"_blank\" rel=\"noopener\">aqu\u00ed<\/a>)<\/div>\n<p><span style=\"font-family: Roboto;font-size: medium\"><br \/><\/span><\/p>\n","protected":false},"excerpt":{"rendered":"<p>\u00a1Viaje de fin de curso de nuestro alumnado de 5\u00b0! El primer d\u00eda realizaron un viaje cultural por Sevilla para visitar los principales monumentos de la ciudad y dar un paseo por el r\u00edo&#46;&#46;&#46;<\/p>\n","protected":false},"author":11708,"featured_media":0,"comment_status":"closed","ping_status":"open","sticky":false,"template":"","format":"standard","meta":{"ngg_post_thumbnail":0,"footnotes":""},"categories":[1],"tags":[],"aioseo_notices":[],"_links":{"self":[{"href":"https:\/\/blogsaverroes.juntadeandalucia.es\/colegiovirgendelacabezacazorla\/wp-json\/wp\/v2\/posts\/585"}],"collection":[{"href":"https:\/\/blogsaverroes.juntadeandalucia.es\/colegiovirgendelacabezacazorla\/wp-json\/wp\/v2\/posts"}],"about":[{"href":"https:\/\/blogsaverroes.juntadeandalucia.es\/colegiovirgendelacabezacazorla\/wp-json\/wp\/v2\/types\/post"}],"author":[{"embeddable":true,"href":"https:\/\/blogsaverroes.juntadeandalucia.es\/colegiovirgendelacabezacazorla\/wp-json\/wp\/v2\/users\/11708"}],"replies":[{"embeddable":true,"href":"https:\/\/blogsaverroes.juntadeandalucia.es\/colegiovirgendelacabezacazorla\/wp-json\/wp\/v2\/comments?post=585"}],"version-history":[{"count":0,"href":"https:\/\/blogsaverroes.juntadeandalucia.es\/colegiovirgendelacabezacazorla\/wp-json\/wp\/v2\/posts\/585\/revisions"}],"wp:attachment":[{"href":"https:\/\/blogsaverroes.juntadeandalucia.es\/colegiovirgendelacabezacazorla\/wp-json\/wp\/v2\/media?parent=585"}],"wp:term":[{"taxonomy":"category","embeddable":true,"href":"https:\/\/blogsaverroes.juntadeandalucia.es\/colegiovirgendelacabezacazorla\/wp-json\/wp\/v2\/categories?post=585"},{"taxonomy":"post_tag","embeddable":true,"href":"https:\/\/blogsaverroes.juntadeandalucia.es\/colegiovirgendelacabezacazorla\/wp-json\/wp\/v2\/tags?post=585"}],"curies":[{"name":"wp","href":"https:\/\/api.w.org\/{rel}","templated":true}]}}