{"id":707,"date":"2019-05-03T09:46:00","date_gmt":"2019-05-03T08:46:00","guid":{"rendered":"https:\/\/blogsaverroes.juntadeandalucia.es\/colegiovirgendelacabezacazorla\/dia-del-libro\/"},"modified":"2019-05-03T09:46:00","modified_gmt":"2019-05-03T08:46:00","slug":"dia-del-libro","status":"publish","type":"post","link":"https:\/\/blogsaverroes.juntadeandalucia.es\/colegiovirgendelacabezacazorla\/dia-del-libro\/","title":{"rendered":"D\u00cdA DEL LIBRO"},"content":{"rendered":"<div style=\"clear: both;text-align: center\">\n<a href=\"https:\/\/blogger.googleusercontent.com\/img\/b\/R29vZ2xl\/AVvXsEjbkFF0oyLPgDGIFppVfh-ZpNiEaI6xGaTz7aB-J3hK4QaJyyM9Zh5Zq1ln-mW_kI9fbK1pzmweasj_tOitQIXQrx0yxlTkCHmPSGDHDhwWE9uQv7IWvtHoXIRg55IRTkPb24EcW3LkdkM\/s1600\/IMG-20190502-WA0059.jpg\" style=\"margin-left: 1em;margin-right: 1em\"><img loading=\"lazy\" decoding=\"async\" border=\"0\" data-original-height=\"1200\" data-original-width=\"1600\" height=\"480\" src=\"https:\/\/blogger.googleusercontent.com\/img\/b\/R29vZ2xl\/AVvXsEjbkFF0oyLPgDGIFppVfh-ZpNiEaI6xGaTz7aB-J3hK4QaJyyM9Zh5Zq1ln-mW_kI9fbK1pzmweasj_tOitQIXQrx0yxlTkCHmPSGDHDhwWE9uQv7IWvtHoXIRg55IRTkPb24EcW3LkdkM\/s640\/IMG-20190502-WA0059.jpg\" width=\"640\" \/><\/a><\/div>\n<div style=\"text-align: center\">\n<\/div>\n<p><\/p>\n<div style=\"font-family: Calibri,sans-serif;font-size: 11pt;line-height: 115%;margin: 0cm 0cm 10pt;text-align: justify\">\nDesde el CEIP Virgen de la Cabeza<br \/>\nqueremos que la lectura sea una actividad atractiva y motivadora para el<br \/>\nalumnado. En nuestro d\u00eda a d\u00eda ocupa un lugar muy importante, por eso en este<br \/>\nD\u00eda del Libro 2019 quisimos celebrarlo a lo grande: conociendo los libros<br \/>\ncl\u00e1sicos de literatura infantil y juvenil.<\/div>\n<div style=\"font-family: Calibri,sans-serif;font-size: 11pt;line-height: 115%;margin: 0cm 0cm 10pt;text-align: justify\">\nDurante las semanas previas al 23<br \/>\nde abril cada una de las clases fueron eligiendo uno de los libros cl\u00e1sicos<br \/>\npara trabajar en clase. Se leyeron libros como: <i>Los tres cerditos, Pinocho, Peter Pan, El mago de Oz, Platero y yo,<br \/>\nCharlie y la f\u00e1brica de chocolate, Alicia en el Pa\u00eds de las Maravillas, La<br \/>\nvuelta al mundo en ochenta d\u00edas, El enfermo imaginario, Matilda y El gato con<br \/>\nbotas<\/i>.<\/div>\n<div style=\"font-family: Calibri,sans-serif;font-size: 11pt;line-height: 115%;margin: 0cm 0cm 10pt;text-align: justify\">\nLa semana del 23 de abril se<br \/>\npintaron murales de cada uno de los libros le\u00eddos y, por ciclos, se fue rotando<br \/>\npor las clases para conocer las lecturas de las dem\u00e1s clases y se realizaron<br \/>\nmanualidades y trabajos relacionados con las lecturas.<\/div>\n<div style=\"font-family: Calibri,sans-serif;font-size: 11pt;line-height: 115%;margin: 0cm 0cm 10pt;text-align: justify\">\nCon los murales nuestro patio ha<br \/>\nquedado colorido y chul\u00edsimo. Esto no podr\u00eda haberse realizado sin la ayuda de<br \/>\nlas madres que voluntariamente vinieron a marcar nuestros dibujos previamente y<br \/>\notras que ayudaron a realizar algunas de las manualidades y actividades de los<br \/>\nmaestros, que han realizado un gran esfuerzo para llevarlo a cabo.<\/div>\n<div style=\"text-align: justify\">\n<\/div>\n<div style=\"font-family: Calibri,sans-serif;font-size: 11pt;line-height: 115%;margin: 0cm 0cm 10pt;text-align: justify\">\n&#8220;Si quieres aventura, l\u00e1nzate a la lectura&#8221;.<\/p>\n<div style=\"text-align: center\">\n<a href=\"https:\/\/photos.app.goo.gl\/ZhLs6ieX7cQm7KWE6\" target=\"_blank\" rel=\"noopener\">M\u00c1S FOTOGRAF\u00cdAS AQU\u00cd.<\/a><\/div>\n<\/div>\n","protected":false},"excerpt":{"rendered":"<p>Desde el CEIP Virgen de la Cabeza queremos que la lectura sea una actividad atractiva y motivadora para el alumnado. En nuestro d\u00eda a d\u00eda ocupa un lugar muy importante, por eso en este&#46;&#46;&#46;<\/p>\n","protected":false},"author":11708,"featured_media":0,"comment_status":"closed","ping_status":"open","sticky":false,"template":"","format":"standard","meta":{"ngg_post_thumbnail":0,"footnotes":""},"categories":[1],"tags":[],"aioseo_notices":[],"_links":{"self":[{"href":"https:\/\/blogsaverroes.juntadeandalucia.es\/colegiovirgendelacabezacazorla\/wp-json\/wp\/v2\/posts\/707"}],"collection":[{"href":"https:\/\/blogsaverroes.juntadeandalucia.es\/colegiovirgendelacabezacazorla\/wp-json\/wp\/v2\/posts"}],"about":[{"href":"https:\/\/blogsaverroes.juntadeandalucia.es\/colegiovirgendelacabezacazorla\/wp-json\/wp\/v2\/types\/post"}],"author":[{"embeddable":true,"href":"https:\/\/blogsaverroes.juntadeandalucia.es\/colegiovirgendelacabezacazorla\/wp-json\/wp\/v2\/users\/11708"}],"replies":[{"embeddable":true,"href":"https:\/\/blogsaverroes.juntadeandalucia.es\/colegiovirgendelacabezacazorla\/wp-json\/wp\/v2\/comments?post=707"}],"version-history":[{"count":0,"href":"https:\/\/blogsaverroes.juntadeandalucia.es\/colegiovirgendelacabezacazorla\/wp-json\/wp\/v2\/posts\/707\/revisions"}],"wp:attachment":[{"href":"https:\/\/blogsaverroes.juntadeandalucia.es\/colegiovirgendelacabezacazorla\/wp-json\/wp\/v2\/media?parent=707"}],"wp:term":[{"taxonomy":"category","embeddable":true,"href":"https:\/\/blogsaverroes.juntadeandalucia.es\/colegiovirgendelacabezacazorla\/wp-json\/wp\/v2\/categories?post=707"},{"taxonomy":"post_tag","embeddable":true,"href":"https:\/\/blogsaverroes.juntadeandalucia.es\/colegiovirgendelacabezacazorla\/wp-json\/wp\/v2\/tags?post=707"}],"curies":[{"name":"wp","href":"https:\/\/api.w.org\/{rel}","templated":true}]}}