{"id":951,"date":"2011-09-16T08:10:00","date_gmt":"2011-09-16T07:10:00","guid":{"rendered":"https:\/\/blogsaverroes.juntadeandalucia.es\/colegiovirgendelacabezacazorla\/maestros\/"},"modified":"2011-09-16T08:10:00","modified_gmt":"2011-09-16T07:10:00","slug":"maestros","status":"publish","type":"post","link":"https:\/\/blogsaverroes.juntadeandalucia.es\/colegiovirgendelacabezacazorla\/maestros\/","title":{"rendered":"MAESTROS"},"content":{"rendered":"<div style=\"text-align: justify\">Si repasamos nuestra vida podemos descubrir cu\u00e1nto le debemos a los  maestros y los profesores que se han cruzado en nuestro camino: no puedo  olvidar a la maestra que me ense\u00f1\u00f3 a leer y a escribir en P\u00e1rvulos, a  los que estuvieron conmigo durante la E.G.B., a los que luego en el  Instituto acrecentaron mi amor por cosas que hoy me gustan tanto. Son  muchos nombres que me vienen a la memoria, muchas personas a las que  profeso un agradecimiento sincero porque s\u00e9 lo mucho que les debo y  porque estoy convencido de que tambi\u00e9n me ense\u00f1aron a ser mejor persona.  Y adem\u00e1s me niego a olvidar que pude estudiar en la Universidad porque  hab\u00eda becas del Estado para los hijos de los trabajadores. Confeso  creyente de la educaci\u00f3n p\u00fablica, me acuerdo mucho de los maestros en  este inicio del curso escolar en el que parece que un pa\u00eds que sostiene  decenas de televisiones auton\u00f3micas y locales e instituciones tan  in\u00fatiles como el Senado, no puede garantizar un m\u00ednimo de calidad y de  decencia en sus escuelas p\u00fablicas. <\/p>\n<p>Me acuerdo de mis maestros de la infancia y de la adolescencia y pienso  en esos maestros a los que este septiembre de 2011 se les tiene que  estar haciendo muy cuesta arriba. Hasta ahora hab\u00edan tenido que soportar  trabajar en centros escolares que en muchos casos no han sido mejorados  desde que se construyeron hacen treinta o cuarenta a\u00f1os, o que se  instalaron provisionalmente en barracones de obra y todav\u00eda siguen all\u00ed.  Hasta ahora hab\u00edan tenido que soportar que los padres de cualquier  criatura se personasen en el centro escolar y les gritaran o incluso los  golpeara por haber suspendido a su ni\u00f1o. Nadie ha pensado nunca en las  horas que tuvieron que dedicar, cuando eran j\u00f3venes, a estudiar una  carrera y a preparar unas oposiciones, y constantemente se les reprocha  lo que cobran (a m\u00e1s de 1.500 euros mensuales se llega a fuerza de  muchos trienios) y lo bien que viven. La puntilla, sin embargo, se la  han dado Esperanza Aguirre y Ana Botella, que tras el ba\u00f1o de  espiritualidad que se dieron durante la visita de Benedicto XVI, vuelven  a la carga con \u00e1nimos redoblados. Qu\u00e9 \u00edntima desolaci\u00f3n he sentido  desde que las o\u00ed tachar a los maestros y profesores poco menos que de  vagos y de insolidarios, y qu\u00e9 tristeza m\u00e1s grande al entender que le  estaban ofreciendo carnaza a una sociedad que desprecia a los maestros y  a la que los pol\u00edticos le dan argumentos para actualizar la vieja y  odiosa creencia de que viven de puta madre y disfrutan de unas  vacaciones de \u00f3rdago. Despu\u00e9s de lo que dijo Esperanza Aguirre me  imagino al maestro de turno soportando que un padre le grite que \u00e9l, que  gana como un ministro y trabaja como un cura, no puede decirle c\u00f3mo  tiene que comportarse su hijo en el aula ni cu\u00e1nto tiene que esforzarse  para aprobar y que lo que tiene que hacer es trabajar m\u00e1s y predicar  menos. Aguirre y Botella han dejado a los maestros y a los profesores  desnudos frente a las inclemencias de una sociedad que ya de por s\u00ed  valoraba muy poco su valios\u00edsimo trabajo.<\/p>\n<p>Es dif\u00edcil que este pa\u00eds pueda acabar con atrocidades como la del toro  de la Vega de Tordesillas mientras su escuela p\u00fablica es puesta en la  picota por quienes m\u00e1s obligados est\u00e1n a cuidarla y mejorarla. La  educaci\u00f3n p\u00fablica, con sus maestros y sus becas y sus colegios humildes  que no pueden competir con los pomposos centros privados y concertados,  es el elemento central del Estado del Bienestar: ha sido la educaci\u00f3n  p\u00fablica la que ha permitido reducir las desigualdades entre clases y la  que ha posibilitado el m\u00ednimo ascenso social que se ha producido en  Espa\u00f1a. Ahora que vienen dispuestos a desacreditarla antes de  desguazarla, no s\u00e9 me ocurre mejor homenaje a tantos y tantos maestros  que est\u00e1n siendo juzgados y condenados moralmente que, simplemente,  decirles GRACIAS.<\/p>\n<p><strong><a href=\"http:\/\/manuelmadriddelgado.blogspot.com\/2011\/09\/maestros.html\">Manuel Madrid Delgado.<\/a> (IDEAL, 15 de septiembre de 2011)<\/strong><\/div>\n<div style=\"text-align: justify\">\n<\/div>\n","protected":false},"excerpt":{"rendered":"<p>Si repasamos nuestra vida podemos descubrir cu\u00e1nto le debemos a los maestros y los profesores que se han cruzado en nuestro camino: no puedo olvidar a la maestra que me ense\u00f1\u00f3 a leer y&#46;&#46;&#46;<\/p>\n","protected":false},"author":11708,"featured_media":0,"comment_status":"closed","ping_status":"open","sticky":false,"template":"","format":"standard","meta":{"ngg_post_thumbnail":0,"footnotes":""},"categories":[28],"tags":[],"aioseo_notices":[],"_links":{"self":[{"href":"https:\/\/blogsaverroes.juntadeandalucia.es\/colegiovirgendelacabezacazorla\/wp-json\/wp\/v2\/posts\/951"}],"collection":[{"href":"https:\/\/blogsaverroes.juntadeandalucia.es\/colegiovirgendelacabezacazorla\/wp-json\/wp\/v2\/posts"}],"about":[{"href":"https:\/\/blogsaverroes.juntadeandalucia.es\/colegiovirgendelacabezacazorla\/wp-json\/wp\/v2\/types\/post"}],"author":[{"embeddable":true,"href":"https:\/\/blogsaverroes.juntadeandalucia.es\/colegiovirgendelacabezacazorla\/wp-json\/wp\/v2\/users\/11708"}],"replies":[{"embeddable":true,"href":"https:\/\/blogsaverroes.juntadeandalucia.es\/colegiovirgendelacabezacazorla\/wp-json\/wp\/v2\/comments?post=951"}],"version-history":[{"count":0,"href":"https:\/\/blogsaverroes.juntadeandalucia.es\/colegiovirgendelacabezacazorla\/wp-json\/wp\/v2\/posts\/951\/revisions"}],"wp:attachment":[{"href":"https:\/\/blogsaverroes.juntadeandalucia.es\/colegiovirgendelacabezacazorla\/wp-json\/wp\/v2\/media?parent=951"}],"wp:term":[{"taxonomy":"category","embeddable":true,"href":"https:\/\/blogsaverroes.juntadeandalucia.es\/colegiovirgendelacabezacazorla\/wp-json\/wp\/v2\/categories?post=951"},{"taxonomy":"post_tag","embeddable":true,"href":"https:\/\/blogsaverroes.juntadeandalucia.es\/colegiovirgendelacabezacazorla\/wp-json\/wp\/v2\/tags?post=951"}],"curies":[{"name":"wp","href":"https:\/\/api.w.org\/{rel}","templated":true}]}}