{"id":12886,"date":"2023-03-03T18:08:14","date_gmt":"2023-03-03T17:08:14","guid":{"rendered":"https:\/\/blogsaverroes.juntadeandalucia.es\/coleinfanta\/?p=12886"},"modified":"2023-03-03T18:08:51","modified_gmt":"2023-03-03T17:08:51","slug":"charla-de-energia-renovable-a-los-cursos-de-5o","status":"publish","type":"post","link":"https:\/\/blogsaverroes.juntadeandalucia.es\/coleinfanta\/charla-de-energia-renovable-a-los-cursos-de-5o\/","title":{"rendered":"Charla de Energ\u00eda Renovable a los cursos de 5\u00ba"},"content":{"rendered":"<p>[et_pb_section fb_built=&#8221;1&#8243; admin_label=&#8221;section&#8221; _builder_version=&#8221;3.22&#8243; global_colors_info=&#8221;{}&#8221;][et_pb_row admin_label=&#8221;row&#8221; _builder_version=&#8221;3.25&#8243; background_size=&#8221;initial&#8221; background_position=&#8221;top_left&#8221; background_repeat=&#8221;repeat&#8221; global_colors_info=&#8221;{}&#8221;][et_pb_column type=&#8221;4_4&#8243; _builder_version=&#8221;3.25&#8243; custom_padding=&#8221;|||&#8221; global_colors_info=&#8221;{}&#8221; custom_padding__hover=&#8221;|||&#8221;][et_pb_text _builder_version=&#8221;4.14.5&#8243; _module_preset=&#8221;default&#8221; global_colors_info=&#8221;{}&#8221;]<\/p>\n<h2>Agradecemos la charla sobre Energ\u00eda Renovables de Ra\u00fal Gonz\u00e1lez Marcelo (padre de alumna de 5\u00baB)<\/h2>\n<p>[\/et_pb_text][et_pb_gallery gallery_ids=&#8221;12890,12891,12892,12893,12894,12895,13014,13015,13016,13017,13018,13019,13020,13021,13022,13023,13024,13025,13026,13027&#8243; _builder_version=&#8221;4.14.5&#8243; _module_preset=&#8221;default&#8221; hover_enabled=&#8221;0&#8243; global_colors_info=&#8221;{}&#8221; sticky_enabled=&#8221;0&#8243;][\/et_pb_gallery][\/et_pb_column][\/et_pb_row][\/et_pb_section]<\/p>\n","protected":false},"excerpt":{"rendered":"<p>Agradecemos la charla sobre Energ\u00eda Renovables de Ra\u00fal Gonz\u00e1lez Marcelo (padre de alumna de 5\u00baB)<\/p>\n","protected":false},"author":12908,"featured_media":0,"comment_status":"closed","ping_status":"open","sticky":false,"template":"","format":"gallery","meta":{"_et_pb_use_builder":"on","_et_pb_old_content":"","_et_gb_content_width":"","ngg_post_thumbnail":0,"footnotes":""},"categories":[11,21],"tags":[],"aioseo_notices":[],"_links":{"self":[{"href":"https:\/\/blogsaverroes.juntadeandalucia.es\/coleinfanta\/wp-json\/wp\/v2\/posts\/12886"}],"collection":[{"href":"https:\/\/blogsaverroes.juntadeandalucia.es\/coleinfanta\/wp-json\/wp\/v2\/posts"}],"about":[{"href":"https:\/\/blogsaverroes.juntadeandalucia.es\/coleinfanta\/wp-json\/wp\/v2\/types\/post"}],"author":[{"embeddable":true,"href":"https:\/\/blogsaverroes.juntadeandalucia.es\/coleinfanta\/wp-json\/wp\/v2\/users\/12908"}],"replies":[{"embeddable":true,"href":"https:\/\/blogsaverroes.juntadeandalucia.es\/coleinfanta\/wp-json\/wp\/v2\/comments?post=12886"}],"version-history":[{"count":4,"href":"https:\/\/blogsaverroes.juntadeandalucia.es\/coleinfanta\/wp-json\/wp\/v2\/posts\/12886\/revisions"}],"predecessor-version":[{"id":13029,"href":"https:\/\/blogsaverroes.juntadeandalucia.es\/coleinfanta\/wp-json\/wp\/v2\/posts\/12886\/revisions\/13029"}],"wp:attachment":[{"href":"https:\/\/blogsaverroes.juntadeandalucia.es\/coleinfanta\/wp-json\/wp\/v2\/media?parent=12886"}],"wp:term":[{"taxonomy":"category","embeddable":true,"href":"https:\/\/blogsaverroes.juntadeandalucia.es\/coleinfanta\/wp-json\/wp\/v2\/categories?post=12886"},{"taxonomy":"post_tag","embeddable":true,"href":"https:\/\/blogsaverroes.juntadeandalucia.es\/coleinfanta\/wp-json\/wp\/v2\/tags?post=12886"}],"curies":[{"name":"wp","href":"https:\/\/api.w.org\/{rel}","templated":true}]}}