{"id":14543,"date":"2023-05-22T12:06:24","date_gmt":"2023-05-22T11:06:24","guid":{"rendered":"https:\/\/blogsaverroes.juntadeandalucia.es\/coleinfanta\/?p=14543"},"modified":"2023-05-24T09:09:45","modified_gmt":"2023-05-24T08:09:45","slug":"programa-de-refuerzo-estival-verano-2023","status":"publish","type":"post","link":"https:\/\/blogsaverroes.juntadeandalucia.es\/coleinfanta\/programa-de-refuerzo-estival-verano-2023\/","title":{"rendered":"Programa de Refuerzo Estival. Verano 2023"},"content":{"rendered":"<p>[et_pb_section fb_built=&#8221;1&#8243; admin_label=&#8221;section&#8221; _builder_version=&#8221;3.22&#8243; global_colors_info=&#8221;{}&#8221;][et_pb_row admin_label=&#8221;row&#8221; _builder_version=&#8221;3.25&#8243; background_size=&#8221;initial&#8221; background_position=&#8221;top_left&#8221; background_repeat=&#8221;repeat&#8221; global_colors_info=&#8221;{}&#8221;][et_pb_column type=&#8221;4_4&#8243; _builder_version=&#8221;3.25&#8243; custom_padding=&#8221;|||&#8221; global_colors_info=&#8221;{}&#8221; custom_padding__hover=&#8221;|||&#8221;][et_pb_image src=&#8221;https:\/\/blogsaverroes.juntadeandalucia.es\/coleinfanta\/files\/2022\/05\/Programa-Estival.jpg&#8221; title_text=&#8221;Programa Estival&#8221; _builder_version=&#8221;4.14.5&#8243; _module_preset=&#8221;default&#8221; global_colors_info=&#8221;{}&#8221;][\/et_pb_image][et_pb_text _builder_version=&#8221;4.14.5&#8243; _module_preset=&#8221;default&#8221; global_colors_info=&#8221;{}&#8221;]<\/p>\n<p>Estimadas familias,<\/p>\n<p>El objetivo principal del Programa de Refuerzo en per\u00edodo estival es prestar una especial atenci\u00f3n al alumnado que, tras la finalizaci\u00f3n del per\u00edodo lectivo ordinario precisa refuerzo educativo en las \u00e1reas instrumentales o apoyo para la organizaci\u00f3n del trabajo y mejora de los h\u00e1bitos y t\u00e9cnicas de estudio, desarrollo de habilidades de integraci\u00f3n y de adaptaci\u00f3n al grupo, as\u00ed como fomento de los h\u00e1bitos saludables a trav\u00e9s de actividades l\u00fadico deportivas, y que, por ello, requiere de un refuerzo adicional que le permita afrontar el siguiente curso con mayores posibilidades de \u00e9xito<\/p>\n<p>El <strong>Programa se impartir\u00e1 en el Centro con parte de nuestro profesorado.<\/strong><\/p>\n<h1>Alumnado solicitante<\/h1>\n<ul>\n<li>Podr\u00e1 participar en el Programa el alumnado de 1\u00ba a 6\u00ba de Educaci\u00f3n Primaria y de 1\u00ba y 2\u00ba de ESO de centros p\u00fablicos, as\u00ed como de centros privados sostenidos con fondos p\u00fablicos.<\/li>\n<li>El Equipo Directivo de cada centro informar\u00e1 a las familias del alumnado de la convocatoria del Programa, seg\u00fan las posibilidades y medios al alcance de cada familia.<\/li>\n<li>Los padres, madres o tutores legales que est\u00e9n interesados lo comunicar\u00e1n al tutor o tutora del alumno o alumna.<\/li>\n<li>Del <strong>22 al 30 de mayo<\/strong> podr\u00e1n solicitar hasta 3 centros de su localidad o de las localidades cercanas, a trav\u00e9s de la Secretaria<br \/>Virtual de la Consejer\u00eda de Desarrollo Educativo y Formaci\u00f3n Profesional: <a href=\"https:\/\/www.juntadeandalucia.es\/educacion\/secretariavirtual\/accesoTramite\/472\/\" target=\"_blank\" rel=\"noopener noreferrer\"><span style=\"color: #0000ff\">ENLACE<\/span> <\/a>o bien directamente en el centro docente solicitado en primer lugar.<\/li>\n<li>El alumnado de 1\u00ba a 6\u00ba de Educaci\u00f3n Primaria deber\u00e1 solicitar centros de Educaci\u00f3n Infantil y Primaria y el alumnado de 1\u00ba y 2\u00ba de ESO de centros de Educaci\u00f3n Secundaria.<\/li>\n<li>El alumnado solicitante del programa deber\u00e1 pedir en primer lugar el centro en el que est\u00e1 matriculado en caso de que sea centro solicitante.<\/li>\n<li>El <strong>9 de junio<\/strong> las familias podr\u00e1n consultar en el centro solicitado en primer lugar la <strong>admisi\u00f3n provisional<\/strong> del alumnado.<\/li>\n<li>Del 12 al 16 de junio habr\u00e1 un periodo de alegaciones y renuncias al programa en la Secretar\u00eda Virtual.<\/li>\n<li>La presentaci\u00f3n de la solicitud para el Programa no garantiza por s\u00ed misma la participaci\u00f3n en el mismo.<\/li>\n<li>En caso de que la demanda sea mayor que la oferta, se aplicar\u00e1n los criterios recogidos en la apartado d\u00e9cimo de la Resoluci\u00f3n.<\/li>\n<li>El <strong>27 de junio<\/strong> se podr\u00e1 consultar la <strong>admisi\u00f3n definitiva<\/strong> del alumnado en el centro solicitado en primer lugar.<\/li>\n<li>Cuando en los grupos se incluyan alumnos o alumnas con necesidades educativas especiales, se dotar\u00e1 al centro de aquellos recursos personales especializados que se precisen para el desarrollo del Programa<\/li>\n<\/ul>\n<h1>Horario<\/h1>\n<ul>\n<li>El programa se desarrollar\u00e1 de <strong>9:00 a 14:00, de lunes a viernes<\/strong>.<\/li>\n<li>El tiempo en el que se distribuyan los talleres deber\u00e1 contemplar, tal y como establece la disposici\u00f3n cuarta de la Resoluci\u00f3n:\n<ul>\n<li>Una hora para actividad f\u00edsico-deportiva, h\u00e1bitos saludables y fomento de actividades cooperativas y grupales.<\/li>\n<li>Una hora para el trabajo de las competencias matem\u00e1ticas.<\/li>\n<li>Una hora para el trabajo de las competencias ling\u00fc\u00edsticas.<\/li>\n<li>Una hora para el trabajo de las competencias de lengua extranjera (ingl\u00e9s).<\/li>\n<\/ul>\n<\/li>\n<li>Adem\u00e1s habr\u00e1 media hora inicial de asamblea en la que se fomente el contacto personalizado y el di\u00e1logo y media hora de descanso activo.<\/li>\n<\/ul>\n<p>[\/et_pb_text][et_pb_button _builder_version=&#8221;4.14.5&#8243; _module_preset=&#8221;default&#8221; button_text=&#8221;Formulario de Inscripci\u00f3n para entregar en el Centro&#8221; button_url=&#8221;https:\/\/www.juntadeandalucia.es\/educacion\/portals\/delegate\/content\/0723731b-49b8-4062-82c4-bcc7a58d34a4\/Formulario%20de%20solicitud%20de%20alumnado%20del%20Programa%20de%20Refuerzo%20Educativo%20en%20periodo%20estival&#8221; hover_enabled=&#8221;0&#8243; sticky_enabled=&#8221;0&#8243;][\/et_pb_button][et_pb_button button_url=&#8221;https:\/\/www.juntadeandalucia.es\/educacion\/portals\/delegate\/content\/9322b201-1f7c-4300-b163-aee52a60847d\/Primera%20Resoluci%C3%B3n%20Provisional%20Centros%20-%20Refuerzo%20Educativo%20Estival%202023&#8243; button_text=&#8221;Centros Perticipantes&#8221; _builder_version=&#8221;4.14.5&#8243; _module_preset=&#8221;default&#8221; global_colors_info=&#8221;{}&#8221;][\/et_pb_button][et_pb_button button_url=&#8221;https:\/\/www.juntadeandalucia.es\/educacion\/portals\/web\/ced\/familias\/programa-refuerzo-estival-2023&#8243; url_new_window=&#8221;on&#8221; button_text=&#8221;M\u00e1s Informaci\u00f3n&#8221; _builder_version=&#8221;4.14.5&#8243; _module_preset=&#8221;default&#8221; global_colors_info=&#8221;{}&#8221;][\/et_pb_button][et_pb_image _builder_version=&#8221;4.14.5&#8243; _module_preset=&#8221;default&#8221; title_text=&#8221;Refuerzo Estival 2023&#8243; src=&#8221;https:\/\/blogsaverroes.juntadeandalucia.es\/coleinfanta\/files\/2023\/05\/Refuerzo-Estival-2023.jpg&#8221; hover_enabled=&#8221;0&#8243; sticky_enabled=&#8221;0&#8243;][\/et_pb_image][\/et_pb_column][\/et_pb_row][\/et_pb_section]<\/p>\n","protected":false},"excerpt":{"rendered":"<p>Estimadas familias, El objetivo principal del Programa de Refuerzo en per\u00edodo estival es prestar una especial atenci\u00f3n al alumnado que, tras la finalizaci\u00f3n del per\u00edodo lectivo ordinario precisa refuerzo educativo en las \u00e1reas instrumentales o apoyo para la organizaci\u00f3n del trabajo y mejora de los h\u00e1bitos y t\u00e9cnicas de estudio, desarrollo de habilidades de integraci\u00f3n [&hellip;]<\/p>\n","protected":false},"author":12908,"featured_media":14556,"comment_status":"closed","ping_status":"open","sticky":false,"template":"","format":"gallery","meta":{"_et_pb_use_builder":"on","_et_pb_old_content":"","_et_gb_content_width":"","ngg_post_thumbnail":0,"footnotes":""},"categories":[3],"tags":[],"aioseo_notices":[],"_links":{"self":[{"href":"https:\/\/blogsaverroes.juntadeandalucia.es\/coleinfanta\/wp-json\/wp\/v2\/posts\/14543"}],"collection":[{"href":"https:\/\/blogsaverroes.juntadeandalucia.es\/coleinfanta\/wp-json\/wp\/v2\/posts"}],"about":[{"href":"https:\/\/blogsaverroes.juntadeandalucia.es\/coleinfanta\/wp-json\/wp\/v2\/types\/post"}],"author":[{"embeddable":true,"href":"https:\/\/blogsaverroes.juntadeandalucia.es\/coleinfanta\/wp-json\/wp\/v2\/users\/12908"}],"replies":[{"embeddable":true,"href":"https:\/\/blogsaverroes.juntadeandalucia.es\/coleinfanta\/wp-json\/wp\/v2\/comments?post=14543"}],"version-history":[{"count":12,"href":"https:\/\/blogsaverroes.juntadeandalucia.es\/coleinfanta\/wp-json\/wp\/v2\/posts\/14543\/revisions"}],"predecessor-version":[{"id":14600,"href":"https:\/\/blogsaverroes.juntadeandalucia.es\/coleinfanta\/wp-json\/wp\/v2\/posts\/14543\/revisions\/14600"}],"wp:featuredmedia":[{"embeddable":true,"href":"https:\/\/blogsaverroes.juntadeandalucia.es\/coleinfanta\/wp-json\/wp\/v2\/media\/14556"}],"wp:attachment":[{"href":"https:\/\/blogsaverroes.juntadeandalucia.es\/coleinfanta\/wp-json\/wp\/v2\/media?parent=14543"}],"wp:term":[{"taxonomy":"category","embeddable":true,"href":"https:\/\/blogsaverroes.juntadeandalucia.es\/coleinfanta\/wp-json\/wp\/v2\/categories?post=14543"},{"taxonomy":"post_tag","embeddable":true,"href":"https:\/\/blogsaverroes.juntadeandalucia.es\/coleinfanta\/wp-json\/wp\/v2\/tags?post=14543"}],"curies":[{"name":"wp","href":"https:\/\/api.w.org\/{rel}","templated":true}]}}