{"id":16534,"date":"2023-12-21T09:49:22","date_gmt":"2023-12-21T08:49:22","guid":{"rendered":"https:\/\/blogsaverroes.juntadeandalucia.es\/coleinfanta\/?p=16534"},"modified":"2023-12-21T09:49:40","modified_gmt":"2023-12-21T08:49:40","slug":"feliz-navidad-2023-desde-agua-de-coco","status":"publish","type":"post","link":"https:\/\/blogsaverroes.juntadeandalucia.es\/coleinfanta\/feliz-navidad-2023-desde-agua-de-coco\/","title":{"rendered":"Feliz Navidad 2023 desde Agua de Coco"},"content":{"rendered":"<p>[et_pb_section fb_built=&#8221;1&#8243; admin_label=&#8221;section&#8221; _builder_version=&#8221;3.22&#8243; global_colors_info=&#8221;{}&#8221;][et_pb_row admin_label=&#8221;row&#8221; _builder_version=&#8221;3.25&#8243; background_size=&#8221;initial&#8221; background_position=&#8221;top_left&#8221; background_repeat=&#8221;repeat&#8221; global_colors_info=&#8221;{}&#8221;][et_pb_column type=&#8221;4_4&#8243; _builder_version=&#8221;3.25&#8243; custom_padding=&#8221;|||&#8221; global_colors_info=&#8221;{}&#8221; custom_padding__hover=&#8221;|||&#8221;][et_pb_text _builder_version=&#8221;4.14.5&#8243; _module_preset=&#8221;default&#8221; hover_enabled=&#8221;0&#8243; sticky_enabled=&#8221;0&#8243;]<\/p>\n<p>En nombre de la Fundaci\u00f3n Agua de Coco,queremos expresar nuestro m\u00e1s sincero agradecimiento por vuestra participaci\u00f3n continua en el Proyecto Namana y &nbsp;enviaros un afectuoso abrazo en esta temporada navide\u00f1a.&nbsp;<\/p>\n<div>Vuestra colaboraci\u00f3n es fundamental para el \u00e9xito del Proyecto Namana y tiene un impacto significativo en la vida de los y las&nbsp; estudiantes en Madagascar.&nbsp;<br \/>En esta ocasi\u00f3n especial, nos complace adjuntar una carta de parte del presidente de la Fundaci\u00f3n Agua de Coco, esperamos que esta carta transmita nuestro agradecimiento ,reconocimiento por vuestro compromiso y dedicaci\u00f3n, as\u00ed mismo aprovechar&nbsp; para informar a las familias del proyecto que estamos llevando a cabo con sus hijos e hijas durante este curso escolar.<br \/>Adem\u00e1s, nos gustar\u00eda compartir&nbsp; una peque\u00f1a felicitaci\u00f3n de Navidad desde Madagascar que nos acaba de llegar, es de una de las clases hermanadas, esta postal refleja la alegr\u00eda y gratitud de los y las estudiantes por vuestra colaboraci\u00f3n y apoyo.&nbsp;<\/p>\n<div>En nuestra escuela de Las Salinas las aulas son muy numerosas (entre 40 y 75 alumnos\/as) y de edades diversas (el alumnado se agrupa en funci\u00f3n de su nivel acad\u00e9mico o de su primer a\u00f1o de escolarizaci\u00f3n, y no de su edad), y para el hermanamiento se seleccionan grupos reducidos de la misma edad que la clase hermanada de Espa\u00f1a para realizar el proyecto con cada centro. Por lo que, seguro que durante nuestra videollamada, el alumnado podr\u00e1 ver caras conocidas de la fotograf\u00eda.&nbsp;<\/div>\n<div>Sin otro particular, os queremos desear una Feliz Navidad y la mejor entrada para el a\u00f1o nuevo 2024.<\/div>\n<p>Un afectuoso saludo,<\/p><\/div>\n<div>\n<div class=\"gmail_signature\" dir=\"ltr\" data-smartmail=\"gmail_signature\">\n<div dir=\"ltr\">\n<div>\n<div dir=\"ltr\">\n<div>\n<div dir=\"ltr\">\n<div>\n<div dir=\"ltr\">\n<div>\n<div dir=\"ltr\">\n<div>\n<div dir=\"ltr\">\n<div>\n<div dir=\"ltr\">\n<div>\n<div dir=\"ltr\">\n<div>\n<div dir=\"ltr\">\n<div>\n<div dir=\"ltr\">\n<div>\n<div dir=\"ltr\">\n<div>\n<div dir=\"ltr\">\n<div>\n<div dir=\"ltr\">\n<div>\n<div dir=\"ltr\">\n<div>\n<div dir=\"ltr\">\n<div>\n<div dir=\"ltr\">\n<div>\n<div dir=\"ltr\">\n<div>\n<div dir=\"ltr\">\n<div>\n<div dir=\"ltr\">\n<div>\n<div dir=\"ltr\">\n<div>\n<div dir=\"ltr\">\n<div>\n<div dir=\"ltr\">\n<div>\n<div dir=\"ltr\">\n<div dir=\"ltr\">\n<div dir=\"ltr\">\n<div dir=\"ltr\">\n<div dir=\"ltr\">\n<div dir=\"ltr\">\n<div dir=\"ltr\">\n<div dir=\"ltr\">\n<div dir=\"ltr\">\n<div dir=\"ltr\">\n<div dir=\"ltr\">\n<div dir=\"ltr\">\n<div dir=\"ltr\">\n<p align=\"left\"><b>Val\u00e9rie Delinois Pr\u00e9vil<\/b><\/p>\n<p align=\"left\"><span style=\"color: #666666\">Coordinadora del \u00e1rea de Educaci\u00f3n para el Desarrollo&nbsp;<\/span><\/p>\n<\/div>\n<\/div>\n<\/div>\n<\/div>\n<\/div>\n<\/div>\n<\/div>\n<\/div>\n<\/div>\n<\/div>\n<\/div>\n<\/div>\n<\/div>\n<\/div>\n<\/div>\n<\/div>\n<\/div>\n<\/div>\n<\/div>\n<\/div>\n<\/div>\n<\/div>\n<\/div>\n<\/div>\n<\/div>\n<\/div>\n<\/div>\n<\/div>\n<\/div>\n<\/div>\n<\/div>\n<\/div>\n<\/div>\n<\/div>\n<\/div>\n<\/div>\n<\/div>\n<\/div>\n<\/div>\n<\/div>\n<\/div>\n<\/div>\n<\/div>\n<\/div>\n<\/div>\n<\/div>\n<\/div>\n<\/div>\n<\/div>\n<\/div>\n<\/div>\n<\/div>\n<\/div>\n<\/div>\n<\/div>\n<\/div>\n<\/div>\n<\/div>\n<\/div>\n<p>[\/et_pb_text][et_pb_button _builder_version=&#8221;4.14.5&#8243; _module_preset=&#8221;default&#8221; button_text=&#8221;Carta del Presidente de Agua de Coco&#8221; button_url=&#8221;https:\/\/drive.google.com\/file\/d\/13SbsvHKVGRiQuDqX33Bf53sunuvfT0w2\/view?usp=sharing&#8221; url_new_window=&#8221;on&#8221; hover_enabled=&#8221;0&#8243; sticky_enabled=&#8221;0&#8243;][\/et_pb_button][et_pb_image _builder_version=&#8221;4.14.5&#8243; _module_preset=&#8221;default&#8221; title_text=&#8221;Postal Namana 2023&#8243; src=&#8221;https:\/\/blogsaverroes.juntadeandalucia.es\/coleinfanta\/files\/2023\/12\/Postal-Namana-2023.png&#8221; hover_enabled=&#8221;0&#8243; sticky_enabled=&#8221;0&#8243;][\/et_pb_image][\/et_pb_column][\/et_pb_row][\/et_pb_section]<\/p>\n","protected":false},"excerpt":{"rendered":"<p>En nombre de la Fundaci\u00f3n Agua de Coco,queremos expresar nuestro m\u00e1s sincero agradecimiento por vuestra participaci\u00f3n continua en el Proyecto Namana y &nbsp;enviaros un afectuoso abrazo en esta temporada navide\u00f1a.&nbsp; Vuestra colaboraci\u00f3n es fundamental para el \u00e9xito del Proyecto Namana y tiene un impacto significativo en la vida de los y las&nbsp; estudiantes en Madagascar.&nbsp;En [&hellip;]<\/p>\n","protected":false},"author":12908,"featured_media":16539,"comment_status":"closed","ping_status":"open","sticky":false,"template":"","format":"gallery","meta":{"_et_pb_use_builder":"on","_et_pb_old_content":"","_et_gb_content_width":"","ngg_post_thumbnail":0,"footnotes":""},"categories":[3],"tags":[],"aioseo_notices":[],"_links":{"self":[{"href":"https:\/\/blogsaverroes.juntadeandalucia.es\/coleinfanta\/wp-json\/wp\/v2\/posts\/16534"}],"collection":[{"href":"https:\/\/blogsaverroes.juntadeandalucia.es\/coleinfanta\/wp-json\/wp\/v2\/posts"}],"about":[{"href":"https:\/\/blogsaverroes.juntadeandalucia.es\/coleinfanta\/wp-json\/wp\/v2\/types\/post"}],"author":[{"embeddable":true,"href":"https:\/\/blogsaverroes.juntadeandalucia.es\/coleinfanta\/wp-json\/wp\/v2\/users\/12908"}],"replies":[{"embeddable":true,"href":"https:\/\/blogsaverroes.juntadeandalucia.es\/coleinfanta\/wp-json\/wp\/v2\/comments?post=16534"}],"version-history":[{"count":4,"href":"https:\/\/blogsaverroes.juntadeandalucia.es\/coleinfanta\/wp-json\/wp\/v2\/posts\/16534\/revisions"}],"predecessor-version":[{"id":16543,"href":"https:\/\/blogsaverroes.juntadeandalucia.es\/coleinfanta\/wp-json\/wp\/v2\/posts\/16534\/revisions\/16543"}],"wp:featuredmedia":[{"embeddable":true,"href":"https:\/\/blogsaverroes.juntadeandalucia.es\/coleinfanta\/wp-json\/wp\/v2\/media\/16539"}],"wp:attachment":[{"href":"https:\/\/blogsaverroes.juntadeandalucia.es\/coleinfanta\/wp-json\/wp\/v2\/media?parent=16534"}],"wp:term":[{"taxonomy":"category","embeddable":true,"href":"https:\/\/blogsaverroes.juntadeandalucia.es\/coleinfanta\/wp-json\/wp\/v2\/categories?post=16534"},{"taxonomy":"post_tag","embeddable":true,"href":"https:\/\/blogsaverroes.juntadeandalucia.es\/coleinfanta\/wp-json\/wp\/v2\/tags?post=16534"}],"curies":[{"name":"wp","href":"https:\/\/api.w.org\/{rel}","templated":true}]}}