{"id":1844,"date":"2021-06-01T16:30:00","date_gmt":"2021-06-01T15:30:00","guid":{"rendered":"https:\/\/blogsaverroes.juntadeandalucia.es\/coleinfanta\/?p=1844"},"modified":"2021-06-11T17:10:44","modified_gmt":"2021-06-11T16:10:44","slug":"programa-de-refuerzo-estival-verano-2021","status":"publish","type":"post","link":"https:\/\/blogsaverroes.juntadeandalucia.es\/coleinfanta\/programa-de-refuerzo-estival-verano-2021\/","title":{"rendered":"Programa de Refuerzo Estival. Verano 2021"},"content":{"rendered":"<p>[et_pb_section fb_built=&#8221;1&#8243; _builder_version=&#8221;3.22&#8243;][et_pb_row _builder_version=&#8221;3.25&#8243; background_size=&#8221;initial&#8221; background_position=&#8221;top_left&#8221; background_repeat=&#8221;repeat&#8221;][et_pb_column type=&#8221;4_4&#8243; _builder_version=&#8221;3.25&#8243; custom_padding=&#8221;|||&#8221; custom_padding__hover=&#8221;|||&#8221;][et_pb_text _builder_version=&#8221;4.5.0&#8243; background_size=&#8221;initial&#8221; background_position=&#8221;top_left&#8221; background_repeat=&#8221;repeat&#8221; hover_enabled=&#8221;0&#8243;]<\/p>\n<p><a href=\"https:\/\/drive.google.com\/file\/d\/1Bz51XTX_VEdCDPcXzrry0-konuWsd45c\/view\"><img fetchpriority=\"high\" fetchpriority=\"high\" decoding=\"async\" class=\"alignnone size-medium wp-image-1845\" src=\"https:\/\/blogsaverroes.juntadeandalucia.es\/coleinfanta\/files\/2021\/05\/familias_info-page-0-212x300.jpg\" alt=\"\" width=\"212\" height=\"300\"><\/a><\/p>\n<p><a href=\"https:\/\/drive.google.com\/file\/d\/1Bz51XTX_VEdCDPcXzrry0-konuWsd45c\/view?usp=sharing\" target=\"_blank\" rel=\"noopener noreferrer\">Informaci\u00f3n sobre Refuerzo Estival 2021<\/a><\/p>\n<p>Estimadas familias,<\/p>\n<p>informamos que pueden solicitar el <strong>Programa de Refuerzo Estival<\/strong> las familias del alumnado con dificultades en lengua, matem\u00e1ticas o ingl\u00e9s, para el mes de <strong>Julio de 2021<\/strong>.<\/p>\n<p><strong>Plazos para la solicitud del alumnado<\/strong>.<br \/>1. Los padres, madres o personas que ejerzan la tutela legal del alumnado deber\u00e1n solicitar la participaci\u00f3n en el Programa del <strong>11 al 17 de junio<\/strong> a trav\u00e9s de la<strong><span style=\"color: #3366ff\"><a style=\"color: #3366ff\" href=\"https:\/\/www.juntadeandalucia.es\/educacion\/secretariavirtual\/solicitudes\/\"> Secretaria Virtual<\/a><\/span><\/strong> de la Consejer\u00eda de Educaci\u00f3n y Deporte (<span style=\"color: #0000ff\"><a style=\"color: #0000ff\" href=\"https:\/\/www.juntadeandalucia.es\/educacion\/secretariavirtual\/solicitudes\/\">https:\/\/www.juntadeandalucia.es\/educacion\/secretariavirtual\/solicitudes\/<\/a><\/span>) o bien directamente en el centro docente solicitado en primer lugar (<strong> <span style=\"color: #993300\">el listado de Centros solicitantes se publicar\u00e1 el 11 de junio<\/span><\/strong>)<br \/>2. En la solicitud podr\u00e1n incluirse hasta tres centros docentes del listado de centros solicitantes publicado el 11 de junio, teniendo en cuenta que si el centro en el que est\u00e9 matriculado el alumno o la alumna en el curso 2020\/2021 est\u00e1 incluido en dicho listado deber\u00e1 solicitar ese centro en primer lugar. En caso de que su centro no est\u00e9 incluido, podr\u00e1n solicitar la participaci\u00f3n en otros centros docentes de su localidad o de<br \/>localidades cercanas dentro de su provincia.<br \/>3. El 21 de junio las familias podr\u00e1n consultar estado de su solicitud en el Tabl\u00f3n de anuncios del centro solicitado en primer lugar.<br \/>4. Del 21 al 28 de junio existir\u00e1 un periodo de alegaciones y renuncias a trav\u00e9s del formulario disponible en la Secretar\u00eda Virtual de la Consejer\u00eda de Educaci\u00f3n y Deporte o en el centro docente en el que haya presentado la solicitud.<\/p>\n<p><span style=\"color: #0000ff\"><a style=\"color: #0000ff\" href=\"https:\/\/www.juntadeandalucia.es\/educacion\/portals\/web\/ced\/familias\/programa-refuerzo-estival-2021\" target=\"_blank\" rel=\"noopener noreferrer\">M\u00e1s informaci\u00f3n<\/a><\/span><\/p>\n<p><strong><span style=\"color: #993300\">Las familias que vayan a solicitar el programa, deber\u00e1n ponerse en contacto con el tutor o tutora de su hijo\/a, para que rellene un informe en S\u00e9neca.<\/span><\/strong><\/p>\n<p>&nbsp;<\/p>\n<p>&nbsp;<\/p>\n<p>[\/et_pb_text][et_pb_button button_url=&#8221;https:\/\/www.juntadeandalucia.es\/educacion\/portals\/delegate\/content\/619b1bf5-df9a-45d6-9e9b-9060af558871\/Anexo%20a%20Resoluci%C3%B3n%20provisional%20de%2011%20de%20junio%20de%202021&#8243; url_new_window=&#8221;on&#8221; button_text=&#8221;Centros que impartir\u00e1n el Refuerzo Estival en 2021&#8243; _builder_version=&#8221;4.5.0&#8243; _module_preset=&#8221;default&#8221;][\/et_pb_button][\/et_pb_column][\/et_pb_row][\/et_pb_section]<\/p>\n","protected":false},"excerpt":{"rendered":"<p>Informaci\u00f3n sobre Refuerzo Estival 2021 Estimadas familias, informamos que pueden solicitar el Programa de Refuerzo Estival las familias del alumnado con dificultades en lengua, matem\u00e1ticas o ingl\u00e9s, para el mes de Julio de 2021. Plazos para la solicitud del alumnado.1. Los padres, madres o personas que ejerzan la tutela legal del alumnado deber\u00e1n solicitar la [&hellip;]<\/p>\n","protected":false},"author":12908,"featured_media":1846,"comment_status":"closed","ping_status":"open","sticky":false,"template":"","format":"standard","meta":{"_et_pb_use_builder":"on","_et_pb_old_content":"<p><a href=\"https:\/\/drive.google.com\/file\/d\/1Bz51XTX_VEdCDPcXzrry0-konuWsd45c\/view\"><img class=\"alignnone size-medium wp-image-1845\" src=\"https:\/\/blogsaverroes.juntadeandalucia.es\/coleinfanta\/files\/2021\/05\/familias_info-page-0-212x300.jpg\" alt=\"\" width=\"212\" height=\"300\"><\/a><\/p><p><a href=\"https:\/\/drive.google.com\/file\/d\/1Bz51XTX_VEdCDPcXzrry0-konuWsd45c\/view?usp=sharing\" target=\"_blank\" rel=\"noopener noreferrer\">Informaci\u00f3n sobre Refuerzo Estival 2021<\/a><\/p><p>Estimadas familias,<\/p><p>informamos que pueden solicitar el <strong>Programa de Refuerzo Estival<\/strong> las familias del alumnado con dificultades en lengua, matem\u00e1ticas o ingl\u00e9s, para el mes de <strong>Julio de 2021<\/strong>.<\/p><p><strong>Plazos para la solicitud del alumnado<\/strong>.<br>1. Los padres, madres o personas que ejerzan la tutela legal del alumnado deber\u00e1n solicitar la participaci\u00f3n en el Programa del <strong>11 al 17 de junio<\/strong> a trav\u00e9s de la<strong><span style=\"color: #3366ff;\"><a style=\"color: #3366ff;\" href=\"https:\/\/www.juntadeandalucia.es\/educacion\/secretariavirtual\/solicitudes\/\"> Secretaria Virtual<\/a><\/span><\/strong> de la Consejer\u00eda de Educaci\u00f3n y Deporte (<span style=\"color: #0000ff;\"><a style=\"color: #0000ff;\" href=\"https:\/\/www.juntadeandalucia.es\/educacion\/secretariavirtual\/solicitudes\/\">https:\/\/www.juntadeandalucia.es\/educacion\/secretariavirtual\/solicitudes\/<\/a><\/span>) o bien directamente en el centro docente solicitado en primer lugar (<strong> <span style=\"color: #993300;\">el listado de Centros solicitantes se publicar\u00e1 el 11 de junio<\/span><\/strong>)<br>2. En la solicitud podr\u00e1n incluirse hasta tres centros docentes del listado de centros solicitantes publicado el 11 de junio, teniendo en cuenta que si el centro en el que est\u00e9 matriculado el alumno o la alumna en el curso 2020\/2021 est\u00e1 incluido en dicho listado deber\u00e1 solicitar ese centro en primer lugar. En caso de que su centro no est\u00e9 incluido, podr\u00e1n solicitar la participaci\u00f3n en otros centros docentes de su localidad o de<br>localidades cercanas dentro de su provincia.<br>3. El 21 de junio las familias podr\u00e1n consultar estado de su solicitud en el Tabl\u00f3n de anuncios del centro solicitado en primer lugar.<br>4. Del 21 al 28 de junio existir\u00e1 un periodo de alegaciones y renuncias a trav\u00e9s del formulario disponible en la Secretar\u00eda Virtual de la Consejer\u00eda de Educaci\u00f3n y Deporte o en el centro docente en el que haya presentado la solicitud.<\/p><p><span style=\"color: #0000ff;\"><a style=\"color: #0000ff;\" href=\"https:\/\/portals.ced.junta-andalucia.es\/educacion\/portals\/web\/ced\/familias\/programa-refuerzo-estival-2021\" target=\"_blank\" rel=\"noopener noreferrer\">M\u00e1s informaci\u00f3n<\/a><\/span><\/p><p><strong><span style=\"color: #993300;\">Las familias que vayan a solicitar el programa, deber\u00e1n ponerse en contacto con el tutor o tutora de su hijo\/a, para que rellene un informe en S\u00e9neca.<\/span><\/strong><\/p><p>\u00a0<\/p><p>\u00a0<\/p>","_et_gb_content_width":"","ngg_post_thumbnail":0,"footnotes":""},"categories":[3],"tags":[],"aioseo_notices":[],"_links":{"self":[{"href":"https:\/\/blogsaverroes.juntadeandalucia.es\/coleinfanta\/wp-json\/wp\/v2\/posts\/1844"}],"collection":[{"href":"https:\/\/blogsaverroes.juntadeandalucia.es\/coleinfanta\/wp-json\/wp\/v2\/posts"}],"about":[{"href":"https:\/\/blogsaverroes.juntadeandalucia.es\/coleinfanta\/wp-json\/wp\/v2\/types\/post"}],"author":[{"embeddable":true,"href":"https:\/\/blogsaverroes.juntadeandalucia.es\/coleinfanta\/wp-json\/wp\/v2\/users\/12908"}],"replies":[{"embeddable":true,"href":"https:\/\/blogsaverroes.juntadeandalucia.es\/coleinfanta\/wp-json\/wp\/v2\/comments?post=1844"}],"version-history":[{"count":9,"href":"https:\/\/blogsaverroes.juntadeandalucia.es\/coleinfanta\/wp-json\/wp\/v2\/posts\/1844\/revisions"}],"predecessor-version":[{"id":2367,"href":"https:\/\/blogsaverroes.juntadeandalucia.es\/coleinfanta\/wp-json\/wp\/v2\/posts\/1844\/revisions\/2367"}],"wp:featuredmedia":[{"embeddable":true,"href":"https:\/\/blogsaverroes.juntadeandalucia.es\/coleinfanta\/wp-json\/wp\/v2\/media\/1846"}],"wp:attachment":[{"href":"https:\/\/blogsaverroes.juntadeandalucia.es\/coleinfanta\/wp-json\/wp\/v2\/media?parent=1844"}],"wp:term":[{"taxonomy":"category","embeddable":true,"href":"https:\/\/blogsaverroes.juntadeandalucia.es\/coleinfanta\/wp-json\/wp\/v2\/categories?post=1844"},{"taxonomy":"post_tag","embeddable":true,"href":"https:\/\/blogsaverroes.juntadeandalucia.es\/coleinfanta\/wp-json\/wp\/v2\/tags?post=1844"}],"curies":[{"name":"wp","href":"https:\/\/api.w.org\/{rel}","templated":true}]}}