{"id":8885,"date":"2022-06-22T16:36:34","date_gmt":"2022-06-22T15:36:34","guid":{"rendered":"https:\/\/blogsaverroes.juntadeandalucia.es\/coleinfanta\/?p=8885"},"modified":"2022-06-22T16:46:06","modified_gmt":"2022-06-22T15:46:06","slug":"fiesta-del-ampa","status":"publish","type":"post","link":"https:\/\/blogsaverroes.juntadeandalucia.es\/coleinfanta\/fiesta-del-ampa\/","title":{"rendered":"FIESTA DEL AMPA"},"content":{"rendered":"<p>[et_pb_section fb_built=&#8221;1&#8243; _builder_version=&#8221;3.22&#8243; global_colors_info=&#8221;{}&#8221;][et_pb_row _builder_version=&#8221;3.25&#8243; background_size=&#8221;initial&#8221; background_position=&#8221;top_left&#8221; background_repeat=&#8221;repeat&#8221; global_colors_info=&#8221;{}&#8221;][et_pb_column type=&#8221;4_4&#8243; _builder_version=&#8221;3.25&#8243; custom_padding=&#8221;|||&#8221; global_colors_info=&#8221;{}&#8221; custom_padding__hover=&#8221;|||&#8221;][et_pb_text _builder_version=&#8221;3.27.4&#8243; background_size=&#8221;initial&#8221; background_position=&#8221;top_left&#8221; background_repeat=&#8221;repeat&#8221; global_colors_info=&#8221;{}&#8221;]Nuestra AMPA invita a todas las familias a que asistan a la fiesta que ha organizado ma\u00f1ana jueves 23, a partir de las 19:30 horas, en los Jardines del Conde.<\/p>\n<p>El AMPA ha contratado a la empresa El Columpio Animaci\u00f3n para llevar a cabo diferentes actividades de animaci\u00f3n para los peque\u00f1os, todas con ambientaci\u00f3n pirata.<\/p>\n<p>Adem\u00e1s, habr\u00e1 ambig\u00fa a cargo de la Hermandad Sacramental de Tomares, con mesas y sillas donde poder tomarse algo.<\/p>\n<p>\u00a1Os esperamos!<br \/>\n[\/et_pb_text][et_pb_image _builder_version=&#8221;4.14.5&#8243; _module_preset=&#8221;default&#8221; title_text=&#8221;Fiesta del AMPA&#8221; src=&#8221;https:\/\/blogsaverroes.juntadeandalucia.es\/coleinfanta\/files\/2022\/06\/WhatsApp-Image-2022-06-22-at-4.55.53-PM.jpeg&#8221; hover_enabled=&#8221;0&#8243; sticky_enabled=&#8221;0&#8243;][\/et_pb_image][\/et_pb_column][\/et_pb_row][\/et_pb_section]<\/p>\n","protected":false},"excerpt":{"rendered":"<p>Nuestra AMPA invita a todas las familias a que asistan a la fiesta que ha organizado ma\u00f1ana jueves 23, a partir de las 19:30 horas, en los Jardines del Conde. El AMPA ha contratado a la empresa El Columpio Animaci\u00f3n para llevar a cabo diferentes actividades de animaci\u00f3n para los peque\u00f1os, todas con ambientaci\u00f3n pirata. [&hellip;]<\/p>\n","protected":false},"author":12908,"featured_media":8886,"comment_status":"closed","ping_status":"open","sticky":false,"template":"","format":"standard","meta":{"_et_pb_use_builder":"on","_et_pb_old_content":"<p>Nuestra AMPA invita a todas las familias a que asistan a la fiesta que ha organizado ma\u00f1ana jueves 23, a partir de las 19:30 horas, en los Jardines del Conde.<\/p><p>El AMPA ha contratado a la empresa El Columpio Animaci\u00f3n para llevar a cabo diferentes actividades de animaci\u00f3n para los peque\u00f1os, todas con ambientaci\u00f3n pirata.<\/p><p>Adem\u00e1s, habr\u00e1 ambig\u00fa a cargo de la Hermandad Sacramental de Tomares, con mesas y sillas donde poder tomarse algo.<\/p><p>\u00a1Os esperamos!<\/p>","_et_gb_content_width":"","ngg_post_thumbnail":0,"footnotes":""},"categories":[3],"tags":[],"aioseo_notices":[],"_links":{"self":[{"href":"https:\/\/blogsaverroes.juntadeandalucia.es\/coleinfanta\/wp-json\/wp\/v2\/posts\/8885"}],"collection":[{"href":"https:\/\/blogsaverroes.juntadeandalucia.es\/coleinfanta\/wp-json\/wp\/v2\/posts"}],"about":[{"href":"https:\/\/blogsaverroes.juntadeandalucia.es\/coleinfanta\/wp-json\/wp\/v2\/types\/post"}],"author":[{"embeddable":true,"href":"https:\/\/blogsaverroes.juntadeandalucia.es\/coleinfanta\/wp-json\/wp\/v2\/users\/12908"}],"replies":[{"embeddable":true,"href":"https:\/\/blogsaverroes.juntadeandalucia.es\/coleinfanta\/wp-json\/wp\/v2\/comments?post=8885"}],"version-history":[{"count":3,"href":"https:\/\/blogsaverroes.juntadeandalucia.es\/coleinfanta\/wp-json\/wp\/v2\/posts\/8885\/revisions"}],"predecessor-version":[{"id":8890,"href":"https:\/\/blogsaverroes.juntadeandalucia.es\/coleinfanta\/wp-json\/wp\/v2\/posts\/8885\/revisions\/8890"}],"wp:featuredmedia":[{"embeddable":true,"href":"https:\/\/blogsaverroes.juntadeandalucia.es\/coleinfanta\/wp-json\/wp\/v2\/media\/8886"}],"wp:attachment":[{"href":"https:\/\/blogsaverroes.juntadeandalucia.es\/coleinfanta\/wp-json\/wp\/v2\/media?parent=8885"}],"wp:term":[{"taxonomy":"category","embeddable":true,"href":"https:\/\/blogsaverroes.juntadeandalucia.es\/coleinfanta\/wp-json\/wp\/v2\/categories?post=8885"},{"taxonomy":"post_tag","embeddable":true,"href":"https:\/\/blogsaverroes.juntadeandalucia.es\/coleinfanta\/wp-json\/wp\/v2\/tags?post=8885"}],"curies":[{"name":"wp","href":"https:\/\/api.w.org\/{rel}","templated":true}]}}