{"id":9247,"date":"2022-06-22T14:14:44","date_gmt":"2022-06-22T13:14:44","guid":{"rendered":"https:\/\/blogsaverroes.juntadeandalucia.es\/coleinfanta\/?p=9247"},"modified":"2022-06-26T11:21:13","modified_gmt":"2022-06-26T10:21:13","slug":"taller-de-expresion-corporal-3a","status":"publish","type":"post","link":"https:\/\/blogsaverroes.juntadeandalucia.es\/coleinfanta\/taller-de-expresion-corporal-3a\/","title":{"rendered":"TALLER DE EXPRESI\u00d3N CORPORAL 3\u00b0A"},"content":{"rendered":"<p>[et_pb_section fb_built=&#8221;1&#8243; _builder_version=&#8221;3.22&#8243; global_colors_info=&#8221;{}&#8221;][et_pb_row _builder_version=&#8221;3.25&#8243; background_size=&#8221;initial&#8221; background_position=&#8221;top_left&#8221; background_repeat=&#8221;repeat&#8221; global_colors_info=&#8221;{}&#8221;][et_pb_column type=&#8221;4_4&#8243; _builder_version=&#8221;3.25&#8243; custom_padding=&#8221;|||&#8221; global_colors_info=&#8221;{}&#8221; custom_padding__hover=&#8221;|||&#8221;][et_pb_text _builder_version=&#8221;3.27.4&#8243; background_size=&#8221;initial&#8221; background_position=&#8221;top_left&#8221; background_repeat=&#8221;repeat&#8221; global_colors_info=&#8221;{}&#8221;]El mi\u00e9rcoles, el alumnado de 3\u00b0A realiz\u00f3 un taller de expresi\u00f3n corporal impartido por un antiguo alumno del Centro, Miguel \u00c1ngel Aragon\u00e9s, estudiante de \u00faltimo curso del Conservatorio profesional de danza cl\u00e1sica &#8221; Antonio Ruiz Soler&#8221; y antiguo alumno de D\u00f1a. Pilar Rodr\u00edguez, actualmente tutora de 3\u00b0A.<br \/>\n[\/et_pb_text][et_pb_gallery _builder_version=&#8221;4.14.5&#8243; _module_preset=&#8221;default&#8221; gallery_ids=&#8221;9250,9251,9252,9253,9254,9255,9256,9257,9258&#8243; hover_enabled=&#8221;0&#8243; sticky_enabled=&#8221;0&#8243;][\/et_pb_gallery][\/et_pb_column][\/et_pb_row][\/et_pb_section]<\/p>\n","protected":false},"excerpt":{"rendered":"<p>El mi\u00e9rcoles, el alumnado de 3\u00b0A realiz\u00f3 un taller de expresi\u00f3n corporal impartido por un antiguo alumno del Centro, Miguel \u00c1ngel Aragon\u00e9s, estudiante de \u00faltimo curso del Conservatorio profesional de danza cl\u00e1sica &#8221; Antonio Ruiz Soler&#8221; y antiguo alumno de D\u00f1a. Pilar Rodr\u00edguez, actualmente tutora de 3\u00b0A.<\/p>\n","protected":false},"author":12908,"featured_media":9258,"comment_status":"closed","ping_status":"open","sticky":false,"template":"","format":"gallery","meta":{"_et_pb_use_builder":"on","_et_pb_old_content":"<p>El mi\u00e9rcoles, el alumnado de 3\u00b0A realiz\u00f3 un taller de expresi\u00f3n corporal impartido por un antiguo alumno del Centro, Miguel \u00c1ngel Aragon\u00e9s, estudiante de \u00faltimo curso del Conservatorio profesional de danza cl\u00e1sica \" Antonio Ruiz Soler\" y antiguo alumno de D\u00f1a. Pilar Rodr\u00edguez, actualmente tutora de 3\u00b0A.<\/p>","_et_gb_content_width":"","ngg_post_thumbnail":0,"footnotes":""},"categories":[11],"tags":[],"aioseo_notices":[],"_links":{"self":[{"href":"https:\/\/blogsaverroes.juntadeandalucia.es\/coleinfanta\/wp-json\/wp\/v2\/posts\/9247"}],"collection":[{"href":"https:\/\/blogsaverroes.juntadeandalucia.es\/coleinfanta\/wp-json\/wp\/v2\/posts"}],"about":[{"href":"https:\/\/blogsaverroes.juntadeandalucia.es\/coleinfanta\/wp-json\/wp\/v2\/types\/post"}],"author":[{"embeddable":true,"href":"https:\/\/blogsaverroes.juntadeandalucia.es\/coleinfanta\/wp-json\/wp\/v2\/users\/12908"}],"replies":[{"embeddable":true,"href":"https:\/\/blogsaverroes.juntadeandalucia.es\/coleinfanta\/wp-json\/wp\/v2\/comments?post=9247"}],"version-history":[{"count":2,"href":"https:\/\/blogsaverroes.juntadeandalucia.es\/coleinfanta\/wp-json\/wp\/v2\/posts\/9247\/revisions"}],"predecessor-version":[{"id":9259,"href":"https:\/\/blogsaverroes.juntadeandalucia.es\/coleinfanta\/wp-json\/wp\/v2\/posts\/9247\/revisions\/9259"}],"wp:featuredmedia":[{"embeddable":true,"href":"https:\/\/blogsaverroes.juntadeandalucia.es\/coleinfanta\/wp-json\/wp\/v2\/media\/9258"}],"wp:attachment":[{"href":"https:\/\/blogsaverroes.juntadeandalucia.es\/coleinfanta\/wp-json\/wp\/v2\/media?parent=9247"}],"wp:term":[{"taxonomy":"category","embeddable":true,"href":"https:\/\/blogsaverroes.juntadeandalucia.es\/coleinfanta\/wp-json\/wp\/v2\/categories?post=9247"},{"taxonomy":"post_tag","embeddable":true,"href":"https:\/\/blogsaverroes.juntadeandalucia.es\/coleinfanta\/wp-json\/wp\/v2\/tags?post=9247"}],"curies":[{"name":"wp","href":"https:\/\/api.w.org\/{rel}","templated":true}]}}