{"id":2468,"date":"2017-02-24T09:54:55","date_gmt":"2017-02-24T09:54:55","guid":{"rendered":"http:\/\/blogsaverroes.juntadeandalucia.es\/coleiznatoraf\/?p=2468"},"modified":"2020-09-08T18:01:35","modified_gmt":"2020-09-08T18:01:35","slug":"dia-de-andalucia","status":"publish","type":"post","link":"https:\/\/blogsaverroes.juntadeandalucia.es\/coleiznatoraf\/2017\/02\/24\/dia-de-andalucia\/","title":{"rendered":"D\u00eda de Andaluc\u00eda 2017"},"content":{"rendered":"<p><a href=\"http:\/\/blogsaverroes.juntadeandalucia.es\/coleiznatoraf\/files\/2017\/02\/20170224_101611.jpg\"><img loading=\"lazy\" decoding=\"async\" class=\"size-medium wp-image-2469 alignleft\" src=\"http:\/\/blogsaverroes.juntadeandalucia.es\/coleiznatoraf\/files\/2017\/02\/20170224_101611-300x169.jpg\" alt=\"\" width=\"300\" height=\"169\"><\/a><\/p>\n<p>Dentro de los actos de celebraci\u00f3n del D\u00eda de Andaluc\u00eda en nuestro centro hoy nos ha visitado nuestro amigo y paisano Pedro Guijarro. Ha tra\u00eddo con \u00e9l sus maquetas de almazaras para que todos pudieramos disfrutar y aprender. \u00a1Gracias Pedro!<\/p>\n<p>Los alumnos de ESO hicieron una magn\u00edfica interpretaci\u00f3n del Himno de Andaluc\u00eda. Para terminar todos bailamos unas sevillanas, el baile m\u00e1s t\u00edpico de nuestra tierra.<\/p>\n","protected":false},"excerpt":{"rendered":"<p>Dentro de los actos de celebraci\u00f3n del D\u00eda de Andaluc\u00eda en nuestro centro hoy nos ha visitado nuestro amigo y paisano Pedro Guijarro. Ha tra\u00eddo con \u00e9l sus maquetas de almazaras para que todos&#46;&#46;&#46;<\/p>\n","protected":false},"author":4721,"featured_media":2544,"comment_status":"open","ping_status":"open","sticky":false,"template":"","format":"aside","meta":{"ngg_post_thumbnail":0,"footnotes":""},"categories":[1029591],"tags":[1029588],"aioseo_notices":[],"_links":{"self":[{"href":"https:\/\/blogsaverroes.juntadeandalucia.es\/coleiznatoraf\/wp-json\/wp\/v2\/posts\/2468"}],"collection":[{"href":"https:\/\/blogsaverroes.juntadeandalucia.es\/coleiznatoraf\/wp-json\/wp\/v2\/posts"}],"about":[{"href":"https:\/\/blogsaverroes.juntadeandalucia.es\/coleiznatoraf\/wp-json\/wp\/v2\/types\/post"}],"author":[{"embeddable":true,"href":"https:\/\/blogsaverroes.juntadeandalucia.es\/coleiznatoraf\/wp-json\/wp\/v2\/users\/4721"}],"replies":[{"embeddable":true,"href":"https:\/\/blogsaverroes.juntadeandalucia.es\/coleiznatoraf\/wp-json\/wp\/v2\/comments?post=2468"}],"version-history":[{"count":9,"href":"https:\/\/blogsaverroes.juntadeandalucia.es\/coleiznatoraf\/wp-json\/wp\/v2\/posts\/2468\/revisions"}],"predecessor-version":[{"id":3662,"href":"https:\/\/blogsaverroes.juntadeandalucia.es\/coleiznatoraf\/wp-json\/wp\/v2\/posts\/2468\/revisions\/3662"}],"wp:featuredmedia":[{"embeddable":true,"href":"https:\/\/blogsaverroes.juntadeandalucia.es\/coleiznatoraf\/wp-json\/wp\/v2\/media\/2544"}],"wp:attachment":[{"href":"https:\/\/blogsaverroes.juntadeandalucia.es\/coleiznatoraf\/wp-json\/wp\/v2\/media?parent=2468"}],"wp:term":[{"taxonomy":"category","embeddable":true,"href":"https:\/\/blogsaverroes.juntadeandalucia.es\/coleiznatoraf\/wp-json\/wp\/v2\/categories?post=2468"},{"taxonomy":"post_tag","embeddable":true,"href":"https:\/\/blogsaverroes.juntadeandalucia.es\/coleiznatoraf\/wp-json\/wp\/v2\/tags?post=2468"}],"curies":[{"name":"wp","href":"https:\/\/api.w.org\/{rel}","templated":true}]}}