{"id":2837,"date":"2017-03-14T18:20:02","date_gmt":"2017-03-14T18:20:02","guid":{"rendered":"http:\/\/blogsaverroes.juntadeandalucia.es\/coleiznatoraf\/?p=2837"},"modified":"2020-09-08T18:06:06","modified_gmt":"2020-09-08T18:06:06","slug":"la-escuela-en-el-planetario","status":"publish","type":"post","link":"https:\/\/blogsaverroes.juntadeandalucia.es\/coleiznatoraf\/2017\/03\/14\/la-escuela-en-el-planetario\/","title":{"rendered":"La escuela en el planetario"},"content":{"rendered":"<p><a href=\"http:\/\/blogsaverroes.juntadeandalucia.es\/coleiznatoraf\/files\/2017\/03\/WhatsApp-Image-2017-03-14-at-17.59.50.jpeg\"><img loading=\"lazy\" decoding=\"async\" class=\"size-medium wp-image-2838 alignleft\" src=\"http:\/\/blogsaverroes.juntadeandalucia.es\/coleiznatoraf\/files\/2017\/03\/WhatsApp-Image-2017-03-14-at-17.59.50-300x225.jpeg\" alt=\"\" width=\"300\" height=\"225\" srcset=\"https:\/\/blogsaverroes.juntadeandalucia.es\/coleiznatoraf\/files\/2017\/03\/WhatsApp-Image-2017-03-14-at-17.59.50-300x225.jpeg 300w, https:\/\/blogsaverroes.juntadeandalucia.es\/coleiznatoraf\/files\/2017\/03\/WhatsApp-Image-2017-03-14-at-17.59.50-24x18.jpeg 24w, https:\/\/blogsaverroes.juntadeandalucia.es\/coleiznatoraf\/files\/2017\/03\/WhatsApp-Image-2017-03-14-at-17.59.50-36x27.jpeg 36w, https:\/\/blogsaverroes.juntadeandalucia.es\/coleiznatoraf\/files\/2017\/03\/WhatsApp-Image-2017-03-14-at-17.59.50-48x36.jpeg 48w, https:\/\/blogsaverroes.juntadeandalucia.es\/coleiznatoraf\/files\/2017\/03\/WhatsApp-Image-2017-03-14-at-17.59.50.jpeg 640w\" sizes=\"(max-width: 300px) 100vw, 300px\" \/><\/a>Esta semana podremos disfrutar&nbsp;de una visita muy especial en Iznatoraf. Llev\u00e1bamos ya varios a\u00f1os solicit\u00e1ndolo desde el colegio y por fin, gracias a eduCaixa, el planetario ha llegado a nuestro pueblo para que todos los ni\u00f1os tengan&nbsp;la oportunidad de profundizar en su conocimiento sobre&nbsp;los astros y constelaciones.&nbsp;Se encuentra instalado en el auditorio municipal y hasta all\u00ed, durante estos d\u00edas, se ir\u00e1n desplazando los grupos de alumnos.<\/p>\n","protected":false},"excerpt":{"rendered":"<p>Esta semana podremos disfrutar&nbsp;de una visita muy especial en Iznatoraf. Llev\u00e1bamos ya varios a\u00f1os solicit\u00e1ndolo desde el colegio y por fin, gracias a eduCaixa, el planetario ha llegado a nuestro pueblo para que todos&#46;&#46;&#46;<\/p>\n","protected":false},"author":4721,"featured_media":2838,"comment_status":"open","ping_status":"open","sticky":false,"template":"","format":"aside","meta":{"ngg_post_thumbnail":0,"footnotes":""},"categories":[1029591],"tags":[],"aioseo_notices":[],"_links":{"self":[{"href":"https:\/\/blogsaverroes.juntadeandalucia.es\/coleiznatoraf\/wp-json\/wp\/v2\/posts\/2837"}],"collection":[{"href":"https:\/\/blogsaverroes.juntadeandalucia.es\/coleiznatoraf\/wp-json\/wp\/v2\/posts"}],"about":[{"href":"https:\/\/blogsaverroes.juntadeandalucia.es\/coleiznatoraf\/wp-json\/wp\/v2\/types\/post"}],"author":[{"embeddable":true,"href":"https:\/\/blogsaverroes.juntadeandalucia.es\/coleiznatoraf\/wp-json\/wp\/v2\/users\/4721"}],"replies":[{"embeddable":true,"href":"https:\/\/blogsaverroes.juntadeandalucia.es\/coleiznatoraf\/wp-json\/wp\/v2\/comments?post=2837"}],"version-history":[{"count":2,"href":"https:\/\/blogsaverroes.juntadeandalucia.es\/coleiznatoraf\/wp-json\/wp\/v2\/posts\/2837\/revisions"}],"predecessor-version":[{"id":3664,"href":"https:\/\/blogsaverroes.juntadeandalucia.es\/coleiznatoraf\/wp-json\/wp\/v2\/posts\/2837\/revisions\/3664"}],"wp:featuredmedia":[{"embeddable":true,"href":"https:\/\/blogsaverroes.juntadeandalucia.es\/coleiznatoraf\/wp-json\/wp\/v2\/media\/2838"}],"wp:attachment":[{"href":"https:\/\/blogsaverroes.juntadeandalucia.es\/coleiznatoraf\/wp-json\/wp\/v2\/media?parent=2837"}],"wp:term":[{"taxonomy":"category","embeddable":true,"href":"https:\/\/blogsaverroes.juntadeandalucia.es\/coleiznatoraf\/wp-json\/wp\/v2\/categories?post=2837"},{"taxonomy":"post_tag","embeddable":true,"href":"https:\/\/blogsaverroes.juntadeandalucia.es\/coleiznatoraf\/wp-json\/wp\/v2\/tags?post=2837"}],"curies":[{"name":"wp","href":"https:\/\/api.w.org\/{rel}","templated":true}]}}