{"id":2884,"date":"2017-03-14T19:06:05","date_gmt":"2017-03-14T19:06:05","guid":{"rendered":"http:\/\/blogsaverroes.juntadeandalucia.es\/coleiznatoraf\/?p=2884"},"modified":"2020-09-08T18:06:44","modified_gmt":"2020-09-08T18:06:44","slug":"celebracion-del-dia-de-la-mujer","status":"publish","type":"post","link":"https:\/\/blogsaverroes.juntadeandalucia.es\/coleiznatoraf\/2017\/03\/14\/celebracion-del-dia-de-la-mujer\/","title":{"rendered":"Celebraci\u00f3n del D\u00eda de la Mujer"},"content":{"rendered":"<p><a href=\"http:\/\/blogsaverroes.juntadeandalucia.es\/coleiznatoraf\/files\/2017\/03\/20170308_111250.jpg\"><img loading=\"lazy\" decoding=\"async\" class=\"size-medium wp-image-2886 alignleft\" src=\"http:\/\/blogsaverroes.juntadeandalucia.es\/coleiznatoraf\/files\/2017\/03\/20170308_111250-300x225.jpg\" alt=\"\" width=\"300\" height=\"225\" srcset=\"https:\/\/blogsaverroes.juntadeandalucia.es\/coleiznatoraf\/files\/2017\/03\/20170308_111250-300x225.jpg 300w, https:\/\/blogsaverroes.juntadeandalucia.es\/coleiznatoraf\/files\/2017\/03\/20170308_111250-24x18.jpg 24w, https:\/\/blogsaverroes.juntadeandalucia.es\/coleiznatoraf\/files\/2017\/03\/20170308_111250-36x27.jpg 36w, https:\/\/blogsaverroes.juntadeandalucia.es\/coleiznatoraf\/files\/2017\/03\/20170308_111250-48x36.jpg 48w, https:\/\/blogsaverroes.juntadeandalucia.es\/coleiznatoraf\/files\/2017\/03\/20170308_111250.jpg 640w\" sizes=\"(max-width: 300px) 100vw, 300px\" \/><\/a><\/p>\n<p>Con la colaboraci\u00f3n del Excmo. Ayuntamiento de Iznatoraf y con la participaci\u00f3n de asociaciones de mujeres de la localidad, nuestro centro celebr\u00f3 el D\u00eda Internacional de la Mujer. Fueron muchas las actividades que se realizaron durante la ma\u00f1ana del d\u00eda 8 de marzo.<\/p>\n","protected":false},"excerpt":{"rendered":"<p>Con la colaboraci\u00f3n del Excmo. Ayuntamiento de Iznatoraf y con la participaci\u00f3n de asociaciones de mujeres de la localidad, nuestro centro celebr\u00f3 el D\u00eda Internacional de la Mujer. Fueron muchas las actividades que se&#46;&#46;&#46;<\/p>\n","protected":false},"author":4721,"featured_media":2886,"comment_status":"open","ping_status":"open","sticky":false,"template":"","format":"aside","meta":{"ngg_post_thumbnail":0,"footnotes":""},"categories":[1029591],"tags":[],"aioseo_notices":[],"_links":{"self":[{"href":"https:\/\/blogsaverroes.juntadeandalucia.es\/coleiznatoraf\/wp-json\/wp\/v2\/posts\/2884"}],"collection":[{"href":"https:\/\/blogsaverroes.juntadeandalucia.es\/coleiznatoraf\/wp-json\/wp\/v2\/posts"}],"about":[{"href":"https:\/\/blogsaverroes.juntadeandalucia.es\/coleiznatoraf\/wp-json\/wp\/v2\/types\/post"}],"author":[{"embeddable":true,"href":"https:\/\/blogsaverroes.juntadeandalucia.es\/coleiznatoraf\/wp-json\/wp\/v2\/users\/4721"}],"replies":[{"embeddable":true,"href":"https:\/\/blogsaverroes.juntadeandalucia.es\/coleiznatoraf\/wp-json\/wp\/v2\/comments?post=2884"}],"version-history":[{"count":4,"href":"https:\/\/blogsaverroes.juntadeandalucia.es\/coleiznatoraf\/wp-json\/wp\/v2\/posts\/2884\/revisions"}],"predecessor-version":[{"id":3665,"href":"https:\/\/blogsaverroes.juntadeandalucia.es\/coleiznatoraf\/wp-json\/wp\/v2\/posts\/2884\/revisions\/3665"}],"wp:featuredmedia":[{"embeddable":true,"href":"https:\/\/blogsaverroes.juntadeandalucia.es\/coleiznatoraf\/wp-json\/wp\/v2\/media\/2886"}],"wp:attachment":[{"href":"https:\/\/blogsaverroes.juntadeandalucia.es\/coleiznatoraf\/wp-json\/wp\/v2\/media?parent=2884"}],"wp:term":[{"taxonomy":"category","embeddable":true,"href":"https:\/\/blogsaverroes.juntadeandalucia.es\/coleiznatoraf\/wp-json\/wp\/v2\/categories?post=2884"},{"taxonomy":"post_tag","embeddable":true,"href":"https:\/\/blogsaverroes.juntadeandalucia.es\/coleiznatoraf\/wp-json\/wp\/v2\/tags?post=2884"}],"curies":[{"name":"wp","href":"https:\/\/api.w.org\/{rel}","templated":true}]}}