{"id":3364,"date":"2017-12-25T18:00:35","date_gmt":"2017-12-25T18:00:35","guid":{"rendered":"http:\/\/blogsaverroes.juntadeandalucia.es\/coleiznatoraf\/?p=3364"},"modified":"2020-09-08T18:15:29","modified_gmt":"2020-09-08T18:15:29","slug":"navidad-2017","status":"publish","type":"post","link":"https:\/\/blogsaverroes.juntadeandalucia.es\/coleiznatoraf\/2017\/12\/25\/navidad-2017\/","title":{"rendered":"Navidad 2017"},"content":{"rendered":"<p>Se acaba el trimestre y llega la Navidad. El colegio, como viene siendo habitual, contribuye a que la comunidad iznatorafe\u00f1a viva la magia de estos d\u00edas. Se han venido realizando una serie de actos que ahora os resumimos:<\/p>\n<h2>Concurso de felicitaciones navide\u00f1as<\/h2>\n<p>Los alumnos del centro, con todo el cari\u00f1o que se merece, han realizado sus tarjetas navide\u00f1as. El conjunto de todas ellas ha servido para formar el precioso \u00e1rbol que se ha plantado en el escenario del auditorio municipal. De cada ciclo educativo se ha seleccionado la m\u00e1s representativa que a su vez ha servido para felicitar las pascuas a las familias de los cursos implicados. Aqu\u00ed os mostramos las tarjetas seleccionadas en cada nivel. \u00a1En este cole hay verdaderos artistas!<\/p>\n<h2>T\u00f3mbola Solidaria<\/h2>\n<p><a href=\"https:\/\/blogsaverroes.juntadeandalucia.es\/coleiznatoraf\/files\/2017\/12\/Image31.jpg\"><img loading=\"lazy\" decoding=\"async\" class=\"size-medium wp-image-3275 alignleft\" src=\"https:\/\/blogsaverroes.juntadeandalucia.es\/coleiznatoraf\/files\/2017\/12\/Image31-300x169.jpg\" alt=\"\" width=\"300\" height=\"169\" srcset=\"https:\/\/blogsaverroes.juntadeandalucia.es\/coleiznatoraf\/files\/2017\/12\/Image31-300x169.jpg 300w, https:\/\/blogsaverroes.juntadeandalucia.es\/coleiznatoraf\/files\/2017\/12\/Image31-24x14.jpg 24w, https:\/\/blogsaverroes.juntadeandalucia.es\/coleiznatoraf\/files\/2017\/12\/Image31-36x20.jpg 36w, https:\/\/blogsaverroes.juntadeandalucia.es\/coleiznatoraf\/files\/2017\/12\/Image31-48x27.jpg 48w, https:\/\/blogsaverroes.juntadeandalucia.es\/coleiznatoraf\/files\/2017\/12\/Image31.jpg 640w\" sizes=\"(max-width: 300px) 100vw, 300px\" \/><\/a>Los alumnos de tercer ciclo han visitado los comercios de la localidad para pedir colaboraci\u00f3n en esta actividad. El resultado de todo lo recolectado se ha podido contemplar en el auditorio municipal donde la tarde del pasado d\u00eda 20 de diciembre se celebr\u00f3 la tradicional T\u00f3mbola Solidaria. La colaboraci\u00f3n del pueblo de Iznatoraf en esta causa ha vuelto a ser primordial. Todo lo recaudado se enviar\u00e1 a Bolivia, para ayudar a la dotaci\u00f3n de aulas de educaci\u00f3n especial. \u00a1Gracias a todos por vuestra colaboraci\u00f3n!<\/p>\n<h2>Festival de Navidad<\/h2>\n<p>Todos los grupos de alumnos participaron en el tradicional Festival de Navidad. Un a\u00f1o m\u00e1s nos deleitaron con sus actuaciones, nos hicieron reir y so\u00f1ar. El acto result\u00f3 hermoso y entra\u00f1able. La gente de Iznatoraf llen\u00f3 el auditorio para contemplar a estos peque\u00f1os artistas.<\/p>\n<h2>El \u00c1rbol de los Sue\u00f1os<\/h2>\n<p>Para completar las actividades navide\u00f1as el viernes subimos al pueblo para decorar con nuestro mejores deseos de paz y amor el \u00e1rbol navide\u00f1o que ha plantado el Ayuntamiento en la plaza de la localidad. Nos encanta participar en este tipo de iniciativas que sirven para ambientar y embellecer nuestro bonito pueblo.<\/p>\n","protected":false},"excerpt":{"rendered":"<p>Se acaba el trimestre y llega la Navidad. El colegio, como viene siendo habitual, contribuye a que la comunidad iznatorafe\u00f1a viva la magia de estos d\u00edas. Se han venido realizando una serie de actos&#46;&#46;&#46;<\/p>\n","protected":false},"author":4721,"featured_media":3273,"comment_status":"open","ping_status":"open","sticky":false,"template":"","format":"aside","meta":{"ngg_post_thumbnail":0,"footnotes":""},"categories":[1029591],"tags":[],"aioseo_notices":[],"_links":{"self":[{"href":"https:\/\/blogsaverroes.juntadeandalucia.es\/coleiznatoraf\/wp-json\/wp\/v2\/posts\/3364"}],"collection":[{"href":"https:\/\/blogsaverroes.juntadeandalucia.es\/coleiznatoraf\/wp-json\/wp\/v2\/posts"}],"about":[{"href":"https:\/\/blogsaverroes.juntadeandalucia.es\/coleiznatoraf\/wp-json\/wp\/v2\/types\/post"}],"author":[{"embeddable":true,"href":"https:\/\/blogsaverroes.juntadeandalucia.es\/coleiznatoraf\/wp-json\/wp\/v2\/users\/4721"}],"replies":[{"embeddable":true,"href":"https:\/\/blogsaverroes.juntadeandalucia.es\/coleiznatoraf\/wp-json\/wp\/v2\/comments?post=3364"}],"version-history":[{"count":3,"href":"https:\/\/blogsaverroes.juntadeandalucia.es\/coleiznatoraf\/wp-json\/wp\/v2\/posts\/3364\/revisions"}],"predecessor-version":[{"id":3676,"href":"https:\/\/blogsaverroes.juntadeandalucia.es\/coleiznatoraf\/wp-json\/wp\/v2\/posts\/3364\/revisions\/3676"}],"wp:featuredmedia":[{"embeddable":true,"href":"https:\/\/blogsaverroes.juntadeandalucia.es\/coleiznatoraf\/wp-json\/wp\/v2\/media\/3273"}],"wp:attachment":[{"href":"https:\/\/blogsaverroes.juntadeandalucia.es\/coleiznatoraf\/wp-json\/wp\/v2\/media?parent=3364"}],"wp:term":[{"taxonomy":"category","embeddable":true,"href":"https:\/\/blogsaverroes.juntadeandalucia.es\/coleiznatoraf\/wp-json\/wp\/v2\/categories?post=3364"},{"taxonomy":"post_tag","embeddable":true,"href":"https:\/\/blogsaverroes.juntadeandalucia.es\/coleiznatoraf\/wp-json\/wp\/v2\/tags?post=3364"}],"curies":[{"name":"wp","href":"https:\/\/api.w.org\/{rel}","templated":true}]}}