{"id":4173,"date":"2021-04-23T19:28:23","date_gmt":"2021-04-23T19:28:23","guid":{"rendered":"http:\/\/blogsaverroes.juntadeandalucia.es\/coleiznatoraf\/?p=4173"},"modified":"2021-04-23T19:47:33","modified_gmt":"2021-04-23T19:47:33","slug":"dia-del-libro-2021","status":"publish","type":"post","link":"https:\/\/blogsaverroes.juntadeandalucia.es\/coleiznatoraf\/2021\/04\/23\/dia-del-libro-2021\/","title":{"rendered":"D\u00cdA DEL LIBRO 2021"},"content":{"rendered":"<p>Aqu\u00ed os dejamos una muestra de las actividades que nuestro centro ha realizado para el D\u00eda del libro. Los alumnos\/as han disfrutado mucho del cuentacuentos y han dejado volar su imaginaci\u00f3n en la elaboraci\u00f3n de sus escritos y dibujos para los Concursos \u00abEscribo un cuento\u00bb y \u00abDibujo un cuento\u00bb<\/p>\n<h3>Cuentacuentos \u00abLa jirafa que no sab\u00eda bailar\u00bb<\/h3>\n<div style=\"width: 426px;\" class=\"wp-video\"><!--[if lt IE 9]><script>document.createElement('video');<\/script><![endif]-->\n<video class=\"wp-video-shortcode\" id=\"video-4173-1\" width=\"426\" height=\"240\" preload=\"metadata\" controls=\"controls\"><source type=\"video\/mp4\" src=\"https:\/\/blogsaverroes.juntadeandalucia.es\/coleiznatoraf\/files\/2021\/04\/libro-21.mp4?_=1\" \/><a href=\"https:\/\/blogsaverroes.juntadeandalucia.es\/coleiznatoraf\/files\/2021\/04\/libro-21.mp4\">https:\/\/blogsaverroes.juntadeandalucia.es\/coleiznatoraf\/files\/2021\/04\/libro-21.mp4<\/a><\/video><\/div>\n<p>&nbsp;<\/p>\n<h3>Concursos \u00abEscribo un cuento\u00bb y \u00abDibujo un cuento\u00bb<\/h3>\n<div style=\"width: 426px;\" class=\"wp-video\"><video class=\"wp-video-shortcode\" id=\"video-4173-2\" width=\"426\" height=\"240\" preload=\"metadata\" controls=\"controls\"><source type=\"video\/mp4\" src=\"https:\/\/blogsaverroes.juntadeandalucia.es\/coleiznatoraf\/files\/2021\/04\/premios-libro-21.mp4?_=2\" \/><a href=\"https:\/\/blogsaverroes.juntadeandalucia.es\/coleiznatoraf\/files\/2021\/04\/premios-libro-21.mp4\">https:\/\/blogsaverroes.juntadeandalucia.es\/coleiznatoraf\/files\/2021\/04\/premios-libro-21.mp4<\/a><\/video><\/div>\n<h3>&nbsp;<\/h3>\n<p><object data=\"https:\/\/blogsaverroes.juntadeandalucia.es\/coleiznatoraf\/files\/2021\/04\/Concurso-Escribo-un-Cuento.pdf?#zoom=85&amp;scrollbar=0&amp;toolbar=0&amp;navpanes=0\" type=\"application\/pdf\" width=\"300\" height=\"450\"><span data-mce-type=\"bookmark\" style=\"width: 0px;overflow: hidden;line-height: 0\" class=\"mce_SELRES_start\"><\/span><span data-mce-type=\"bookmark\" style=\"width: 0px;overflow: hidden;line-height: 0\" class=\"mce_SELRES_start\"><\/span> <span data-mce-type=\"bookmark\" style=\"width: 0px;overflow: hidden;line-height: 0\" class=\"mce_SELRES_start\">\ufeff<\/span><embed src=\"https:\/\/blogsaverroes.juntadeandalucia.es\/coleiznatoraf\/files\/2021\/04\/Concurso-Escribo-un-Cuento.pdf?#zoom=85&amp;scrollbar=0&amp;toolbar=0&amp;navpanes=0\" type=\"application\/pdf\"><span data-mce-type=\"bookmark\" style=\"width: 0px;overflow: hidden;line-height: 0\" class=\"mce_SELRES_end\">\ufeff<\/span><\/object><\/p>\n","protected":false},"excerpt":{"rendered":"<p>Aqu\u00ed os dejamos una muestra de las actividades que nuestro centro ha realizado para el D\u00eda del libro. Los alumnos\/as han disfrutado mucho del cuentacuentos y han dejado volar su imaginaci\u00f3n en la elaboraci\u00f3n&#46;&#46;&#46;<\/p>\n","protected":false},"author":4721,"featured_media":4184,"comment_status":"open","ping_status":"open","sticky":false,"template":"","format":"standard","meta":{"ngg_post_thumbnail":0,"footnotes":""},"categories":[11909],"tags":[],"aioseo_notices":[],"_links":{"self":[{"href":"https:\/\/blogsaverroes.juntadeandalucia.es\/coleiznatoraf\/wp-json\/wp\/v2\/posts\/4173"}],"collection":[{"href":"https:\/\/blogsaverroes.juntadeandalucia.es\/coleiznatoraf\/wp-json\/wp\/v2\/posts"}],"about":[{"href":"https:\/\/blogsaverroes.juntadeandalucia.es\/coleiznatoraf\/wp-json\/wp\/v2\/types\/post"}],"author":[{"embeddable":true,"href":"https:\/\/blogsaverroes.juntadeandalucia.es\/coleiznatoraf\/wp-json\/wp\/v2\/users\/4721"}],"replies":[{"embeddable":true,"href":"https:\/\/blogsaverroes.juntadeandalucia.es\/coleiznatoraf\/wp-json\/wp\/v2\/comments?post=4173"}],"version-history":[{"count":6,"href":"https:\/\/blogsaverroes.juntadeandalucia.es\/coleiznatoraf\/wp-json\/wp\/v2\/posts\/4173\/revisions"}],"predecessor-version":[{"id":4187,"href":"https:\/\/blogsaverroes.juntadeandalucia.es\/coleiznatoraf\/wp-json\/wp\/v2\/posts\/4173\/revisions\/4187"}],"wp:featuredmedia":[{"embeddable":true,"href":"https:\/\/blogsaverroes.juntadeandalucia.es\/coleiznatoraf\/wp-json\/wp\/v2\/media\/4184"}],"wp:attachment":[{"href":"https:\/\/blogsaverroes.juntadeandalucia.es\/coleiznatoraf\/wp-json\/wp\/v2\/media?parent=4173"}],"wp:term":[{"taxonomy":"category","embeddable":true,"href":"https:\/\/blogsaverroes.juntadeandalucia.es\/coleiznatoraf\/wp-json\/wp\/v2\/categories?post=4173"},{"taxonomy":"post_tag","embeddable":true,"href":"https:\/\/blogsaverroes.juntadeandalucia.es\/coleiznatoraf\/wp-json\/wp\/v2\/tags?post=4173"}],"curies":[{"name":"wp","href":"https:\/\/api.w.org\/{rel}","templated":true}]}}