{"id":4241,"date":"2021-05-23T05:29:11","date_gmt":"2021-05-23T05:29:11","guid":{"rendered":"http:\/\/blogsaverroes.juntadeandalucia.es\/coleiznatoraf\/?p=4241"},"modified":"2021-05-23T05:54:51","modified_gmt":"2021-05-23T05:54:51","slug":"educando-en-igualdad-sumando-esfuerzos-para-prevenir-la-violencia-de-genero","status":"publish","type":"post","link":"https:\/\/blogsaverroes.juntadeandalucia.es\/coleiznatoraf\/2021\/05\/23\/educando-en-igualdad-sumando-esfuerzos-para-prevenir-la-violencia-de-genero\/","title":{"rendered":"\u201cEducando en Igualdad: sumando esfuerzos para prevenir la violencia de g\u00e9nero\u201d"},"content":{"rendered":"<p><a href=\"https:\/\/blogsaverroes.juntadeandalucia.es\/coleiznatoraf\/files\/2021\/05\/Banner-tres-logos-1.jpg\"><img loading=\"lazy\" decoding=\"async\" class=\"alignnone size-medium wp-image-4247\" src=\"https:\/\/blogsaverroes.juntadeandalucia.es\/coleiznatoraf\/files\/2021\/05\/Banner-tres-logos-1-300x51.jpg\" alt=\"\" width=\"300\" height=\"51\" srcset=\"https:\/\/blogsaverroes.juntadeandalucia.es\/coleiznatoraf\/files\/2021\/05\/Banner-tres-logos-1-300x51.jpg 300w, https:\/\/blogsaverroes.juntadeandalucia.es\/coleiznatoraf\/files\/2021\/05\/Banner-tres-logos-1-1024x173.jpg 1024w, https:\/\/blogsaverroes.juntadeandalucia.es\/coleiznatoraf\/files\/2021\/05\/Banner-tres-logos-1-768x129.jpg 768w, https:\/\/blogsaverroes.juntadeandalucia.es\/coleiznatoraf\/files\/2021\/05\/Banner-tres-logos-1-1140x198.jpg 1140w, https:\/\/blogsaverroes.juntadeandalucia.es\/coleiznatoraf\/files\/2021\/05\/Banner-tres-logos-1-700x118.jpg 700w, https:\/\/blogsaverroes.juntadeandalucia.es\/coleiznatoraf\/files\/2021\/05\/Banner-tres-logos-1-332x56.jpg 332w, https:\/\/blogsaverroes.juntadeandalucia.es\/coleiznatoraf\/files\/2021\/05\/Banner-tres-logos-1.jpg 1175w\" sizes=\"(max-width: 300px) 100vw, 300px\" \/><\/a><\/p>\n<p>Este viernes, a trav\u00e9s de la coordinadora de Igualdad del Excmo. Ayuntamiento de Iznatoraf,&nbsp; M\u00aa Jos\u00e9, el alumnado de 3\u00ba ciclo E. Primaria y ESO &nbsp; ha participado en la Charla sobre Prevenci\u00f3n de Violencia de G\u00e9nero, con la&nbsp; se pretende trabajar con el alumnado&nbsp; las habilidades para detectar y evitar la violencia de g\u00e9nero, motivando un cambio de actitudes que promuevan relaciones igualitarias entre las y los j\u00f3venes, para ello, ha utilizado el cuento \u00abPepuca y el monstruo que le borr\u00f3 su sonrisa\u00bb.<\/p>\n<p>&nbsp;<\/p>\nngg_shortcode_0_placeholder\n","protected":false},"excerpt":{"rendered":"<p>Este viernes, a trav\u00e9s de la coordinadora de Igualdad del Excmo. Ayuntamiento de Iznatoraf,&nbsp; M\u00aa Jos\u00e9, el alumnado de 3\u00ba ciclo E. Primaria y ESO &nbsp; ha participado en la Charla sobre Prevenci\u00f3n de&#46;&#46;&#46;<\/p>\n","protected":false},"author":4721,"featured_media":4242,"comment_status":"open","ping_status":"open","sticky":false,"template":"","format":"standard","meta":{"ngg_post_thumbnail":0,"footnotes":""},"categories":[11909],"tags":[],"aioseo_notices":[],"_links":{"self":[{"href":"https:\/\/blogsaverroes.juntadeandalucia.es\/coleiznatoraf\/wp-json\/wp\/v2\/posts\/4241"}],"collection":[{"href":"https:\/\/blogsaverroes.juntadeandalucia.es\/coleiznatoraf\/wp-json\/wp\/v2\/posts"}],"about":[{"href":"https:\/\/blogsaverroes.juntadeandalucia.es\/coleiznatoraf\/wp-json\/wp\/v2\/types\/post"}],"author":[{"embeddable":true,"href":"https:\/\/blogsaverroes.juntadeandalucia.es\/coleiznatoraf\/wp-json\/wp\/v2\/users\/4721"}],"replies":[{"embeddable":true,"href":"https:\/\/blogsaverroes.juntadeandalucia.es\/coleiznatoraf\/wp-json\/wp\/v2\/comments?post=4241"}],"version-history":[{"count":5,"href":"https:\/\/blogsaverroes.juntadeandalucia.es\/coleiznatoraf\/wp-json\/wp\/v2\/posts\/4241\/revisions"}],"predecessor-version":[{"id":4248,"href":"https:\/\/blogsaverroes.juntadeandalucia.es\/coleiznatoraf\/wp-json\/wp\/v2\/posts\/4241\/revisions\/4248"}],"wp:featuredmedia":[{"embeddable":true,"href":"https:\/\/blogsaverroes.juntadeandalucia.es\/coleiznatoraf\/wp-json\/wp\/v2\/media\/4242"}],"wp:attachment":[{"href":"https:\/\/blogsaverroes.juntadeandalucia.es\/coleiznatoraf\/wp-json\/wp\/v2\/media?parent=4241"}],"wp:term":[{"taxonomy":"category","embeddable":true,"href":"https:\/\/blogsaverroes.juntadeandalucia.es\/coleiznatoraf\/wp-json\/wp\/v2\/categories?post=4241"},{"taxonomy":"post_tag","embeddable":true,"href":"https:\/\/blogsaverroes.juntadeandalucia.es\/coleiznatoraf\/wp-json\/wp\/v2\/tags?post=4241"}],"curies":[{"name":"wp","href":"https:\/\/api.w.org\/{rel}","templated":true}]}}