{"id":4263,"date":"2021-05-26T16:02:43","date_gmt":"2021-05-26T16:02:43","guid":{"rendered":"https:\/\/blogsaverroes.juntadeandalucia.es\/coleiznatoraf\/?p=4263"},"modified":"2021-05-26T16:03:35","modified_gmt":"2021-05-26T16:03:35","slug":"visita-guiada","status":"publish","type":"post","link":"https:\/\/blogsaverroes.juntadeandalucia.es\/coleiznatoraf\/2021\/05\/26\/visita-guiada\/","title":{"rendered":"Visita guiada"},"content":{"rendered":"\n<p>El pasado lunes el alumnado de 3\u00b0 ciclo de Ed. Primaria de nuestro cole hicieron de gu\u00edas tur\u00edsticos para  dos de sus maestras, la se\u00f1o Roc\u00edo y  la se\u00f1o Pilar, que quedaron encantadas con la belleza de sus calles y las espectaculares vistas de sus miradores. \u00a1Iznatorafenamora! <\/p>\n\n\n\n<figure class=\"wp-block-image size-large\"><img loading=\"lazy\" decoding=\"async\" width=\"1536\" height=\"2048\" src=\"https:\/\/blogsaverroes.juntadeandalucia.es\/coleiznatoraf\/files\/2021\/05\/IMG-20210525-WA0013.jpg\" alt=\"\" class=\"wp-image-4258\" srcset=\"https:\/\/blogsaverroes.juntadeandalucia.es\/coleiznatoraf\/files\/2021\/05\/IMG-20210525-WA0013.jpg 1536w, https:\/\/blogsaverroes.juntadeandalucia.es\/coleiznatoraf\/files\/2021\/05\/IMG-20210525-WA0013-225x300.jpg 225w, https:\/\/blogsaverroes.juntadeandalucia.es\/coleiznatoraf\/files\/2021\/05\/IMG-20210525-WA0013-768x1024.jpg 768w, https:\/\/blogsaverroes.juntadeandalucia.es\/coleiznatoraf\/files\/2021\/05\/IMG-20210525-WA0013-1152x1536.jpg 1152w, https:\/\/blogsaverroes.juntadeandalucia.es\/coleiznatoraf\/files\/2021\/05\/IMG-20210525-WA0013-700x933.jpg 700w, https:\/\/blogsaverroes.juntadeandalucia.es\/coleiznatoraf\/files\/2021\/05\/IMG-20210525-WA0013-332x443.jpg 332w\" sizes=\"(max-width: 1536px) 100vw, 1536px\" \/><\/figure>\n\n\n\n<figure class=\"wp-block-image\"><img loading=\"lazy\" decoding=\"async\" width=\"1600\" height=\"900\" src=\"https:\/\/blogsaverroes.juntadeandalucia.es\/coleiznatoraf\/files\/2021\/05\/IMG-20210525-WA0014.jpg\" alt=\"\" class=\"wp-image-4255\" srcset=\"https:\/\/blogsaverroes.juntadeandalucia.es\/coleiznatoraf\/files\/2021\/05\/IMG-20210525-WA0014.jpg 1600w, https:\/\/blogsaverroes.juntadeandalucia.es\/coleiznatoraf\/files\/2021\/05\/IMG-20210525-WA0014-300x169.jpg 300w, https:\/\/blogsaverroes.juntadeandalucia.es\/coleiznatoraf\/files\/2021\/05\/IMG-20210525-WA0014-1024x576.jpg 1024w, https:\/\/blogsaverroes.juntadeandalucia.es\/coleiznatoraf\/files\/2021\/05\/IMG-20210525-WA0014-768x432.jpg 768w, https:\/\/blogsaverroes.juntadeandalucia.es\/coleiznatoraf\/files\/2021\/05\/IMG-20210525-WA0014-1536x864.jpg 1536w, https:\/\/blogsaverroes.juntadeandalucia.es\/coleiznatoraf\/files\/2021\/05\/IMG-20210525-WA0014-700x393.jpg 700w, https:\/\/blogsaverroes.juntadeandalucia.es\/coleiznatoraf\/files\/2021\/05\/IMG-20210525-WA0014-332x187.jpg 332w\" sizes=\"(max-width: 1600px) 100vw, 1600px\" \/><\/figure>\n\n\n\n<figure class=\"wp-block-image\"><img loading=\"lazy\" decoding=\"async\" width=\"2048\" height=\"1536\" src=\"https:\/\/blogsaverroes.juntadeandalucia.es\/coleiznatoraf\/files\/2021\/05\/IMG-20210525-WA0011.jpg\" alt=\"\" class=\"wp-image-4259\" srcset=\"https:\/\/blogsaverroes.juntadeandalucia.es\/coleiznatoraf\/files\/2021\/05\/IMG-20210525-WA0011.jpg 2048w, https:\/\/blogsaverroes.juntadeandalucia.es\/coleiznatoraf\/files\/2021\/05\/IMG-20210525-WA0011-300x225.jpg 300w, https:\/\/blogsaverroes.juntadeandalucia.es\/coleiznatoraf\/files\/2021\/05\/IMG-20210525-WA0011-1024x768.jpg 1024w, https:\/\/blogsaverroes.juntadeandalucia.es\/coleiznatoraf\/files\/2021\/05\/IMG-20210525-WA0011-768x576.jpg 768w, https:\/\/blogsaverroes.juntadeandalucia.es\/coleiznatoraf\/files\/2021\/05\/IMG-20210525-WA0011-1536x1152.jpg 1536w, https:\/\/blogsaverroes.juntadeandalucia.es\/coleiznatoraf\/files\/2021\/05\/IMG-20210525-WA0011-700x525.jpg 700w, https:\/\/blogsaverroes.juntadeandalucia.es\/coleiznatoraf\/files\/2021\/05\/IMG-20210525-WA0011-332x249.jpg 332w\" sizes=\"(max-width: 2048px) 100vw, 2048px\" \/><\/figure>\n\n\n\n<figure class=\"wp-block-image\"><img loading=\"lazy\" decoding=\"async\" width=\"900\" height=\"1600\" src=\"https:\/\/blogsaverroes.juntadeandalucia.es\/coleiznatoraf\/files\/2021\/05\/IMG-20210525-WA0010.jpg\" alt=\"\" class=\"wp-image-4257\" srcset=\"https:\/\/blogsaverroes.juntadeandalucia.es\/coleiznatoraf\/files\/2021\/05\/IMG-20210525-WA0010.jpg 900w, https:\/\/blogsaverroes.juntadeandalucia.es\/coleiznatoraf\/files\/2021\/05\/IMG-20210525-WA0010-169x300.jpg 169w, https:\/\/blogsaverroes.juntadeandalucia.es\/coleiznatoraf\/files\/2021\/05\/IMG-20210525-WA0010-576x1024.jpg 576w, https:\/\/blogsaverroes.juntadeandalucia.es\/coleiznatoraf\/files\/2021\/05\/IMG-20210525-WA0010-768x1365.jpg 768w, https:\/\/blogsaverroes.juntadeandalucia.es\/coleiznatoraf\/files\/2021\/05\/IMG-20210525-WA0010-864x1536.jpg 864w, https:\/\/blogsaverroes.juntadeandalucia.es\/coleiznatoraf\/files\/2021\/05\/IMG-20210525-WA0010-700x1244.jpg 700w, https:\/\/blogsaverroes.juntadeandalucia.es\/coleiznatoraf\/files\/2021\/05\/IMG-20210525-WA0010-332x590.jpg 332w\" sizes=\"(max-width: 900px) 100vw, 900px\" \/><\/figure>\n\n\n\n<figure class=\"wp-block-image\"><img loading=\"lazy\" decoding=\"async\" width=\"900\" height=\"1600\" src=\"https:\/\/blogsaverroes.juntadeandalucia.es\/coleiznatoraf\/files\/2021\/05\/IMG-20210525-WA0009.jpg\" alt=\"\" class=\"wp-image-4261\" srcset=\"https:\/\/blogsaverroes.juntadeandalucia.es\/coleiznatoraf\/files\/2021\/05\/IMG-20210525-WA0009.jpg 900w, https:\/\/blogsaverroes.juntadeandalucia.es\/coleiznatoraf\/files\/2021\/05\/IMG-20210525-WA0009-169x300.jpg 169w, https:\/\/blogsaverroes.juntadeandalucia.es\/coleiznatoraf\/files\/2021\/05\/IMG-20210525-WA0009-576x1024.jpg 576w, https:\/\/blogsaverroes.juntadeandalucia.es\/coleiznatoraf\/files\/2021\/05\/IMG-20210525-WA0009-768x1365.jpg 768w, https:\/\/blogsaverroes.juntadeandalucia.es\/coleiznatoraf\/files\/2021\/05\/IMG-20210525-WA0009-864x1536.jpg 864w, https:\/\/blogsaverroes.juntadeandalucia.es\/coleiznatoraf\/files\/2021\/05\/IMG-20210525-WA0009-700x1244.jpg 700w, https:\/\/blogsaverroes.juntadeandalucia.es\/coleiznatoraf\/files\/2021\/05\/IMG-20210525-WA0009-332x590.jpg 332w\" sizes=\"(max-width: 900px) 100vw, 900px\" \/><\/figure>\n\n\n\n<figure class=\"wp-block-image\"><img loading=\"lazy\" decoding=\"async\" width=\"1600\" height=\"900\" src=\"https:\/\/blogsaverroes.juntadeandalucia.es\/coleiznatoraf\/files\/2021\/05\/IMG-20210525-WA0006.jpg\" alt=\"\" class=\"wp-image-4256\" srcset=\"https:\/\/blogsaverroes.juntadeandalucia.es\/coleiznatoraf\/files\/2021\/05\/IMG-20210525-WA0006.jpg 1600w, https:\/\/blogsaverroes.juntadeandalucia.es\/coleiznatoraf\/files\/2021\/05\/IMG-20210525-WA0006-300x169.jpg 300w, https:\/\/blogsaverroes.juntadeandalucia.es\/coleiznatoraf\/files\/2021\/05\/IMG-20210525-WA0006-1024x576.jpg 1024w, https:\/\/blogsaverroes.juntadeandalucia.es\/coleiznatoraf\/files\/2021\/05\/IMG-20210525-WA0006-768x432.jpg 768w, https:\/\/blogsaverroes.juntadeandalucia.es\/coleiznatoraf\/files\/2021\/05\/IMG-20210525-WA0006-1536x864.jpg 1536w, https:\/\/blogsaverroes.juntadeandalucia.es\/coleiznatoraf\/files\/2021\/05\/IMG-20210525-WA0006-700x393.jpg 700w, https:\/\/blogsaverroes.juntadeandalucia.es\/coleiznatoraf\/files\/2021\/05\/IMG-20210525-WA0006-332x187.jpg 332w\" sizes=\"(max-width: 1600px) 100vw, 1600px\" \/><\/figure>\n\n\n\n<figure class=\"wp-block-image\"><img loading=\"lazy\" decoding=\"async\" width=\"1600\" height=\"900\" src=\"https:\/\/blogsaverroes.juntadeandalucia.es\/coleiznatoraf\/files\/2021\/05\/IMG-20210525-WA0007.jpg\" alt=\"\" class=\"wp-image-4260\" srcset=\"https:\/\/blogsaverroes.juntadeandalucia.es\/coleiznatoraf\/files\/2021\/05\/IMG-20210525-WA0007.jpg 1600w, https:\/\/blogsaverroes.juntadeandalucia.es\/coleiznatoraf\/files\/2021\/05\/IMG-20210525-WA0007-300x169.jpg 300w, https:\/\/blogsaverroes.juntadeandalucia.es\/coleiznatoraf\/files\/2021\/05\/IMG-20210525-WA0007-1024x576.jpg 1024w, https:\/\/blogsaverroes.juntadeandalucia.es\/coleiznatoraf\/files\/2021\/05\/IMG-20210525-WA0007-768x432.jpg 768w, https:\/\/blogsaverroes.juntadeandalucia.es\/coleiznatoraf\/files\/2021\/05\/IMG-20210525-WA0007-1536x864.jpg 1536w, https:\/\/blogsaverroes.juntadeandalucia.es\/coleiznatoraf\/files\/2021\/05\/IMG-20210525-WA0007-700x393.jpg 700w, https:\/\/blogsaverroes.juntadeandalucia.es\/coleiznatoraf\/files\/2021\/05\/IMG-20210525-WA0007-332x187.jpg 332w\" sizes=\"(max-width: 1600px) 100vw, 1600px\" \/><\/figure>\n\n\n\n<figure class=\"wp-block-image\"><img loading=\"lazy\" decoding=\"async\" width=\"1600\" height=\"900\" src=\"https:\/\/blogsaverroes.juntadeandalucia.es\/coleiznatoraf\/files\/2021\/05\/IMG-20210525-WA0008.jpg\" alt=\"\" class=\"wp-image-4262\" srcset=\"https:\/\/blogsaverroes.juntadeandalucia.es\/coleiznatoraf\/files\/2021\/05\/IMG-20210525-WA0008.jpg 1600w, https:\/\/blogsaverroes.juntadeandalucia.es\/coleiznatoraf\/files\/2021\/05\/IMG-20210525-WA0008-300x169.jpg 300w, https:\/\/blogsaverroes.juntadeandalucia.es\/coleiznatoraf\/files\/2021\/05\/IMG-20210525-WA0008-1024x576.jpg 1024w, https:\/\/blogsaverroes.juntadeandalucia.es\/coleiznatoraf\/files\/2021\/05\/IMG-20210525-WA0008-768x432.jpg 768w, https:\/\/blogsaverroes.juntadeandalucia.es\/coleiznatoraf\/files\/2021\/05\/IMG-20210525-WA0008-1536x864.jpg 1536w, https:\/\/blogsaverroes.juntadeandalucia.es\/coleiznatoraf\/files\/2021\/05\/IMG-20210525-WA0008-700x393.jpg 700w, https:\/\/blogsaverroes.juntadeandalucia.es\/coleiznatoraf\/files\/2021\/05\/IMG-20210525-WA0008-332x187.jpg 332w\" sizes=\"(max-width: 1600px) 100vw, 1600px\" \/><\/figure>\n","protected":false},"excerpt":{"rendered":"<p>El pasado lunes el alumnado de 3\u00b0 ciclo de Ed. Primaria de nuestro cole hicieron de gu\u00edas tur\u00edsticos para dos de sus maestras, la se\u00f1o Roc\u00edo y la se\u00f1o Pilar, que quedaron encantadas con&#46;&#46;&#46;<\/p>\n","protected":false},"author":4721,"featured_media":4265,"comment_status":"open","ping_status":"open","sticky":false,"template":"","format":"standard","meta":{"ngg_post_thumbnail":0,"footnotes":""},"categories":[11909],"tags":[],"aioseo_notices":[],"_links":{"self":[{"href":"https:\/\/blogsaverroes.juntadeandalucia.es\/coleiznatoraf\/wp-json\/wp\/v2\/posts\/4263"}],"collection":[{"href":"https:\/\/blogsaverroes.juntadeandalucia.es\/coleiznatoraf\/wp-json\/wp\/v2\/posts"}],"about":[{"href":"https:\/\/blogsaverroes.juntadeandalucia.es\/coleiznatoraf\/wp-json\/wp\/v2\/types\/post"}],"author":[{"embeddable":true,"href":"https:\/\/blogsaverroes.juntadeandalucia.es\/coleiznatoraf\/wp-json\/wp\/v2\/users\/4721"}],"replies":[{"embeddable":true,"href":"https:\/\/blogsaverroes.juntadeandalucia.es\/coleiznatoraf\/wp-json\/wp\/v2\/comments?post=4263"}],"version-history":[{"count":1,"href":"https:\/\/blogsaverroes.juntadeandalucia.es\/coleiznatoraf\/wp-json\/wp\/v2\/posts\/4263\/revisions"}],"predecessor-version":[{"id":4264,"href":"https:\/\/blogsaverroes.juntadeandalucia.es\/coleiznatoraf\/wp-json\/wp\/v2\/posts\/4263\/revisions\/4264"}],"wp:featuredmedia":[{"embeddable":true,"href":"https:\/\/blogsaverroes.juntadeandalucia.es\/coleiznatoraf\/wp-json\/wp\/v2\/media\/4265"}],"wp:attachment":[{"href":"https:\/\/blogsaverroes.juntadeandalucia.es\/coleiznatoraf\/wp-json\/wp\/v2\/media?parent=4263"}],"wp:term":[{"taxonomy":"category","embeddable":true,"href":"https:\/\/blogsaverroes.juntadeandalucia.es\/coleiznatoraf\/wp-json\/wp\/v2\/categories?post=4263"},{"taxonomy":"post_tag","embeddable":true,"href":"https:\/\/blogsaverroes.juntadeandalucia.es\/coleiznatoraf\/wp-json\/wp\/v2\/tags?post=4263"}],"curies":[{"name":"wp","href":"https:\/\/api.w.org\/{rel}","templated":true}]}}