{"id":4319,"date":"2021-06-24T14:43:18","date_gmt":"2021-06-24T14:43:18","guid":{"rendered":"http:\/\/blogsaverroes.juntadeandalucia.es\/coleiznatoraf\/?p=4319"},"modified":"2021-06-24T14:47:49","modified_gmt":"2021-06-24T14:47:49","slug":"vacaciones","status":"publish","type":"post","link":"https:\/\/blogsaverroes.juntadeandalucia.es\/coleiznatoraf\/2021\/06\/24\/vacaciones\/","title":{"rendered":"\u00a1\u00a1Vacaciones!!"},"content":{"rendered":"<p><a href=\"https:\/\/blogsaverroes.juntadeandalucia.es\/coleiznatoraf\/files\/2021\/06\/Foto-segunda.jpeg\"><img loading=\"lazy\" decoding=\"async\" class=\"size-medium wp-image-4322 alignleft\" src=\"https:\/\/blogsaverroes.juntadeandalucia.es\/coleiznatoraf\/files\/2021\/06\/Foto-segunda-300x225.jpeg\" alt=\"\" width=\"300\" height=\"225\" srcset=\"https:\/\/blogsaverroes.juntadeandalucia.es\/coleiznatoraf\/files\/2021\/06\/Foto-segunda-300x225.jpeg 300w, https:\/\/blogsaverroes.juntadeandalucia.es\/coleiznatoraf\/files\/2021\/06\/Foto-segunda-1024x769.jpeg 1024w, https:\/\/blogsaverroes.juntadeandalucia.es\/coleiznatoraf\/files\/2021\/06\/Foto-segunda-768x576.jpeg 768w, https:\/\/blogsaverroes.juntadeandalucia.es\/coleiznatoraf\/files\/2021\/06\/Foto-segunda-1536x1153.jpeg 1536w, https:\/\/blogsaverroes.juntadeandalucia.es\/coleiznatoraf\/files\/2021\/06\/Foto-segunda-700x525.jpeg 700w, https:\/\/blogsaverroes.juntadeandalucia.es\/coleiznatoraf\/files\/2021\/06\/Foto-segunda-332x249.jpeg 332w, https:\/\/blogsaverroes.juntadeandalucia.es\/coleiznatoraf\/files\/2021\/06\/Foto-segunda.jpeg 1600w\" sizes=\"(max-width: 300px) 100vw, 300px\" \/><\/a>Podr\u00edamos adivinar que estas palabras nos anticipan el alivio de una pesada carga, pero no es eso lo que he percibido esta ma\u00f1ana. No s\u00e9 c\u00f3mo explicarlo. Nadie ha gritado, ni cantado al fin de curso. Cuando ha llegado el momento de despedirnos lo que se adivinaba en sus ojos eran ganas de abrazarnos, de felicitarnos por haber llegado todos juntos como una pi\u00f1a hasta la meta. Ellos y ellas han aprendido muchas cosas, pero a nosotros nos han ense\u00f1ado que se puede hablar y escuchar con la mirada. A m\u00ed me han dado una lecci\u00f3n tras otra a diario.<\/p>\n<p>No os pod\u00e9is imaginar lo bien que se han portado durante este curso, lo fuertes que han sido todos. Tenedlo muy en cuenta, tenemos unos grandes h\u00e9roes en casa.<\/p>\n<p>Gracias a todos y felices vacaciones.<\/p>\n<p>P.D.: No dej\u00e9is de mirar estos v\u00eddeos en los que nuestros alumnos quieren saludar a toda la comunidad educativa de nuestro querido Iznatoraf.<\/p>\n<div style=\"width: 426px;\" class=\"wp-video\"><!--[if lt IE 9]><script>document.createElement('video');<\/script><![endif]-->\n<video class=\"wp-video-shortcode\" id=\"video-4319-1\" width=\"426\" height=\"240\" preload=\"metadata\" controls=\"controls\"><source type=\"video\/mp4\" src=\"https:\/\/blogsaverroes.juntadeandalucia.es\/coleiznatoraf\/files\/2021\/06\/Iko-Iko.mp4?_=1\" \/><a href=\"https:\/\/blogsaverroes.juntadeandalucia.es\/coleiznatoraf\/files\/2021\/06\/Iko-Iko.mp4\">https:\/\/blogsaverroes.juntadeandalucia.es\/coleiznatoraf\/files\/2021\/06\/Iko-Iko.mp4<\/a><\/video><\/div>\n<p>&nbsp;<\/p>\n<div style=\"width: 426px;\" class=\"wp-video\"><video class=\"wp-video-shortcode\" id=\"video-4319-2\" width=\"426\" height=\"240\" preload=\"metadata\" controls=\"controls\"><source type=\"video\/mp4\" src=\"https:\/\/blogsaverroes.juntadeandalucia.es\/coleiznatoraf\/files\/2021\/06\/Videotalleres-fin-de-curso.mp4?_=2\" \/><a href=\"https:\/\/blogsaverroes.juntadeandalucia.es\/coleiznatoraf\/files\/2021\/06\/Videotalleres-fin-de-curso.mp4\">https:\/\/blogsaverroes.juntadeandalucia.es\/coleiznatoraf\/files\/2021\/06\/Videotalleres-fin-de-curso.mp4<\/a><\/video><\/div>\n<p>&nbsp;<\/p>\n","protected":false},"excerpt":{"rendered":"<p>Podr\u00edamos adivinar que estas palabras nos anticipan el alivio de una pesada carga, pero no es eso lo que he percibido esta ma\u00f1ana. No s\u00e9 c\u00f3mo explicarlo. Nadie ha gritado, ni cantado al fin&#46;&#46;&#46;<\/p>\n","protected":false},"author":4721,"featured_media":4321,"comment_status":"open","ping_status":"open","sticky":false,"template":"","format":"standard","meta":{"ngg_post_thumbnail":0,"footnotes":""},"categories":[11909],"tags":[],"aioseo_notices":[],"_links":{"self":[{"href":"https:\/\/blogsaverroes.juntadeandalucia.es\/coleiznatoraf\/wp-json\/wp\/v2\/posts\/4319"}],"collection":[{"href":"https:\/\/blogsaverroes.juntadeandalucia.es\/coleiznatoraf\/wp-json\/wp\/v2\/posts"}],"about":[{"href":"https:\/\/blogsaverroes.juntadeandalucia.es\/coleiznatoraf\/wp-json\/wp\/v2\/types\/post"}],"author":[{"embeddable":true,"href":"https:\/\/blogsaverroes.juntadeandalucia.es\/coleiznatoraf\/wp-json\/wp\/v2\/users\/4721"}],"replies":[{"embeddable":true,"href":"https:\/\/blogsaverroes.juntadeandalucia.es\/coleiznatoraf\/wp-json\/wp\/v2\/comments?post=4319"}],"version-history":[{"count":6,"href":"https:\/\/blogsaverroes.juntadeandalucia.es\/coleiznatoraf\/wp-json\/wp\/v2\/posts\/4319\/revisions"}],"predecessor-version":[{"id":4329,"href":"https:\/\/blogsaverroes.juntadeandalucia.es\/coleiznatoraf\/wp-json\/wp\/v2\/posts\/4319\/revisions\/4329"}],"wp:featuredmedia":[{"embeddable":true,"href":"https:\/\/blogsaverroes.juntadeandalucia.es\/coleiznatoraf\/wp-json\/wp\/v2\/media\/4321"}],"wp:attachment":[{"href":"https:\/\/blogsaverroes.juntadeandalucia.es\/coleiznatoraf\/wp-json\/wp\/v2\/media?parent=4319"}],"wp:term":[{"taxonomy":"category","embeddable":true,"href":"https:\/\/blogsaverroes.juntadeandalucia.es\/coleiznatoraf\/wp-json\/wp\/v2\/categories?post=4319"},{"taxonomy":"post_tag","embeddable":true,"href":"https:\/\/blogsaverroes.juntadeandalucia.es\/coleiznatoraf\/wp-json\/wp\/v2\/tags?post=4319"}],"curies":[{"name":"wp","href":"https:\/\/api.w.org\/{rel}","templated":true}]}}