{"id":4342,"date":"2021-12-07T17:11:10","date_gmt":"2021-12-07T17:11:10","guid":{"rendered":"http:\/\/blogsaverroes.juntadeandalucia.es\/coleiznatoraf\/?p=4342"},"modified":"2021-12-07T17:18:35","modified_gmt":"2021-12-07T17:18:35","slug":"dia-de-la-constitucion-2021","status":"publish","type":"post","link":"https:\/\/blogsaverroes.juntadeandalucia.es\/coleiznatoraf\/2021\/12\/07\/dia-de-la-constitucion-2021\/","title":{"rendered":"D\u00eda de la Constituci\u00f3n 2021"},"content":{"rendered":"<p>En el d\u00eda de hoy hemos celebrado el D\u00eda de la Constituci\u00f3n con una gran cantidad de actividades:<\/p>\n<ul>\n<li style=\"list-style-type: none\">\n<ul>\n<li>Recital de poes\u00eda: Ed. Infantil y 1\u00ba ciclo EP<\/li>\n<\/ul>\n<\/li>\n<\/ul>\n<div style=\"width: 426px;\" class=\"wp-video\"><!--[if lt IE 9]><script>document.createElement('video');<\/script><![endif]-->\n<video class=\"wp-video-shortcode\" id=\"video-4342-1\" width=\"426\" height=\"240\" preload=\"metadata\" controls=\"controls\"><source type=\"video\/mp4\" src=\"https:\/\/blogsaverroes.juntadeandalucia.es\/coleiznatoraf\/files\/2021\/12\/recital-de-poes\u00eda.mp4?_=1\" \/><a href=\"https:\/\/blogsaverroes.juntadeandalucia.es\/coleiznatoraf\/files\/2021\/12\/recital-de-poes\u00eda.mp4\">https:\/\/blogsaverroes.juntadeandalucia.es\/coleiznatoraf\/files\/2021\/12\/recital-de-poes\u00eda.mp4<\/a><\/video><\/div>\n<ul>\n<li style=\"list-style-type: none\">\n<ul>\n<li>Mini libro de la Constituci\u00f3n: 2\u00ba y 3\u00ba ciclo EP<\/li>\n<\/ul>\n<\/li>\n<\/ul>\n<p>&nbsp;<\/p>\n<ul>\n<li style=\"list-style-type: none\">\n<ul>\n<li>Interpretaci\u00f3n del Himno: ESO<\/li>\n<\/ul>\n<\/li>\n<\/ul>\n<div style=\"width: 426px;\" class=\"wp-video\"><video class=\"wp-video-shortcode\" id=\"video-4342-2\" width=\"426\" height=\"240\" preload=\"metadata\" controls=\"controls\"><source type=\"video\/mp4\" src=\"https:\/\/blogsaverroes.juntadeandalucia.es\/coleiznatoraf\/files\/2021\/12\/himno-21.mp4?_=2\" \/><a href=\"https:\/\/blogsaverroes.juntadeandalucia.es\/coleiznatoraf\/files\/2021\/12\/himno-21.mp4\">https:\/\/blogsaverroes.juntadeandalucia.es\/coleiznatoraf\/files\/2021\/12\/himno-21.mp4<\/a><\/video><\/div>\n<ul>\n<li style=\"list-style-type: none\">\n<ul>\n<li>Debate: ESO<\/li>\n<\/ul>\n<\/li>\n<\/ul>\n<div style=\"width: 426px;\" class=\"wp-video\"><video class=\"wp-video-shortcode\" id=\"video-4342-3\" width=\"426\" height=\"240\" preload=\"metadata\" controls=\"controls\"><source type=\"video\/mp4\" src=\"https:\/\/blogsaverroes.juntadeandalucia.es\/coleiznatoraf\/files\/2021\/12\/Debate-1.m4v?_=3\" \/><a href=\"https:\/\/blogsaverroes.juntadeandalucia.es\/coleiznatoraf\/files\/2021\/12\/Debate-1.m4v\">https:\/\/blogsaverroes.juntadeandalucia.es\/coleiznatoraf\/files\/2021\/12\/Debate-1.m4v<\/a><\/video><\/div>\n<ul>\n<li>Elecciones: todo el alumnado<\/li>\n<div style=\"width: 426px;\" class=\"wp-video\"><video class=\"wp-video-shortcode\" id=\"video-4342-4\" width=\"426\" height=\"240\" preload=\"metadata\" controls=\"controls\"><source type=\"video\/mp4\" src=\"https:\/\/blogsaverroes.juntadeandalucia.es\/coleiznatoraf\/files\/2021\/12\/elecciones.mp4?_=4\" \/><a href=\"https:\/\/blogsaverroes.juntadeandalucia.es\/coleiznatoraf\/files\/2021\/12\/elecciones.mp4\">https:\/\/blogsaverroes.juntadeandalucia.es\/coleiznatoraf\/files\/2021\/12\/elecciones.mp4<\/a><\/video><\/div>\n<\/ul>\n<p>&nbsp;Esperamos que os guste<\/p>\n<p>\u00a1Feliz D\u00eda de la Constituci\u00f3n!<\/p>\n","protected":false},"excerpt":{"rendered":"<p>En el d\u00eda de hoy hemos celebrado el D\u00eda de la Constituci\u00f3n con una gran cantidad de actividades: Recital de poes\u00eda: Ed. Infantil y 1\u00ba ciclo EP Mini libro de la Constituci\u00f3n: 2\u00ba y&#46;&#46;&#46;<\/p>\n","protected":false},"author":4721,"featured_media":4343,"comment_status":"open","ping_status":"open","sticky":false,"template":"","format":"standard","meta":{"ngg_post_thumbnail":0,"footnotes":""},"categories":[11909],"tags":[],"aioseo_notices":[],"_links":{"self":[{"href":"https:\/\/blogsaverroes.juntadeandalucia.es\/coleiznatoraf\/wp-json\/wp\/v2\/posts\/4342"}],"collection":[{"href":"https:\/\/blogsaverroes.juntadeandalucia.es\/coleiznatoraf\/wp-json\/wp\/v2\/posts"}],"about":[{"href":"https:\/\/blogsaverroes.juntadeandalucia.es\/coleiznatoraf\/wp-json\/wp\/v2\/types\/post"}],"author":[{"embeddable":true,"href":"https:\/\/blogsaverroes.juntadeandalucia.es\/coleiznatoraf\/wp-json\/wp\/v2\/users\/4721"}],"replies":[{"embeddable":true,"href":"https:\/\/blogsaverroes.juntadeandalucia.es\/coleiznatoraf\/wp-json\/wp\/v2\/comments?post=4342"}],"version-history":[{"count":4,"href":"https:\/\/blogsaverroes.juntadeandalucia.es\/coleiznatoraf\/wp-json\/wp\/v2\/posts\/4342\/revisions"}],"predecessor-version":[{"id":4352,"href":"https:\/\/blogsaverroes.juntadeandalucia.es\/coleiznatoraf\/wp-json\/wp\/v2\/posts\/4342\/revisions\/4352"}],"wp:featuredmedia":[{"embeddable":true,"href":"https:\/\/blogsaverroes.juntadeandalucia.es\/coleiznatoraf\/wp-json\/wp\/v2\/media\/4343"}],"wp:attachment":[{"href":"https:\/\/blogsaverroes.juntadeandalucia.es\/coleiznatoraf\/wp-json\/wp\/v2\/media?parent=4342"}],"wp:term":[{"taxonomy":"category","embeddable":true,"href":"https:\/\/blogsaverroes.juntadeandalucia.es\/coleiznatoraf\/wp-json\/wp\/v2\/categories?post=4342"},{"taxonomy":"post_tag","embeddable":true,"href":"https:\/\/blogsaverroes.juntadeandalucia.es\/coleiznatoraf\/wp-json\/wp\/v2\/tags?post=4342"}],"curies":[{"name":"wp","href":"https:\/\/api.w.org\/{rel}","templated":true}]}}