{"id":4403,"date":"2021-11-01T19:16:07","date_gmt":"2021-11-01T19:16:07","guid":{"rendered":"http:\/\/blogsaverroes.juntadeandalucia.es\/coleiznatoraf\/?p=4403"},"modified":"2021-12-09T19:11:22","modified_gmt":"2021-12-09T19:11:22","slug":"halloween-21","status":"publish","type":"post","link":"https:\/\/blogsaverroes.juntadeandalucia.es\/coleiznatoraf\/2021\/11\/01\/halloween-21\/","title":{"rendered":"Halloween 21"},"content":{"rendered":"<p>No pod\u00eda faltar la celebraci\u00f3n de HALLOWEEN, que tanto gusta a peque\u00f1os, medianos y grandes.<br \/>\nLo hemos pasado genial decorando las puertas de nuestras aulas y las clases. Pero sobre todo, con la preparaci\u00f3n de la MADRUGADA DE CUENTOS, ya tan t\u00edpica en nuestro cole.<\/p>\n<div style=\"width: 426px;\" class=\"wp-video\"><!--[if lt IE 9]><script>document.createElement('video');<\/script><![endif]-->\n<video class=\"wp-video-shortcode\" id=\"video-4403-1\" width=\"426\" height=\"240\" preload=\"metadata\" controls=\"controls\"><source type=\"video\/mp4\" src=\"https:\/\/blogsaverroes.juntadeandalucia.es\/coleiznatoraf\/files\/2021\/11\/halloween-21.mp4?_=1\" \/><a href=\"https:\/\/blogsaverroes.juntadeandalucia.es\/coleiznatoraf\/files\/2021\/11\/halloween-21.mp4\">https:\/\/blogsaverroes.juntadeandalucia.es\/coleiznatoraf\/files\/2021\/11\/halloween-21.mp4<\/a><\/video><\/div>\n<p>Poes\u00eda \u00abEl fastama Justo\u00bb y \u00abCan you make a happy face?: Ed. Infantil<\/p>\n<div style=\"width: 848px;\" class=\"wp-video\"><video class=\"wp-video-shortcode\" id=\"video-4403-2\" width=\"848\" height=\"480\" preload=\"metadata\" controls=\"controls\"><source type=\"video\/mp4\" src=\"https:\/\/blogsaverroes.juntadeandalucia.es\/coleiznatoraf\/files\/2021\/12\/poes\u00eda-infantil.mp4?_=2\" \/><a href=\"https:\/\/blogsaverroes.juntadeandalucia.es\/coleiznatoraf\/files\/2021\/12\/poes\u00eda-infantil.mp4\">https:\/\/blogsaverroes.juntadeandalucia.es\/coleiznatoraf\/files\/2021\/12\/poes\u00eda-infantil.mp4<\/a><\/video><\/div>\n<div style=\"width: 426px;\" class=\"wp-video\"><video class=\"wp-video-shortcode\" id=\"video-4403-3\" width=\"426\" height=\"240\" preload=\"metadata\" controls=\"controls\"><source type=\"video\/mp4\" src=\"https:\/\/blogsaverroes.juntadeandalucia.es\/coleiznatoraf\/files\/2021\/11\/can-you.mp4?_=3\" \/><a href=\"https:\/\/blogsaverroes.juntadeandalucia.es\/coleiznatoraf\/files\/2021\/11\/can-you.mp4\">https:\/\/blogsaverroes.juntadeandalucia.es\/coleiznatoraf\/files\/2021\/11\/can-you.mp4<\/a><\/video><\/div>\n<p>\u00abRap Fantasmag\u00f3rico\u00bb: 1\u00ba ciclo EP<\/p>\n<div style=\"width: 848px;\" class=\"wp-video\"><video class=\"wp-video-shortcode\" id=\"video-4403-4\" width=\"848\" height=\"480\" preload=\"metadata\" controls=\"controls\"><source type=\"video\/mp4\" src=\"https:\/\/blogsaverroes.juntadeandalucia.es\/coleiznatoraf\/files\/2021\/12\/baile-1\u00ba-ciclo-ep.mp4?_=4\" \/><a href=\"https:\/\/blogsaverroes.juntadeandalucia.es\/coleiznatoraf\/files\/2021\/12\/baile-1\u00ba-ciclo-ep.mp4\">https:\/\/blogsaverroes.juntadeandalucia.es\/coleiznatoraf\/files\/2021\/12\/baile-1\u00ba-ciclo-ep.mp4<\/a><\/video><\/div>\n<p>\u00abEl juego del escondite\u00bb: 2\u00ba ciclo EP<\/p>\n<div style=\"width: 848px;\" class=\"wp-video\"><video class=\"wp-video-shortcode\" id=\"video-4403-5\" width=\"848\" height=\"480\" preload=\"metadata\" controls=\"controls\"><source type=\"video\/mp4\" src=\"https:\/\/blogsaverroes.juntadeandalucia.es\/coleiznatoraf\/files\/2021\/12\/2\u00ba-cicl-ep.mp4?_=5\" \/><a href=\"https:\/\/blogsaverroes.juntadeandalucia.es\/coleiznatoraf\/files\/2021\/12\/2\u00ba-cicl-ep.mp4\">https:\/\/blogsaverroes.juntadeandalucia.es\/coleiznatoraf\/files\/2021\/12\/2\u00ba-cicl-ep.mp4<\/a><\/video><\/div>\n<p>\u00abLa chica de la Curva\u00bb: 3\u00ba ciclo EP<\/p>\n<p>\u00abEl visitante nocturno\u00bb: ESO<\/p>\n","protected":false},"excerpt":{"rendered":"<p>No pod\u00eda faltar la celebraci\u00f3n de HALLOWEEN, que tanto gusta a peque\u00f1os, medianos y grandes. Lo hemos pasado genial decorando las puertas de nuestras aulas y las clases. Pero sobre todo, con la preparaci\u00f3n&#46;&#46;&#46;<\/p>\n","protected":false},"author":4721,"featured_media":4412,"comment_status":"open","ping_status":"open","sticky":false,"template":"","format":"standard","meta":{"ngg_post_thumbnail":0,"footnotes":""},"categories":[11909],"tags":[],"aioseo_notices":[],"_links":{"self":[{"href":"https:\/\/blogsaverroes.juntadeandalucia.es\/coleiznatoraf\/wp-json\/wp\/v2\/posts\/4403"}],"collection":[{"href":"https:\/\/blogsaverroes.juntadeandalucia.es\/coleiznatoraf\/wp-json\/wp\/v2\/posts"}],"about":[{"href":"https:\/\/blogsaverroes.juntadeandalucia.es\/coleiznatoraf\/wp-json\/wp\/v2\/types\/post"}],"author":[{"embeddable":true,"href":"https:\/\/blogsaverroes.juntadeandalucia.es\/coleiznatoraf\/wp-json\/wp\/v2\/users\/4721"}],"replies":[{"embeddable":true,"href":"https:\/\/blogsaverroes.juntadeandalucia.es\/coleiznatoraf\/wp-json\/wp\/v2\/comments?post=4403"}],"version-history":[{"count":6,"href":"https:\/\/blogsaverroes.juntadeandalucia.es\/coleiznatoraf\/wp-json\/wp\/v2\/posts\/4403\/revisions"}],"predecessor-version":[{"id":4424,"href":"https:\/\/blogsaverroes.juntadeandalucia.es\/coleiznatoraf\/wp-json\/wp\/v2\/posts\/4403\/revisions\/4424"}],"wp:featuredmedia":[{"embeddable":true,"href":"https:\/\/blogsaverroes.juntadeandalucia.es\/coleiznatoraf\/wp-json\/wp\/v2\/media\/4412"}],"wp:attachment":[{"href":"https:\/\/blogsaverroes.juntadeandalucia.es\/coleiznatoraf\/wp-json\/wp\/v2\/media?parent=4403"}],"wp:term":[{"taxonomy":"category","embeddable":true,"href":"https:\/\/blogsaverroes.juntadeandalucia.es\/coleiznatoraf\/wp-json\/wp\/v2\/categories?post=4403"},{"taxonomy":"post_tag","embeddable":true,"href":"https:\/\/blogsaverroes.juntadeandalucia.es\/coleiznatoraf\/wp-json\/wp\/v2\/tags?post=4403"}],"curies":[{"name":"wp","href":"https:\/\/api.w.org\/{rel}","templated":true}]}}