{"id":4554,"date":"2022-03-08T12:57:44","date_gmt":"2022-03-08T12:57:44","guid":{"rendered":"https:\/\/blogsaverroes.juntadeandalucia.es\/coleiznatoraf\/?p=4554"},"modified":"2022-03-08T13:06:28","modified_gmt":"2022-03-08T13:06:28","slug":"dia-de-andalucia-2","status":"publish","type":"post","link":"https:\/\/blogsaverroes.juntadeandalucia.es\/coleiznatoraf\/2022\/03\/08\/dia-de-andalucia-2\/","title":{"rendered":"D\u00eda de Andaluc\u00eda"},"content":{"rendered":"\n<figure class=\"wp-block-image size-large\"><img loading=\"lazy\" decoding=\"async\" width=\"276\" height=\"183\" src=\"https:\/\/blogsaverroes.juntadeandalucia.es\/coleiznatoraf\/files\/2022\/03\/image_editor_output_image-1500708359-1646744665244.jpeg\" alt=\"\" class=\"wp-image-4558\" \/><\/figure>\n\n\n\n<p>El viernes 25, anticip\u00e1ndonos dos d\u00edas a la celebraci\u00f3n oficial, los alumnos de nuestro cole realizaron actividades de todo tipo en conmemoraci\u00f3n del d\u00eda de nuestra comunidad. En el v\u00eddeo pod\u00e9is ver una muestra de todo ello.<\/p>\n\n\n\n<figure class=\"wp-block-video\"><video controls src=\"https:\/\/blogsaverroes.juntadeandalucia.es\/coleiznatoraf\/files\/2022\/03\/wp-1646743703894.mp4\"><\/video><figcaption>D\u00eda de Andaluc\u00eda 2022<\/figcaption><\/figure>\n","protected":false},"excerpt":{"rendered":"<p>El viernes 25, anticip\u00e1ndonos dos d\u00edas a la celebraci\u00f3n oficial, los alumnos de nuestro cole realizaron actividades de todo tipo en conmemoraci\u00f3n del d\u00eda de nuestra comunidad. En el v\u00eddeo pod\u00e9is ver una muestra&#46;&#46;&#46;<\/p>\n","protected":false},"author":4721,"featured_media":4556,"comment_status":"open","ping_status":"open","sticky":false,"template":"","format":"standard","meta":{"ngg_post_thumbnail":0,"footnotes":""},"categories":[11909],"tags":[],"aioseo_notices":[],"_links":{"self":[{"href":"https:\/\/blogsaverroes.juntadeandalucia.es\/coleiznatoraf\/wp-json\/wp\/v2\/posts\/4554"}],"collection":[{"href":"https:\/\/blogsaverroes.juntadeandalucia.es\/coleiznatoraf\/wp-json\/wp\/v2\/posts"}],"about":[{"href":"https:\/\/blogsaverroes.juntadeandalucia.es\/coleiznatoraf\/wp-json\/wp\/v2\/types\/post"}],"author":[{"embeddable":true,"href":"https:\/\/blogsaverroes.juntadeandalucia.es\/coleiznatoraf\/wp-json\/wp\/v2\/users\/4721"}],"replies":[{"embeddable":true,"href":"https:\/\/blogsaverroes.juntadeandalucia.es\/coleiznatoraf\/wp-json\/wp\/v2\/comments?post=4554"}],"version-history":[{"count":3,"href":"https:\/\/blogsaverroes.juntadeandalucia.es\/coleiznatoraf\/wp-json\/wp\/v2\/posts\/4554\/revisions"}],"predecessor-version":[{"id":4559,"href":"https:\/\/blogsaverroes.juntadeandalucia.es\/coleiznatoraf\/wp-json\/wp\/v2\/posts\/4554\/revisions\/4559"}],"wp:featuredmedia":[{"embeddable":true,"href":"https:\/\/blogsaverroes.juntadeandalucia.es\/coleiznatoraf\/wp-json\/wp\/v2\/media\/4556"}],"wp:attachment":[{"href":"https:\/\/blogsaverroes.juntadeandalucia.es\/coleiznatoraf\/wp-json\/wp\/v2\/media?parent=4554"}],"wp:term":[{"taxonomy":"category","embeddable":true,"href":"https:\/\/blogsaverroes.juntadeandalucia.es\/coleiznatoraf\/wp-json\/wp\/v2\/categories?post=4554"},{"taxonomy":"post_tag","embeddable":true,"href":"https:\/\/blogsaverroes.juntadeandalucia.es\/coleiznatoraf\/wp-json\/wp\/v2\/tags?post=4554"}],"curies":[{"name":"wp","href":"https:\/\/api.w.org\/{rel}","templated":true}]}}