{"id":4676,"date":"2022-03-01T10:10:03","date_gmt":"2022-03-01T10:10:03","guid":{"rendered":"http:\/\/blogsaverroes.juntadeandalucia.es\/coleiznatoraf\/?p=4676"},"modified":"2022-05-25T10:25:36","modified_gmt":"2022-05-25T10:25:36","slug":"dia-internacional-de-la-mujer-2022","status":"publish","type":"post","link":"https:\/\/blogsaverroes.juntadeandalucia.es\/coleiznatoraf\/2022\/03\/01\/dia-internacional-de-la-mujer-2022\/","title":{"rendered":"D\u00eda Internacional de la Mujer 2022"},"content":{"rendered":"<p style=\"text-align: center\"><a href=\"https:\/\/blogsaverroes.juntadeandalucia.es\/coleiznatoraf\/files\/2022\/05\/WhatsApp-Image-2022-05-25-at-9.52.49-AM-4.jpeg\"><img loading=\"lazy\" decoding=\"async\" class=\"alignnone size-medium wp-image-4680\" src=\"https:\/\/blogsaverroes.juntadeandalucia.es\/coleiznatoraf\/files\/2022\/05\/WhatsApp-Image-2022-05-25-at-9.52.49-AM-4-300x118.jpeg\" alt=\"\" width=\"300\" height=\"118\" srcset=\"https:\/\/blogsaverroes.juntadeandalucia.es\/coleiznatoraf\/files\/2022\/05\/WhatsApp-Image-2022-05-25-at-9.52.49-AM-4-300x118.jpeg 300w, https:\/\/blogsaverroes.juntadeandalucia.es\/coleiznatoraf\/files\/2022\/05\/WhatsApp-Image-2022-05-25-at-9.52.49-AM-4-1024x403.jpeg 1024w, https:\/\/blogsaverroes.juntadeandalucia.es\/coleiznatoraf\/files\/2022\/05\/WhatsApp-Image-2022-05-25-at-9.52.49-AM-4-768x302.jpeg 768w, https:\/\/blogsaverroes.juntadeandalucia.es\/coleiznatoraf\/files\/2022\/05\/WhatsApp-Image-2022-05-25-at-9.52.49-AM-4-1536x605.jpeg 1536w, https:\/\/blogsaverroes.juntadeandalucia.es\/coleiznatoraf\/files\/2022\/05\/WhatsApp-Image-2022-05-25-at-9.52.49-AM-4-700x275.jpeg 700w, https:\/\/blogsaverroes.juntadeandalucia.es\/coleiznatoraf\/files\/2022\/05\/WhatsApp-Image-2022-05-25-at-9.52.49-AM-4-332x131.jpeg 332w, https:\/\/blogsaverroes.juntadeandalucia.es\/coleiznatoraf\/files\/2022\/05\/WhatsApp-Image-2022-05-25-at-9.52.49-AM-4.jpeg 1600w\" sizes=\"(max-width: 300px) 100vw, 300px\" \/><\/a><\/p>\n<p>El d\u00eda 11 de marzo se llevaron a cabo en la pista de nuestro centro las actividades de convivencia dedicadas a la celebraci\u00f3n del D\u00eda Internacional de la Mujer, en el que colabor\u00f3 toda la comunidad educativa junto con el Ayuntamiento, asociaciones de mujeres \u00abNueva Luz\u00bb, Encaje de Bolillos\u00bb y \u00abEl Solano\u00bb, Centro Guadalinfo, Asociaci\u00f3n de Personas Mayores y AMPA. Las actividades que se llevaron a cabo fueron:<\/p>\n<ul>\n<li>Visionado de cortos y posterior reflexi\u00f3n de los mismos en las distintas tutor\u00edas.<\/li>\n<li>Presentaci\u00f3n del acto por la Coordinadora del Plan de Igualdad.<\/li>\n<li>Lectura del manifiesto.<\/li>\n<li>Actividades escolares \u00abMujeres importantes en educaci\u00f3n\u00bb.<\/li>\n<li>Mesa Redonda, las invitadas fueron las presidentas de las asociaciones de mujeres de la localidad.<\/li>\n<li>Imposici\u00f3n de broche elaborado por las asociaciones de mujeres.<\/li>\n<li>Debate por parte de los alumnos de la ESO con el tema \u00ab\u00bfPuede una mujer ser camionera?\u00bb.<\/li>\n<li>Sesi\u00f3n de zumba con canciones no machistas.<\/li>\n<\/ul>\n\n\t\t<style>\n\t\t\t#gallery-1 {\n\t\t\t\tmargin: auto;\n\t\t\t}\n\t\t\t#gallery-1 .gallery-item {\n\t\t\t\tfloat: left;\n\t\t\t\tmargin-top: 10px;\n\t\t\t\ttext-align: center;\n\t\t\t\twidth: 33%;\n\t\t\t}\n\t\t\t#gallery-1 img {\n\t\t\t\tborder: 2px solid #cfcfcf;\n\t\t\t}\n\t\t\t#gallery-1 .gallery-caption {\n\t\t\t\tmargin-left: 0;\n\t\t\t}\n\t\t\t\/* see gallery_shortcode() in wp-includes\/media.php *\/\n\t\t<\/style>\n\t\t<div id='gallery-1' class='gallery galleryid-4676 gallery-columns-3 gallery-size-thumbnail'><dl class='gallery-item'>\n\t\t\t<dt class='gallery-icon landscape'>\n\t\t\t\t<a href='https:\/\/blogsaverroes.juntadeandalucia.es\/coleiznatoraf\/2022\/03\/01\/dia-internacional-de-la-mujer-2022\/whatsapp-image-2022-05-25-at-9-52-49-am-2\/'><img loading=\"lazy\" decoding=\"async\" width=\"150\" height=\"150\" src=\"https:\/\/blogsaverroes.juntadeandalucia.es\/coleiznatoraf\/files\/2022\/05\/WhatsApp-Image-2022-05-25-at-9.52.49-AM-2-150x150.jpeg\" class=\"attachment-thumbnail size-thumbnail\" alt=\"\" srcset=\"https:\/\/blogsaverroes.juntadeandalucia.es\/coleiznatoraf\/files\/2022\/05\/WhatsApp-Image-2022-05-25-at-9.52.49-AM-2-150x150.jpeg 150w, https:\/\/blogsaverroes.juntadeandalucia.es\/coleiznatoraf\/files\/2022\/05\/WhatsApp-Image-2022-05-25-at-9.52.49-AM-2-432x432.jpeg 432w, https:\/\/blogsaverroes.juntadeandalucia.es\/coleiznatoraf\/files\/2022\/05\/WhatsApp-Image-2022-05-25-at-9.52.49-AM-2-268x268.jpeg 268w\" sizes=\"(max-width: 150px) 100vw, 150px\" \/><\/a>\n\t\t\t<\/dt><\/dl><dl class='gallery-item'>\n\t\t\t<dt class='gallery-icon landscape'>\n\t\t\t\t<a href='https:\/\/blogsaverroes.juntadeandalucia.es\/coleiznatoraf\/2022\/03\/01\/dia-internacional-de-la-mujer-2022\/whatsapp-image-2022-05-25-at-9-52-49-am-3\/'><img loading=\"lazy\" decoding=\"async\" width=\"150\" height=\"150\" src=\"https:\/\/blogsaverroes.juntadeandalucia.es\/coleiznatoraf\/files\/2022\/05\/WhatsApp-Image-2022-05-25-at-9.52.49-AM-3-150x150.jpeg\" class=\"attachment-thumbnail size-thumbnail\" alt=\"\" srcset=\"https:\/\/blogsaverroes.juntadeandalucia.es\/coleiznatoraf\/files\/2022\/05\/WhatsApp-Image-2022-05-25-at-9.52.49-AM-3-150x150.jpeg 150w, https:\/\/blogsaverroes.juntadeandalucia.es\/coleiznatoraf\/files\/2022\/05\/WhatsApp-Image-2022-05-25-at-9.52.49-AM-3-432x432.jpeg 432w, https:\/\/blogsaverroes.juntadeandalucia.es\/coleiznatoraf\/files\/2022\/05\/WhatsApp-Image-2022-05-25-at-9.52.49-AM-3-268x268.jpeg 268w\" sizes=\"(max-width: 150px) 100vw, 150px\" \/><\/a>\n\t\t\t<\/dt><\/dl><dl class='gallery-item'>\n\t\t\t<dt class='gallery-icon landscape'>\n\t\t\t\t<a href='https:\/\/blogsaverroes.juntadeandalucia.es\/coleiznatoraf\/2022\/03\/01\/dia-internacional-de-la-mujer-2022\/whatsapp-image-2022-05-25-at-9-52-49-am-4\/'><img loading=\"lazy\" decoding=\"async\" width=\"150\" height=\"150\" src=\"https:\/\/blogsaverroes.juntadeandalucia.es\/coleiznatoraf\/files\/2022\/05\/WhatsApp-Image-2022-05-25-at-9.52.49-AM-4-150x150.jpeg\" class=\"attachment-thumbnail size-thumbnail\" alt=\"\" srcset=\"https:\/\/blogsaverroes.juntadeandalucia.es\/coleiznatoraf\/files\/2022\/05\/WhatsApp-Image-2022-05-25-at-9.52.49-AM-4-150x150.jpeg 150w, https:\/\/blogsaverroes.juntadeandalucia.es\/coleiznatoraf\/files\/2022\/05\/WhatsApp-Image-2022-05-25-at-9.52.49-AM-4-432x432.jpeg 432w, https:\/\/blogsaverroes.juntadeandalucia.es\/coleiznatoraf\/files\/2022\/05\/WhatsApp-Image-2022-05-25-at-9.52.49-AM-4-268x268.jpeg 268w\" sizes=\"(max-width: 150px) 100vw, 150px\" \/><\/a>\n\t\t\t<\/dt><\/dl><br style=\"clear: both\" \/><dl class='gallery-item'>\n\t\t\t<dt class='gallery-icon landscape'>\n\t\t\t\t<a href='https:\/\/blogsaverroes.juntadeandalucia.es\/coleiznatoraf\/2022\/03\/01\/dia-internacional-de-la-mujer-2022\/whatsapp-image-2022-05-25-at-9-52-49-am-5\/'><img loading=\"lazy\" decoding=\"async\" width=\"150\" height=\"150\" src=\"https:\/\/blogsaverroes.juntadeandalucia.es\/coleiznatoraf\/files\/2022\/05\/WhatsApp-Image-2022-05-25-at-9.52.49-AM-5-150x150.jpeg\" class=\"attachment-thumbnail size-thumbnail\" alt=\"\" srcset=\"https:\/\/blogsaverroes.juntadeandalucia.es\/coleiznatoraf\/files\/2022\/05\/WhatsApp-Image-2022-05-25-at-9.52.49-AM-5-150x150.jpeg 150w, https:\/\/blogsaverroes.juntadeandalucia.es\/coleiznatoraf\/files\/2022\/05\/WhatsApp-Image-2022-05-25-at-9.52.49-AM-5-432x432.jpeg 432w, https:\/\/blogsaverroes.juntadeandalucia.es\/coleiznatoraf\/files\/2022\/05\/WhatsApp-Image-2022-05-25-at-9.52.49-AM-5-268x268.jpeg 268w\" sizes=\"(max-width: 150px) 100vw, 150px\" \/><\/a>\n\t\t\t<\/dt><\/dl><dl class='gallery-item'>\n\t\t\t<dt class='gallery-icon landscape'>\n\t\t\t\t<a href='https:\/\/blogsaverroes.juntadeandalucia.es\/coleiznatoraf\/2022\/03\/01\/dia-internacional-de-la-mujer-2022\/whatsapp-image-2022-05-25-at-9-52-49-am-6\/'><img loading=\"lazy\" decoding=\"async\" width=\"150\" height=\"150\" src=\"https:\/\/blogsaverroes.juntadeandalucia.es\/coleiznatoraf\/files\/2022\/05\/WhatsApp-Image-2022-05-25-at-9.52.49-AM-6-150x150.jpeg\" class=\"attachment-thumbnail size-thumbnail\" alt=\"\" srcset=\"https:\/\/blogsaverroes.juntadeandalucia.es\/coleiznatoraf\/files\/2022\/05\/WhatsApp-Image-2022-05-25-at-9.52.49-AM-6-150x150.jpeg 150w, https:\/\/blogsaverroes.juntadeandalucia.es\/coleiznatoraf\/files\/2022\/05\/WhatsApp-Image-2022-05-25-at-9.52.49-AM-6-432x432.jpeg 432w, https:\/\/blogsaverroes.juntadeandalucia.es\/coleiznatoraf\/files\/2022\/05\/WhatsApp-Image-2022-05-25-at-9.52.49-AM-6-268x268.jpeg 268w\" sizes=\"(max-width: 150px) 100vw, 150px\" \/><\/a>\n\t\t\t<\/dt><\/dl><dl class='gallery-item'>\n\t\t\t<dt class='gallery-icon landscape'>\n\t\t\t\t<a href='https:\/\/blogsaverroes.juntadeandalucia.es\/coleiznatoraf\/2022\/03\/01\/dia-internacional-de-la-mujer-2022\/whatsapp-image-2022-05-25-at-9-52-49-am-7\/'><img loading=\"lazy\" decoding=\"async\" width=\"150\" height=\"150\" src=\"https:\/\/blogsaverroes.juntadeandalucia.es\/coleiznatoraf\/files\/2022\/05\/WhatsApp-Image-2022-05-25-at-9.52.49-AM-7-150x150.jpeg\" class=\"attachment-thumbnail size-thumbnail\" alt=\"\" srcset=\"https:\/\/blogsaverroes.juntadeandalucia.es\/coleiznatoraf\/files\/2022\/05\/WhatsApp-Image-2022-05-25-at-9.52.49-AM-7-150x150.jpeg 150w, https:\/\/blogsaverroes.juntadeandalucia.es\/coleiznatoraf\/files\/2022\/05\/WhatsApp-Image-2022-05-25-at-9.52.49-AM-7-432x432.jpeg 432w, https:\/\/blogsaverroes.juntadeandalucia.es\/coleiznatoraf\/files\/2022\/05\/WhatsApp-Image-2022-05-25-at-9.52.49-AM-7-268x268.jpeg 268w\" sizes=\"(max-width: 150px) 100vw, 150px\" \/><\/a>\n\t\t\t<\/dt><\/dl><br style=\"clear: both\" \/><dl class='gallery-item'>\n\t\t\t<dt class='gallery-icon landscape'>\n\t\t\t\t<a href='https:\/\/blogsaverroes.juntadeandalucia.es\/coleiznatoraf\/2022\/03\/01\/dia-internacional-de-la-mujer-2022\/whatsapp-image-2022-05-25-at-9-52-49-am\/'><img loading=\"lazy\" decoding=\"async\" width=\"150\" height=\"150\" src=\"https:\/\/blogsaverroes.juntadeandalucia.es\/coleiznatoraf\/files\/2022\/05\/WhatsApp-Image-2022-05-25-at-9.52.49-AM-150x150.jpeg\" class=\"attachment-thumbnail size-thumbnail\" alt=\"\" srcset=\"https:\/\/blogsaverroes.juntadeandalucia.es\/coleiznatoraf\/files\/2022\/05\/WhatsApp-Image-2022-05-25-at-9.52.49-AM-150x150.jpeg 150w, https:\/\/blogsaverroes.juntadeandalucia.es\/coleiznatoraf\/files\/2022\/05\/WhatsApp-Image-2022-05-25-at-9.52.49-AM-432x432.jpeg 432w, https:\/\/blogsaverroes.juntadeandalucia.es\/coleiznatoraf\/files\/2022\/05\/WhatsApp-Image-2022-05-25-at-9.52.49-AM-268x268.jpeg 268w\" sizes=\"(max-width: 150px) 100vw, 150px\" \/><\/a>\n\t\t\t<\/dt><\/dl><dl class='gallery-item'>\n\t\t\t<dt class='gallery-icon portrait'>\n\t\t\t\t<a href='https:\/\/blogsaverroes.juntadeandalucia.es\/coleiznatoraf\/2022\/03\/01\/dia-internacional-de-la-mujer-2022\/whatsapp-image-2022-05-25-at-9-52-50-am\/'><img loading=\"lazy\" decoding=\"async\" width=\"150\" height=\"150\" src=\"https:\/\/blogsaverroes.juntadeandalucia.es\/coleiznatoraf\/files\/2022\/05\/WhatsApp-Image-2022-05-25-at-9.52.50-AM-150x150.jpeg\" class=\"attachment-thumbnail size-thumbnail\" alt=\"\" srcset=\"https:\/\/blogsaverroes.juntadeandalucia.es\/coleiznatoraf\/files\/2022\/05\/WhatsApp-Image-2022-05-25-at-9.52.50-AM-150x150.jpeg 150w, https:\/\/blogsaverroes.juntadeandalucia.es\/coleiznatoraf\/files\/2022\/05\/WhatsApp-Image-2022-05-25-at-9.52.50-AM-432x432.jpeg 432w, https:\/\/blogsaverroes.juntadeandalucia.es\/coleiznatoraf\/files\/2022\/05\/WhatsApp-Image-2022-05-25-at-9.52.50-AM-268x268.jpeg 268w\" sizes=\"(max-width: 150px) 100vw, 150px\" \/><\/a>\n\t\t\t<\/dt><\/dl>\n\t\t\t<br style='clear: both' \/>\n\t\t<\/div>\n\n","protected":false},"excerpt":{"rendered":"<p>El d\u00eda 11 de marzo se llevaron a cabo en la pista de nuestro centro las actividades de convivencia dedicadas a la celebraci\u00f3n del D\u00eda Internacional de la Mujer, en el que colabor\u00f3 toda&#46;&#46;&#46;<\/p>\n","protected":false},"author":4721,"featured_media":4683,"comment_status":"open","ping_status":"open","sticky":false,"template":"","format":"standard","meta":{"ngg_post_thumbnail":0,"footnotes":""},"categories":[11909],"tags":[],"aioseo_notices":[],"_links":{"self":[{"href":"https:\/\/blogsaverroes.juntadeandalucia.es\/coleiznatoraf\/wp-json\/wp\/v2\/posts\/4676"}],"collection":[{"href":"https:\/\/blogsaverroes.juntadeandalucia.es\/coleiznatoraf\/wp-json\/wp\/v2\/posts"}],"about":[{"href":"https:\/\/blogsaverroes.juntadeandalucia.es\/coleiznatoraf\/wp-json\/wp\/v2\/types\/post"}],"author":[{"embeddable":true,"href":"https:\/\/blogsaverroes.juntadeandalucia.es\/coleiznatoraf\/wp-json\/wp\/v2\/users\/4721"}],"replies":[{"embeddable":true,"href":"https:\/\/blogsaverroes.juntadeandalucia.es\/coleiznatoraf\/wp-json\/wp\/v2\/comments?post=4676"}],"version-history":[{"count":1,"href":"https:\/\/blogsaverroes.juntadeandalucia.es\/coleiznatoraf\/wp-json\/wp\/v2\/posts\/4676\/revisions"}],"predecessor-version":[{"id":4686,"href":"https:\/\/blogsaverroes.juntadeandalucia.es\/coleiznatoraf\/wp-json\/wp\/v2\/posts\/4676\/revisions\/4686"}],"wp:featuredmedia":[{"embeddable":true,"href":"https:\/\/blogsaverroes.juntadeandalucia.es\/coleiznatoraf\/wp-json\/wp\/v2\/media\/4683"}],"wp:attachment":[{"href":"https:\/\/blogsaverroes.juntadeandalucia.es\/coleiznatoraf\/wp-json\/wp\/v2\/media?parent=4676"}],"wp:term":[{"taxonomy":"category","embeddable":true,"href":"https:\/\/blogsaverroes.juntadeandalucia.es\/coleiznatoraf\/wp-json\/wp\/v2\/categories?post=4676"},{"taxonomy":"post_tag","embeddable":true,"href":"https:\/\/blogsaverroes.juntadeandalucia.es\/coleiznatoraf\/wp-json\/wp\/v2\/tags?post=4676"}],"curies":[{"name":"wp","href":"https:\/\/api.w.org\/{rel}","templated":true}]}}