{"id":4929,"date":"2022-11-25T15:53:09","date_gmt":"2022-11-25T15:53:09","guid":{"rendered":"http:\/\/blogsaverroes.juntadeandalucia.es\/coleiznatoraf\/?p=4929"},"modified":"2022-11-26T10:38:36","modified_gmt":"2022-11-26T10:38:36","slug":"dia-del-flamenco","status":"publish","type":"post","link":"https:\/\/blogsaverroes.juntadeandalucia.es\/coleiznatoraf\/2022\/11\/25\/dia-del-flamenco\/","title":{"rendered":"\u00a1D\u00eda del Flamenco!"},"content":{"rendered":"<p>El arte de ense\u00f1ar es el arte de ayudar a descubrir. Por este motivo desde el centro hemos ayudado a nuestro alumnado a descubrir, investigar&nbsp; y sobre todo disfrutar del arte flamenco muy arraigado a nuestra tierra. Durante este d\u00eda de puertas abiertas, hemos disfrutado de la poes\u00eda \u00abVerde que te quiero verde\u00bb recitada por el alumnado de infantil. Por otro lado, el alumnado del primer ciclo nos ha ense\u00f1ado los diferentes instrumentos utilizados para este arte. Un popurr\u00ed de rumbas ha sido la actuaci\u00f3n del segundo ciclo. Por su parte, el tercer ciclo nos ha deleitado con el baile de la reja. La \u00faltima actuaci\u00f3n de nuestro alumnado ha sido la interpretaci\u00f3n de la sevillana \u00abM\u00edrala cara a cara\u00bb con la flauta. Por \u00faltimo, como colof\u00f3n final hemos tenido la gran actuaci\u00f3n del \u00abCoro rociero\u00bb de Iznatoraf al cual le agradecemos mucho su participaci\u00f3n, as\u00ed como a las familias por su esfuerzo y apoyo durante el acto. <iframe loading=\"lazy\" src=\"\/\/www.youtube.com\/embed\/05KgXUegP6w\" width=\"560\" height=\"314\"><\/iframe><iframe loading=\"lazy\" src=\"\/\/www.youtube.com\/embed\/TbyAQH_qKZs\" width=\"560\" height=\"314\"><\/iframe><iframe loading=\"lazy\" src=\"\/\/www.youtube.com\/embed\/_A0Wr8A_rK0\" width=\"560\" height=\"314\"><\/iframe><iframe loading=\"lazy\" src=\"\/\/www.youtube.com\/embed\/2wkT2jijXHk\" width=\"560\" height=\"314\"><\/iframe><\/p>\n","protected":false},"excerpt":{"rendered":"<p>El arte de ense\u00f1ar es el arte de ayudar a descubrir. Por este motivo desde el centro hemos ayudado a nuestro alumnado a descubrir, investigar&nbsp; y sobre todo disfrutar del arte flamenco muy arraigado&#46;&#46;&#46;<\/p>\n","protected":false},"author":4721,"featured_media":4930,"comment_status":"open","ping_status":"open","sticky":false,"template":"","format":"standard","meta":{"ngg_post_thumbnail":0,"footnotes":""},"categories":[11909],"tags":[],"aioseo_notices":[],"_links":{"self":[{"href":"https:\/\/blogsaverroes.juntadeandalucia.es\/coleiznatoraf\/wp-json\/wp\/v2\/posts\/4929"}],"collection":[{"href":"https:\/\/blogsaverroes.juntadeandalucia.es\/coleiznatoraf\/wp-json\/wp\/v2\/posts"}],"about":[{"href":"https:\/\/blogsaverroes.juntadeandalucia.es\/coleiznatoraf\/wp-json\/wp\/v2\/types\/post"}],"author":[{"embeddable":true,"href":"https:\/\/blogsaverroes.juntadeandalucia.es\/coleiznatoraf\/wp-json\/wp\/v2\/users\/4721"}],"replies":[{"embeddable":true,"href":"https:\/\/blogsaverroes.juntadeandalucia.es\/coleiznatoraf\/wp-json\/wp\/v2\/comments?post=4929"}],"version-history":[{"count":4,"href":"https:\/\/blogsaverroes.juntadeandalucia.es\/coleiznatoraf\/wp-json\/wp\/v2\/posts\/4929\/revisions"}],"predecessor-version":[{"id":4934,"href":"https:\/\/blogsaverroes.juntadeandalucia.es\/coleiznatoraf\/wp-json\/wp\/v2\/posts\/4929\/revisions\/4934"}],"wp:featuredmedia":[{"embeddable":true,"href":"https:\/\/blogsaverroes.juntadeandalucia.es\/coleiznatoraf\/wp-json\/wp\/v2\/media\/4930"}],"wp:attachment":[{"href":"https:\/\/blogsaverroes.juntadeandalucia.es\/coleiznatoraf\/wp-json\/wp\/v2\/media?parent=4929"}],"wp:term":[{"taxonomy":"category","embeddable":true,"href":"https:\/\/blogsaverroes.juntadeandalucia.es\/coleiznatoraf\/wp-json\/wp\/v2\/categories?post=4929"},{"taxonomy":"post_tag","embeddable":true,"href":"https:\/\/blogsaverroes.juntadeandalucia.es\/coleiznatoraf\/wp-json\/wp\/v2\/tags?post=4929"}],"curies":[{"name":"wp","href":"https:\/\/api.w.org\/{rel}","templated":true}]}}