{"id":5395,"date":"2023-12-06T00:00:40","date_gmt":"2023-12-06T00:00:40","guid":{"rendered":"http:\/\/blogsaverroes.juntadeandalucia.es\/coleiznatoraf\/?p=5395"},"modified":"2024-02-01T18:31:20","modified_gmt":"2024-02-01T18:31:20","slug":"5395","status":"publish","type":"post","link":"https:\/\/blogsaverroes.juntadeandalucia.es\/coleiznatoraf\/2023\/12\/06\/5395\/","title":{"rendered":"\u00a1CELEBRAMOS POR PARTIDA DOBLE!"},"content":{"rendered":"<p>&nbsp;<\/p>\n<p style=\"text-align: center\"><iframe loading=\"lazy\" src=\"\/\/www.youtube.com\/embed\/ONcpgSA592w?si=ljwcF_Jy9ZfJg75K\" width=\"560\" height=\"315\" frameborder=\"0\"><\/iframe><\/p>\n<p style=\"text-align: center\">&nbsp;<\/p>\n<p style=\"text-align: justify\">El pasado 5 de diciembre celebramos un acto en el cole para conmemorar el \u201cD\u00eda de la bandera de Andaluc\u00eda\u201d (4 de diciembre) y el D\u00eda de la Constituci\u00f3n (6 de diciembre). Nuestros ni\u00f1os y ni\u00f1as nos ense\u00f1aron muchas cosas sobre estas efem\u00e9rides:<\/p>\n<ul style=\"text-align: justify\">\n<li>El alumnado de la ESO nos explic\u00f3 qu\u00e9 es La Constituci\u00f3n y por qu\u00e9 es tan importante.<\/li>\n<li>Los alumnos y alumnas de educaci\u00f3n infantil expusieron sus trabajos: decoraci\u00f3n de las banderas de Espa\u00f1a y Andaluc\u00eda y elaboraci\u00f3n de un im\u00e1n de la Constituci\u00f3n.<\/li>\n<li>El alumnado de 5\u00ba de primaria nos explic\u00f3 los principios m\u00e1s importancia de nuestra Constituci\u00f3n.<\/li>\n<li>6\u00ba de primaria se encarg\u00f3 de exponernos sus trabajos sobre el escudo de Espa\u00f1a.<\/li>\n<li>Bajo el lema \u201cLa Constituci\u00f3n nos protege a todos\u201d, el alumnado de primer ciclo nos explic\u00f3 c\u00f3mo es la bandera de Espa\u00f1a, qui\u00e9n la invent\u00f3 y para qu\u00e9. Adem\u00e1s, expusieron el mural que hab\u00edan elaborado con los derechos y deberes m\u00e1s importantes de nuestra Constituci\u00f3n.<\/li>\n<li>Por \u00faltimo, los alumnos y alumnas de segundo ciclo se encargaron de explicar por qu\u00e9 se ha elegido el 4 de diciembre como el \u201cD\u00eda de la bandera de Andaluc\u00eda\u201d y el significado de los s\u00edmbolos de nuestra comunidad: nuestra bandera y nuestro escudo.<\/li>\n<\/ul>\n<p style=\"text-align: justify\">Lo pasamos genial y aprendimos mucho. \u00a1GRAN TRABAJO!<\/p>\n","protected":false},"excerpt":{"rendered":"<p>&nbsp; &nbsp; El pasado 5 de diciembre celebramos un acto en el cole para conmemorar el \u201cD\u00eda de la bandera de Andaluc\u00eda\u201d (4 de diciembre) y el D\u00eda de la Constituci\u00f3n (6 de diciembre).&#46;&#46;&#46;<\/p>\n","protected":false},"author":4721,"featured_media":5401,"comment_status":"open","ping_status":"open","sticky":false,"template":"","format":"standard","meta":{"ngg_post_thumbnail":0,"footnotes":""},"categories":[11909],"tags":[],"aioseo_notices":[],"_links":{"self":[{"href":"https:\/\/blogsaverroes.juntadeandalucia.es\/coleiznatoraf\/wp-json\/wp\/v2\/posts\/5395"}],"collection":[{"href":"https:\/\/blogsaverroes.juntadeandalucia.es\/coleiznatoraf\/wp-json\/wp\/v2\/posts"}],"about":[{"href":"https:\/\/blogsaverroes.juntadeandalucia.es\/coleiznatoraf\/wp-json\/wp\/v2\/types\/post"}],"author":[{"embeddable":true,"href":"https:\/\/blogsaverroes.juntadeandalucia.es\/coleiznatoraf\/wp-json\/wp\/v2\/users\/4721"}],"replies":[{"embeddable":true,"href":"https:\/\/blogsaverroes.juntadeandalucia.es\/coleiznatoraf\/wp-json\/wp\/v2\/comments?post=5395"}],"version-history":[{"count":5,"href":"https:\/\/blogsaverroes.juntadeandalucia.es\/coleiznatoraf\/wp-json\/wp\/v2\/posts\/5395\/revisions"}],"predecessor-version":[{"id":5403,"href":"https:\/\/blogsaverroes.juntadeandalucia.es\/coleiznatoraf\/wp-json\/wp\/v2\/posts\/5395\/revisions\/5403"}],"wp:featuredmedia":[{"embeddable":true,"href":"https:\/\/blogsaverroes.juntadeandalucia.es\/coleiznatoraf\/wp-json\/wp\/v2\/media\/5401"}],"wp:attachment":[{"href":"https:\/\/blogsaverroes.juntadeandalucia.es\/coleiznatoraf\/wp-json\/wp\/v2\/media?parent=5395"}],"wp:term":[{"taxonomy":"category","embeddable":true,"href":"https:\/\/blogsaverroes.juntadeandalucia.es\/coleiznatoraf\/wp-json\/wp\/v2\/categories?post=5395"},{"taxonomy":"post_tag","embeddable":true,"href":"https:\/\/blogsaverroes.juntadeandalucia.es\/coleiznatoraf\/wp-json\/wp\/v2\/tags?post=5395"}],"curies":[{"name":"wp","href":"https:\/\/api.w.org\/{rel}","templated":true}]}}