{"id":5453,"date":"2024-01-31T22:53:20","date_gmt":"2024-01-31T22:53:20","guid":{"rendered":"http:\/\/blogsaverroes.juntadeandalucia.es\/coleiznatoraf\/?p=5453"},"modified":"2024-02-14T01:21:31","modified_gmt":"2024-02-14T01:21:31","slug":"si-a-la-vida-si-a-la-paz-no-a-la-violencia","status":"publish","type":"post","link":"https:\/\/blogsaverroes.juntadeandalucia.es\/coleiznatoraf\/2024\/01\/31\/si-a-la-vida-si-a-la-paz-no-a-la-violencia\/","title":{"rendered":"\u00a1S\u00cd A LA VIDA! \u00a1S\u00cd A LA PAZ! \u00a1NO A LA VIOLENCIA!"},"content":{"rendered":"<p style=\"text-align: justify\"><strong>&nbsp; &nbsp;<\/strong><iframe loading=\"lazy\" src=\"\/\/www.youtube.com\/embed\/MoocB5g2fL4?si=h4EshROKrKWC9Oz6\" width=\"560\" height=\"315\" frameborder=\"0\"><\/iframe><\/p>\n<p style=\"text-align: justify\"><strong> El 30 de enero<\/strong> conmemoramos en el cole <strong>\u00abEl d\u00eda de la Paz\u00bb.&nbsp;<\/strong> Tal y como se lee en el t\u00edtulo, nuestros ni\u00f1os y ni\u00f1as gritaron bien fuerte: <strong>\u00a1S\u00cd A LA VIDA! \u00a1S\u00cd A LA PAZ!&nbsp; y \u00a1NO A LA VIOLENCIA! <\/strong><\/p>\n<p style=\"text-align: justify\">&nbsp; &nbsp;El acto comenz\u00f3 con la <strong>lectura de un manifiesto,<\/strong> en el que mostramos nuestro rechazo hacia las injusticias que vemos a nuestro alrededor: ni\u00f1os y ni\u00f1as que mueren v\u00edctimas de guerras injustas; que mueren de hambre o por enfermedades al no tener acceso a medicinas;&nbsp; que no tienen derecho a la educaci\u00f3n o que son vendidos y obligados a trabajar como esclavos;&nbsp; ni\u00f1as v\u00edctimas de abusos&#8230;&nbsp; Por ello,&nbsp; pedimos a los que mandan que trabajen para hacer de este mundo un mundo mejor.&nbsp; Si entre todos ponemos nuestro granito de arena podremos conseguir ese sue\u00f1o&nbsp; que, hoy por hoy,&nbsp; parece imposible que es <strong>LA PAZ.<\/strong><\/p>\n<p style=\"text-align: justify\">Tras la lectura del manifiesto, el alumnado expuso nuestro particular <strong>Guernica de Picasso<\/strong>. Un colorido Guernica, con el que quisimos simbolizar nuestra <strong>esperanza<\/strong> por conseguir la paz y en cuya elaboraci\u00f3n particip\u00f3 todo el cole. Tambi\u00e9n nos explicaron&nbsp; <a href=\"https:\/\/www.youtube.com\/watch?v=FCjFLHtt4tg\">el significado de los elementos que aparecen en el cuadro.&nbsp;&nbsp;<\/a><\/p>\n<p style=\"text-align: justify\">Para terminar el acto lo hicimos con la canci\u00f3n <strong>\u00abQu\u00e9 bonito es querer\u00bb de Manuel Carrasco,<\/strong> interpretada primero con la flauta por el alumnado de la ESO&nbsp; y cantada por todo el cole para finalizar el acto.<\/p>\n<p>&nbsp;<\/p>\n","protected":false},"excerpt":{"rendered":"<p>&nbsp; &nbsp; El 30 de enero conmemoramos en el cole \u00abEl d\u00eda de la Paz\u00bb.&nbsp; Tal y como se lee en el t\u00edtulo, nuestros ni\u00f1os y ni\u00f1as gritaron bien fuerte: \u00a1S\u00cd A LA VIDA!&#46;&#46;&#46;<\/p>\n","protected":false},"author":4721,"featured_media":5456,"comment_status":"open","ping_status":"open","sticky":false,"template":"","format":"standard","meta":{"ngg_post_thumbnail":0,"footnotes":""},"categories":[11909],"tags":[],"aioseo_notices":[],"_links":{"self":[{"href":"https:\/\/blogsaverroes.juntadeandalucia.es\/coleiznatoraf\/wp-json\/wp\/v2\/posts\/5453"}],"collection":[{"href":"https:\/\/blogsaverroes.juntadeandalucia.es\/coleiznatoraf\/wp-json\/wp\/v2\/posts"}],"about":[{"href":"https:\/\/blogsaverroes.juntadeandalucia.es\/coleiznatoraf\/wp-json\/wp\/v2\/types\/post"}],"author":[{"embeddable":true,"href":"https:\/\/blogsaverroes.juntadeandalucia.es\/coleiznatoraf\/wp-json\/wp\/v2\/users\/4721"}],"replies":[{"embeddable":true,"href":"https:\/\/blogsaverroes.juntadeandalucia.es\/coleiznatoraf\/wp-json\/wp\/v2\/comments?post=5453"}],"version-history":[{"count":3,"href":"https:\/\/blogsaverroes.juntadeandalucia.es\/coleiznatoraf\/wp-json\/wp\/v2\/posts\/5453\/revisions"}],"predecessor-version":[{"id":5458,"href":"https:\/\/blogsaverroes.juntadeandalucia.es\/coleiznatoraf\/wp-json\/wp\/v2\/posts\/5453\/revisions\/5458"}],"wp:featuredmedia":[{"embeddable":true,"href":"https:\/\/blogsaverroes.juntadeandalucia.es\/coleiznatoraf\/wp-json\/wp\/v2\/media\/5456"}],"wp:attachment":[{"href":"https:\/\/blogsaverroes.juntadeandalucia.es\/coleiznatoraf\/wp-json\/wp\/v2\/media?parent=5453"}],"wp:term":[{"taxonomy":"category","embeddable":true,"href":"https:\/\/blogsaverroes.juntadeandalucia.es\/coleiznatoraf\/wp-json\/wp\/v2\/categories?post=5453"},{"taxonomy":"post_tag","embeddable":true,"href":"https:\/\/blogsaverroes.juntadeandalucia.es\/coleiznatoraf\/wp-json\/wp\/v2\/tags?post=5453"}],"curies":[{"name":"wp","href":"https:\/\/api.w.org\/{rel}","templated":true}]}}