{"id":584,"date":"2012-11-04T17:30:00","date_gmt":"2012-11-04T17:30:00","guid":{"rendered":"http:\/\/blogsaverroes.juntadeandalucia.es\/colejuanarmario\/2012\/11\/04\/programa-de-acompanamiento\/"},"modified":"2012-11-04T17:30:00","modified_gmt":"2012-11-04T17:30:00","slug":"programa-de-acompanamiento","status":"publish","type":"post","link":"https:\/\/blogsaverroes.juntadeandalucia.es\/colejuanarmario\/2012\/11\/04\/programa-de-acompanamiento\/","title":{"rendered":"Programa de Acompa\u00f1amiento"},"content":{"rendered":"<p>Estimadas Familias,<\/p>\n<p>Os informamos que el Programa de Acompa\u00f1amiento se iniciar\u00e1 el pr\u00f3ximo <b>6 de Noviembre.&nbsp;<\/b><\/p>\n<p>Ya se ha realizado una pre-elecci\u00f3n del alumnado de cada grupo ( 3\u00ba, 4\u00ba, 5\u00ba, y 6\u00ba). Por ello, el pr\u00f3ximo <b>Lunes<\/b> <b>5 de Noviembre a las 16:00 horas se realizar\u00e1 una reuni\u00f3n en el Sal\u00f3n de Actos del Centro<\/b>.<\/p>\n<p>Os convocaremos a trav\u00e9s de una citaci\u00f3n que le entregaremos a vuestros hijos e hijas.<\/p>\n<p>Es importante que record\u00e9is que este Programa es muy beneficio para vuestros hijos e hijas, primero porque favorece el desarrollo de h\u00e1bitos de estudio, refuerzo conocimientos y destrezas b\u00e1sicas, incrementa el rendimiento de tu hijo\/a y por \u00faltimo es impartido por el profesorado del Centro, que ya conoce y atiende a vuestros hijos\/as.<\/p>\n<p>Las clases de Acompa\u00f1amiento se realizar\u00e1n en el siguiente horario:<\/p>\n<p>&nbsp; &nbsp;&#8211; Alumnado de <b>3\u00ba de Educaci\u00f3n Primaria:<\/b> Martes y Jueves de <b>17 a 19 horas.<\/b><\/p>\n<p>&nbsp; &nbsp;&#8211; Alumnado de <b>4\u00ba de Educaci\u00f3n Primari<\/b>a:<b>Martes de 16-17 h.<\/b><br \/>&nbsp; &nbsp; &nbsp; &nbsp; &nbsp; &nbsp; &nbsp; &nbsp; &nbsp; &nbsp; &nbsp; &nbsp; &nbsp; &nbsp; &nbsp; &nbsp; &nbsp; &nbsp; &nbsp; &nbsp; &nbsp; &nbsp; &nbsp; &nbsp; &nbsp; &nbsp; &nbsp; &nbsp; &nbsp; &nbsp; &nbsp; &nbsp; &nbsp; &nbsp; &nbsp;<b>Mi\u00e9rcoles&nbsp;de 17-18 h.<\/b><br \/>&nbsp; &nbsp; &nbsp; &nbsp; &nbsp; &nbsp; &nbsp; &nbsp; &nbsp; &nbsp; &nbsp; &nbsp; &nbsp; &nbsp; &nbsp; &nbsp; &nbsp; &nbsp; &nbsp; &nbsp; &nbsp; &nbsp; &nbsp; &nbsp; &nbsp; &nbsp; &nbsp; &nbsp; &nbsp; &nbsp; &nbsp; &nbsp; &nbsp; &nbsp; &nbsp;<b>Jueves de 16 &#8211; 18 h.&nbsp;<\/b><\/p>\n<p>&nbsp; &nbsp;&#8211; Alumnado de <b>5\u00ba&nbsp;de Educaci\u00f3n Primaria:<\/b> Martes y Jueves de <b>16 a 18 horas<\/b><br \/>&nbsp; &nbsp;&#8211; Alumnado de <b>6\u00ba de Educaci\u00f3n Primaria:<\/b> Martes y Jueves de <b>16 a 18 horas.<\/b><\/p>\n<p>Por todo esto, esperamos vuestro inter\u00e9s y asistencia a dicha reuni\u00f3n.<\/p>\n<p>Un saludo.<\/p>\n<p>El Director.<\/p>\n","protected":false},"excerpt":{"rendered":"<p>Estimadas Familias, Os informamos que el Programa de Acompa\u00f1amiento se iniciar\u00e1 el pr\u00f3ximo 6 de Noviembre.&nbsp; Ya se ha realizado una pre-elecci\u00f3n del alumnado de cada grupo ( 3\u00ba, 4\u00ba, 5\u00ba, y 6\u00ba). Por&#46;&#46;&#46;<\/p>\n","protected":false},"author":2443,"featured_media":0,"comment_status":"open","ping_status":"open","sticky":false,"template":"","format":"standard","meta":{"ngg_post_thumbnail":0,"footnotes":""},"categories":[526],"tags":[],"aioseo_notices":[],"_links":{"self":[{"href":"https:\/\/blogsaverroes.juntadeandalucia.es\/colejuanarmario\/wp-json\/wp\/v2\/posts\/584"}],"collection":[{"href":"https:\/\/blogsaverroes.juntadeandalucia.es\/colejuanarmario\/wp-json\/wp\/v2\/posts"}],"about":[{"href":"https:\/\/blogsaverroes.juntadeandalucia.es\/colejuanarmario\/wp-json\/wp\/v2\/types\/post"}],"author":[{"embeddable":true,"href":"https:\/\/blogsaverroes.juntadeandalucia.es\/colejuanarmario\/wp-json\/wp\/v2\/users\/2443"}],"replies":[{"embeddable":true,"href":"https:\/\/blogsaverroes.juntadeandalucia.es\/colejuanarmario\/wp-json\/wp\/v2\/comments?post=584"}],"version-history":[{"count":0,"href":"https:\/\/blogsaverroes.juntadeandalucia.es\/colejuanarmario\/wp-json\/wp\/v2\/posts\/584\/revisions"}],"wp:attachment":[{"href":"https:\/\/blogsaverroes.juntadeandalucia.es\/colejuanarmario\/wp-json\/wp\/v2\/media?parent=584"}],"wp:term":[{"taxonomy":"category","embeddable":true,"href":"https:\/\/blogsaverroes.juntadeandalucia.es\/colejuanarmario\/wp-json\/wp\/v2\/categories?post=584"},{"taxonomy":"post_tag","embeddable":true,"href":"https:\/\/blogsaverroes.juntadeandalucia.es\/colejuanarmario\/wp-json\/wp\/v2\/tags?post=584"}],"curies":[{"name":"wp","href":"https:\/\/api.w.org\/{rel}","templated":true}]}}