{"id":631,"date":"2011-04-13T08:44:00","date_gmt":"2011-04-13T08:44:00","guid":{"rendered":"http:\/\/blogsaverroes.juntadeandalucia.es\/colejuanarmario\/2011\/04\/13\/programa-cuidemos-la-costa\/"},"modified":"2011-04-13T08:44:00","modified_gmt":"2011-04-13T08:44:00","slug":"programa-cuidemos-la-costa","status":"publish","type":"post","link":"https:\/\/blogsaverroes.juntadeandalucia.es\/colejuanarmario\/2011\/04\/13\/programa-cuidemos-la-costa\/","title":{"rendered":"!Programa Cuidemos la Costa!"},"content":{"rendered":"<p>Estimadas Familias, el pasado d\u00eda 23 de Marzo desarrollamos una Jornada de Inspecci\u00f3n Costera, c\u00f3mo una de las actividades acogidas al Programa de Medioambiente Cuidemos la Costa. Este programa, tiene como objetivo promover y desarrollar una educaci\u00f3n medioambiental, y en este caso, centrada en los ecosistemas costeros. Gracias a este programa, podemos vivenciar y experimentar los ecosistemas costeros y promover valores de cuidado y respeto por nuestras Playas y la conservaci\u00f3n y uso sostenible de las mismas.<\/p>\n<p>La Jornada de Inspecci\u00f3n Costera&nbsp; se desarroll\u00f3 en la Playa de La Barrosa ( Chiclana de la Frontera), y pasamos un d\u00eda estupendo, a pesar del Viento de Levante. Los alumnos\/as, as\u00ed como profesores\/as disfrutamos mucho de esta actividad, y tal es as\u00ed, que hemos participado como Centro, en el Certamen de Experiencias Did\u00e1cticas Cuidemos la Costa, cuyo premio ser\u00eda disfrutar de varios d\u00edas de Campamento para el alumnado de 5\u00ba y 6\u00ba totalmente gratis.&nbsp; Ya os iremos informando.<\/p>\n<p>Aqu\u00ed os dejo una muestra de la Jornada de Inspecci\u00f3n Costera.<\/p>\n<p>El Jefe de Estudios.&nbsp; <\/p>\n<div style=\"clear: both;text-align: center\"><a href=\"http:\/\/4.bp.blogspot.com\/-xWd28AsCOZ8\/TaVh0UJPapI\/AAAAAAAAAMg\/4bMOnolQ95Q\/s1600\/P3230982.JPG\" style=\"margin-left: 1em;margin-right: 1em\"><img fetchpriority=\"high\" decoding=\"async\" border=\"0\" height=\"240\" src=\"http:\/\/4.bp.blogspot.com\/-xWd28AsCOZ8\/TaVh0UJPapI\/AAAAAAAAAMg\/4bMOnolQ95Q\/s320\/P3230982.JPG\" width=\"320\" \/><\/a><\/div>\n<p><\/p>\n<div style=\"clear: both;text-align: center\"><a href=\"http:\/\/4.bp.blogspot.com\/-GdYFvZlqMOk\/TaVh7zMfk_I\/AAAAAAAAAMk\/KAZhklqrwW8\/s1600\/P3230991.JPG\" style=\"margin-left: 1em;margin-right: 1em\"><img decoding=\"async\" border=\"0\" height=\"240\" src=\"http:\/\/4.bp.blogspot.com\/-GdYFvZlqMOk\/TaVh7zMfk_I\/AAAAAAAAAMk\/KAZhklqrwW8\/s320\/P3230991.JPG\" width=\"320\" \/><\/a><\/div>\n<p><\/p>\n<div style=\"clear: both;text-align: center\"><a href=\"http:\/\/3.bp.blogspot.com\/-rNbz4RhjRaA\/TaViCkZQV-I\/AAAAAAAAAMo\/OShWQqu80Bs\/s1600\/P3230992.JPG\" style=\"margin-left: 1em;margin-right: 1em\"><img decoding=\"async\" border=\"0\" height=\"240\" src=\"http:\/\/3.bp.blogspot.com\/-rNbz4RhjRaA\/TaViCkZQV-I\/AAAAAAAAAMo\/OShWQqu80Bs\/s320\/P3230992.JPG\" width=\"320\" \/><\/a><\/div>\n<p><\/p>\n<div style=\"clear: both;text-align: center\"><a href=\"http:\/\/3.bp.blogspot.com\/-AjrEcp-twxU\/TaViJ9UQ4OI\/AAAAAAAAAMs\/IGGL4nshAss\/s1600\/P3231000.JPG\" style=\"margin-left: 1em;margin-right: 1em\"><img loading=\"lazy\" decoding=\"async\" border=\"0\" height=\"240\" src=\"http:\/\/3.bp.blogspot.com\/-AjrEcp-twxU\/TaViJ9UQ4OI\/AAAAAAAAAMs\/IGGL4nshAss\/s320\/P3231000.JPG\" width=\"320\" \/><\/a><\/div>\n","protected":false},"excerpt":{"rendered":"<p>Estimadas Familias, el pasado d\u00eda 23 de Marzo desarrollamos una Jornada de Inspecci\u00f3n Costera, c\u00f3mo una de las actividades acogidas al Programa de Medioambiente Cuidemos la Costa. Este programa, tiene como objetivo promover y&#46;&#46;&#46;<\/p>\n","protected":false},"author":2443,"featured_media":0,"comment_status":"open","ping_status":"open","sticky":false,"template":"","format":"standard","meta":{"ngg_post_thumbnail":0,"footnotes":""},"categories":[526],"tags":[],"aioseo_notices":[],"_links":{"self":[{"href":"https:\/\/blogsaverroes.juntadeandalucia.es\/colejuanarmario\/wp-json\/wp\/v2\/posts\/631"}],"collection":[{"href":"https:\/\/blogsaverroes.juntadeandalucia.es\/colejuanarmario\/wp-json\/wp\/v2\/posts"}],"about":[{"href":"https:\/\/blogsaverroes.juntadeandalucia.es\/colejuanarmario\/wp-json\/wp\/v2\/types\/post"}],"author":[{"embeddable":true,"href":"https:\/\/blogsaverroes.juntadeandalucia.es\/colejuanarmario\/wp-json\/wp\/v2\/users\/2443"}],"replies":[{"embeddable":true,"href":"https:\/\/blogsaverroes.juntadeandalucia.es\/colejuanarmario\/wp-json\/wp\/v2\/comments?post=631"}],"version-history":[{"count":0,"href":"https:\/\/blogsaverroes.juntadeandalucia.es\/colejuanarmario\/wp-json\/wp\/v2\/posts\/631\/revisions"}],"wp:attachment":[{"href":"https:\/\/blogsaverroes.juntadeandalucia.es\/colejuanarmario\/wp-json\/wp\/v2\/media?parent=631"}],"wp:term":[{"taxonomy":"category","embeddable":true,"href":"https:\/\/blogsaverroes.juntadeandalucia.es\/colejuanarmario\/wp-json\/wp\/v2\/categories?post=631"},{"taxonomy":"post_tag","embeddable":true,"href":"https:\/\/blogsaverroes.juntadeandalucia.es\/colejuanarmario\/wp-json\/wp\/v2\/tags?post=631"}],"curies":[{"name":"wp","href":"https:\/\/api.w.org\/{rel}","templated":true}]}}