{"id":1527,"date":"2025-02-18T17:04:44","date_gmt":"2025-02-18T16:04:44","guid":{"rendered":"https:\/\/blogsaverroes.juntadeandalucia.es\/colelasalud\/?p=1527"},"modified":"2025-03-03T09:59:01","modified_gmt":"2025-03-03T08:59:01","slug":"carrera-solidaria-en-el-centro","status":"publish","type":"post","link":"https:\/\/blogsaverroes.juntadeandalucia.es\/colelasalud\/carrera-solidaria-en-el-centro\/","title":{"rendered":"Carrera Solidaria por la DANA"},"content":{"rendered":"\t\t<div data-elementor-type=\"wp-post\" data-elementor-id=\"1527\" class=\"elementor elementor-1527\">\n\t\t\t\t<div class=\"elementor-element elementor-element-c1de1aa e-flex e-con-boxed e-con e-parent\" data-id=\"c1de1aa\" data-element_type=\"container\">\n\t\t\t\t\t<div class=\"e-con-inner\">\n\t\t\t\t<div class=\"elementor-element elementor-element-c4a280a elementor-widget elementor-widget-image\" data-id=\"c4a280a\" data-element_type=\"widget\" data-widget_type=\"image.default\">\n\t\t\t\t<div class=\"elementor-widget-container\">\n\t\t\t\t\t\t\t\t\t\t\t\t\t\t\t<img fetchpriority=\"high\" decoding=\"async\" width=\"1024\" height=\"841\" src=\"https:\/\/blogsaverroes.juntadeandalucia.es\/colelasalud\/files\/2025\/02\/CEIPB.-NTRA.-SRA.-DE-LA-SALUD-CARRERA-e1739895707759-1024x841.jpg\" class=\"attachment-large size-large wp-image-1539\" alt=\"\" srcset=\"https:\/\/blogsaverroes.juntadeandalucia.es\/colelasalud\/files\/2025\/02\/CEIPB.-NTRA.-SRA.-DE-LA-SALUD-CARRERA-e1739895707759-1024x841.jpg 1024w, https:\/\/blogsaverroes.juntadeandalucia.es\/colelasalud\/files\/2025\/02\/CEIPB.-NTRA.-SRA.-DE-LA-SALUD-CARRERA-e1739895707759-300x246.jpg 300w, https:\/\/blogsaverroes.juntadeandalucia.es\/colelasalud\/files\/2025\/02\/CEIPB.-NTRA.-SRA.-DE-LA-SALUD-CARRERA-e1739895707759-768x630.jpg 768w, https:\/\/blogsaverroes.juntadeandalucia.es\/colelasalud\/files\/2025\/02\/CEIPB.-NTRA.-SRA.-DE-LA-SALUD-CARRERA-e1739895707759.jpg 1440w\" sizes=\"(max-width: 1024px) 100vw, 1024px\" \/>\t\t\t\t\t\t\t\t\t\t\t\t\t\t\t<\/div>\n\t\t\t\t<\/div>\n\t\t\t\t<div class=\"elementor-element elementor-element-b3d1379 elementor-widget elementor-widget-text-editor\" data-id=\"b3d1379\" data-element_type=\"widget\" data-widget_type=\"text-editor.default\">\n\t\t\t\t<div class=\"elementor-widget-container\">\n\t\t\t\t\t\t\t\t\t<p>El pr\u00f3ximo martes 25 de febrero celebramos en el Centro la II Carrera Solidaria por el D\u00eda de Andaluc\u00eda para los afectados por la Dana de Valencia.<\/p><p>PARTICIPA!!<\/p><p>Consulta el v\u00eddeo promocional de nuestra causa haciendo <a href=\"https:\/\/youtu.be\/BFwKXoysG1Q\">clic aqu\u00ed<\/a><\/p>\t\t\t\t\t\t\t\t<\/div>\n\t\t\t\t<\/div>\n\t\t\t\t\t<\/div>\n\t\t\t\t<\/div>\n\t\t\t\t<\/div>\n\t\t","protected":false},"excerpt":{"rendered":"<p>El pr\u00f3ximo martes 25 de febrero celebramos en el Centro la II Carrera Solidaria por el D\u00eda de Andaluc\u00eda para los afectados por la Dana de Valencia. PARTICIPA!! Consulta el v\u00eddeo promocional de nuestra&#46;&#46;&#46;<\/p>\n","protected":false},"author":17292,"featured_media":1539,"comment_status":"closed","ping_status":"open","sticky":false,"template":"","format":"standard","meta":{"_exactmetrics_skip_tracking":false,"_exactmetrics_sitenote_active":false,"_exactmetrics_sitenote_note":"","_exactmetrics_sitenote_category":0,"ngg_post_thumbnail":0,"footnotes":""},"categories":[1],"tags":[],"aioseo_notices":[],"_links":{"self":[{"href":"https:\/\/blogsaverroes.juntadeandalucia.es\/colelasalud\/wp-json\/wp\/v2\/posts\/1527"}],"collection":[{"href":"https:\/\/blogsaverroes.juntadeandalucia.es\/colelasalud\/wp-json\/wp\/v2\/posts"}],"about":[{"href":"https:\/\/blogsaverroes.juntadeandalucia.es\/colelasalud\/wp-json\/wp\/v2\/types\/post"}],"author":[{"embeddable":true,"href":"https:\/\/blogsaverroes.juntadeandalucia.es\/colelasalud\/wp-json\/wp\/v2\/users\/17292"}],"replies":[{"embeddable":true,"href":"https:\/\/blogsaverroes.juntadeandalucia.es\/colelasalud\/wp-json\/wp\/v2\/comments?post=1527"}],"version-history":[{"count":11,"href":"https:\/\/blogsaverroes.juntadeandalucia.es\/colelasalud\/wp-json\/wp\/v2\/posts\/1527\/revisions"}],"predecessor-version":[{"id":1709,"href":"https:\/\/blogsaverroes.juntadeandalucia.es\/colelasalud\/wp-json\/wp\/v2\/posts\/1527\/revisions\/1709"}],"wp:featuredmedia":[{"embeddable":true,"href":"https:\/\/blogsaverroes.juntadeandalucia.es\/colelasalud\/wp-json\/wp\/v2\/media\/1539"}],"wp:attachment":[{"href":"https:\/\/blogsaverroes.juntadeandalucia.es\/colelasalud\/wp-json\/wp\/v2\/media?parent=1527"}],"wp:term":[{"taxonomy":"category","embeddable":true,"href":"https:\/\/blogsaverroes.juntadeandalucia.es\/colelasalud\/wp-json\/wp\/v2\/categories?post=1527"},{"taxonomy":"post_tag","embeddable":true,"href":"https:\/\/blogsaverroes.juntadeandalucia.es\/colelasalud\/wp-json\/wp\/v2\/tags?post=1527"}],"curies":[{"name":"wp","href":"https:\/\/api.w.org\/{rel}","templated":true}]}}