{"id":2036,"date":"2025-03-25T11:21:53","date_gmt":"2025-03-25T10:21:53","guid":{"rendered":"https:\/\/blogsaverroes.juntadeandalucia.es\/colelasalud\/?p=2036"},"modified":"2025-04-08T10:20:33","modified_gmt":"2025-04-08T09:20:33","slug":"saint-patrick","status":"publish","type":"post","link":"https:\/\/blogsaverroes.juntadeandalucia.es\/colelasalud\/saint-patrick\/","title":{"rendered":"SAINT PATRICK"},"content":{"rendered":"\t\t<div data-elementor-type=\"wp-post\" data-elementor-id=\"2036\" class=\"elementor elementor-2036\">\n\t\t\t\t<div class=\"elementor-element elementor-element-b39d61f e-flex e-con-boxed e-con e-parent\" data-id=\"b39d61f\" data-element_type=\"container\">\n\t\t\t\t\t<div class=\"e-con-inner\">\n\t\t\t\t<div class=\"elementor-element elementor-element-ed9b4c0 elementor-widget elementor-widget-text-editor\" data-id=\"ed9b4c0\" data-element_type=\"widget\" data-widget_type=\"text-editor.default\">\n\t\t\t\t<div class=\"elementor-widget-container\">\n\t\t\t\t\t\t\t\t\t<p>Nuestros alumnos han celebrado el D\u00eda de San Patricio con alegr\u00eda y creatividad, aprendiendo sobre la cultura irlandesa a trav\u00e9s de actividades especiales, manualidades y juegos. \u00a1Un d\u00eda lleno de verde, ilusi\u00f3n y aprendizaje!<\/p>\t\t\t\t\t\t\t\t<\/div>\n\t\t\t\t<\/div>\n\t\t\t\t\t<\/div>\n\t\t\t\t<\/div>\n\t\t<div class=\"elementor-element elementor-element-645a02d e-flex e-con-boxed e-con e-parent\" data-id=\"645a02d\" data-element_type=\"container\">\n\t\t\t\t\t<div class=\"e-con-inner\">\n\t\t\t\t<div class=\"elementor-element elementor-element-5039cac elementor-widget elementor-widget-image\" data-id=\"5039cac\" data-element_type=\"widget\" data-widget_type=\"image.default\">\n\t\t\t\t<div class=\"elementor-widget-container\">\n\t\t\t\t\t\t\t\t\t\t\t\t\t\t\t<img fetchpriority=\"high\" decoding=\"async\" width=\"576\" height=\"1024\" src=\"https:\/\/blogsaverroes.juntadeandalucia.es\/colelasalud\/files\/2025\/03\/PHOTO-2025-03-20-12-12-09-1-576x1024.jpg\" class=\"attachment-large size-large wp-image-2030\" alt=\"\" srcset=\"https:\/\/blogsaverroes.juntadeandalucia.es\/colelasalud\/files\/2025\/03\/PHOTO-2025-03-20-12-12-09-1-576x1024.jpg 576w, https:\/\/blogsaverroes.juntadeandalucia.es\/colelasalud\/files\/2025\/03\/PHOTO-2025-03-20-12-12-09-1-169x300.jpg 169w, https:\/\/blogsaverroes.juntadeandalucia.es\/colelasalud\/files\/2025\/03\/PHOTO-2025-03-20-12-12-09-1-768x1366.jpg 768w, https:\/\/blogsaverroes.juntadeandalucia.es\/colelasalud\/files\/2025\/03\/PHOTO-2025-03-20-12-12-09-1-864x1536.jpg 864w, https:\/\/blogsaverroes.juntadeandalucia.es\/colelasalud\/files\/2025\/03\/PHOTO-2025-03-20-12-12-09-1.jpg 899w\" sizes=\"(max-width: 576px) 100vw, 576px\" \/>\t\t\t\t\t\t\t\t\t\t\t\t\t\t\t<\/div>\n\t\t\t\t<\/div>\n\t\t\t\t\t<\/div>\n\t\t\t\t<\/div>\n\t\t<div class=\"elementor-element elementor-element-1e0d09d e-flex e-con-boxed e-con e-parent\" data-id=\"1e0d09d\" data-element_type=\"container\">\n\t\t\t\t\t<div class=\"e-con-inner\">\n\t\t\t\t<div class=\"elementor-element elementor-element-39e9e10 elementor-widget elementor-widget-text-editor\" data-id=\"39e9e10\" data-element_type=\"widget\" data-widget_type=\"text-editor.default\">\n\t\t\t\t<div class=\"elementor-widget-container\">\n\t\t\t\t\t\t\t\t\t<p>Nuestra Auxiliar de Conversaci\u00f3n ha acercado al alumnado a la fiesta con una presentaci\u00f3n que puedes ver pinchando <a href=\"https:\/\/docs.google.com\/presentation\/d\/1QZtxoacFcpNvGX5Ya10pD7S7AXjXj6Oi4EFJb7yoFIk\/mobilepresent?slide=id.p1\">AQU\u00cd<\/a><\/p>\t\t\t\t\t\t\t\t<\/div>\n\t\t\t\t<\/div>\n\t\t\t\t\t<\/div>\n\t\t\t\t<\/div>\n\t\t\t\t<\/div>\n\t\t","protected":false},"excerpt":{"rendered":"<p>Nuestros alumnos han celebrado el D\u00eda de San Patricio con alegr\u00eda y creatividad, aprendiendo sobre la cultura irlandesa a trav\u00e9s de actividades especiales, manualidades y juegos. \u00a1Un d\u00eda lleno de verde, ilusi\u00f3n y aprendizaje!&#46;&#46;&#46;<\/p>\n","protected":false},"author":17292,"featured_media":2041,"comment_status":"closed","ping_status":"open","sticky":false,"template":"","format":"standard","meta":{"_exactmetrics_skip_tracking":false,"_exactmetrics_sitenote_active":false,"_exactmetrics_sitenote_note":"","_exactmetrics_sitenote_category":0,"ngg_post_thumbnail":0,"footnotes":""},"categories":[23],"tags":[],"aioseo_notices":[],"_links":{"self":[{"href":"https:\/\/blogsaverroes.juntadeandalucia.es\/colelasalud\/wp-json\/wp\/v2\/posts\/2036"}],"collection":[{"href":"https:\/\/blogsaverroes.juntadeandalucia.es\/colelasalud\/wp-json\/wp\/v2\/posts"}],"about":[{"href":"https:\/\/blogsaverroes.juntadeandalucia.es\/colelasalud\/wp-json\/wp\/v2\/types\/post"}],"author":[{"embeddable":true,"href":"https:\/\/blogsaverroes.juntadeandalucia.es\/colelasalud\/wp-json\/wp\/v2\/users\/17292"}],"replies":[{"embeddable":true,"href":"https:\/\/blogsaverroes.juntadeandalucia.es\/colelasalud\/wp-json\/wp\/v2\/comments?post=2036"}],"version-history":[{"count":8,"href":"https:\/\/blogsaverroes.juntadeandalucia.es\/colelasalud\/wp-json\/wp\/v2\/posts\/2036\/revisions"}],"predecessor-version":[{"id":2162,"href":"https:\/\/blogsaverroes.juntadeandalucia.es\/colelasalud\/wp-json\/wp\/v2\/posts\/2036\/revisions\/2162"}],"wp:featuredmedia":[{"embeddable":true,"href":"https:\/\/blogsaverroes.juntadeandalucia.es\/colelasalud\/wp-json\/wp\/v2\/media\/2041"}],"wp:attachment":[{"href":"https:\/\/blogsaverroes.juntadeandalucia.es\/colelasalud\/wp-json\/wp\/v2\/media?parent=2036"}],"wp:term":[{"taxonomy":"category","embeddable":true,"href":"https:\/\/blogsaverroes.juntadeandalucia.es\/colelasalud\/wp-json\/wp\/v2\/categories?post=2036"},{"taxonomy":"post_tag","embeddable":true,"href":"https:\/\/blogsaverroes.juntadeandalucia.es\/colelasalud\/wp-json\/wp\/v2\/tags?post=2036"}],"curies":[{"name":"wp","href":"https:\/\/api.w.org\/{rel}","templated":true}]}}