{"id":2359,"date":"2025-05-16T12:00:13","date_gmt":"2025-05-16T11:00:13","guid":{"rendered":"https:\/\/blogsaverroes.juntadeandalucia.es\/colelasalud\/?p=2359"},"modified":"2025-05-16T12:42:26","modified_gmt":"2025-05-16T11:42:26","slug":"dia-de-europa","status":"publish","type":"post","link":"https:\/\/blogsaverroes.juntadeandalucia.es\/colelasalud\/dia-de-europa\/","title":{"rendered":"D\u00cdA DE EUROPA"},"content":{"rendered":"\t\t<div data-elementor-type=\"wp-post\" data-elementor-id=\"2359\" class=\"elementor elementor-2359\">\n\t\t\t\t<div class=\"elementor-element elementor-element-c3bad61 e-flex e-con-boxed e-con e-parent\" data-id=\"c3bad61\" data-element_type=\"container\">\n\t\t\t\t\t<div class=\"e-con-inner\">\n\t\t\t\t<div class=\"elementor-element elementor-element-6ea00a3 elementor-widget elementor-widget-text-editor\" data-id=\"6ea00a3\" data-element_type=\"widget\" data-widget_type=\"text-editor.default\">\n\t\t\t\t<div class=\"elementor-widget-container\">\n\t\t\t\t\t\t\t\t\t<p><span style=\"color: #222222;font-family: Arial, Helvetica, sans-serif;font-size: small;font-style: normal;font-weight: 400\">\u00a1As\u00ed cerramos una semana llena de aventuras con nuestras Maletas Viajeras!<\/span><br style=\"color: #222222;font-family: Arial, Helvetica, sans-serif;font-size: small\" \/><span style=\"color: #222222;font-family: Arial, Helvetica, sans-serif;font-size: small;font-style: normal;font-weight: 400\">Durante estos d\u00edas, las ni\u00f1as y ni\u00f1os han recorrido 7 pa\u00edses de Europa con la imaginaci\u00f3n, descubriendo pa\u00edses, culturas y tradiciones gracias a una actividad muy especial\u00a0 para celebrar el D\u00eda de Europa.<\/span><br style=\"color: #222222;font-family: Arial, Helvetica, sans-serif;font-size: small\" \/><span style=\"color: #222222;font-family: Arial, Helvetica, sans-serif;font-size: small;font-style: normal;font-weight: 400\">Gracias de coraz\u00f3n por vuestra implicaci\u00f3n, creatividad y tiempo.<\/span><br style=\"color: #222222;font-family: Arial, Helvetica, sans-serif;font-size: small\" \/><span style=\"color: #222222;font-family: Arial, Helvetica, sans-serif;font-size: small;font-style: normal;font-weight: 400\">Sin vosotras y vosotros, esta experiencia no habr\u00eda sido posible. \u00a1Qu\u00e9 bonito es aprender juntos!<\/span><\/p>\t\t\t\t\t\t\t\t<\/div>\n\t\t\t\t<\/div>\n\t\t\t\t\t<\/div>\n\t\t\t\t<\/div>\n\t\t<div class=\"elementor-element elementor-element-bbd06a2 e-flex e-con-boxed e-con e-parent\" data-id=\"bbd06a2\" data-element_type=\"container\">\n\t\t\t\t\t<div class=\"e-con-inner\">\n\t\t\t\t<div class=\"elementor-element elementor-element-1bba779 elementor-widget elementor-widget-video\" data-id=\"1bba779\" data-element_type=\"widget\" data-settings=\"{&quot;youtube_url&quot;:&quot;https:\\\/\\\/youtu.be\\\/RS3j614TbyI?si=13vPruGpa0pT95oT&quot;,&quot;video_type&quot;:&quot;youtube&quot;,&quot;controls&quot;:&quot;yes&quot;}\" data-widget_type=\"video.default\">\n\t\t\t\t<div class=\"elementor-widget-container\">\n\t\t\t\t\t\t\t<div class=\"elementor-wrapper elementor-open-inline\">\n\t\t\t<div class=\"elementor-video\"><\/div>\t\t<\/div>\n\t\t\t\t\t\t<\/div>\n\t\t\t\t<\/div>\n\t\t\t\t\t<\/div>\n\t\t\t\t<\/div>\n\t\t\t\t<\/div>\n\t\t","protected":false},"excerpt":{"rendered":"<p>\u00a1As\u00ed cerramos una semana llena de aventuras con nuestras Maletas Viajeras!Durante estos d\u00edas, las ni\u00f1as y ni\u00f1os han recorrido 7 pa\u00edses de Europa con la imaginaci\u00f3n, descubriendo pa\u00edses, culturas y tradiciones gracias a una&#46;&#46;&#46;<\/p>\n","protected":false},"author":17292,"featured_media":2369,"comment_status":"closed","ping_status":"open","sticky":false,"template":"","format":"standard","meta":{"_exactmetrics_skip_tracking":false,"_exactmetrics_sitenote_active":false,"_exactmetrics_sitenote_note":"","_exactmetrics_sitenote_category":0,"ngg_post_thumbnail":0,"footnotes":""},"categories":[20,4],"tags":[],"aioseo_notices":[],"_links":{"self":[{"href":"https:\/\/blogsaverroes.juntadeandalucia.es\/colelasalud\/wp-json\/wp\/v2\/posts\/2359"}],"collection":[{"href":"https:\/\/blogsaverroes.juntadeandalucia.es\/colelasalud\/wp-json\/wp\/v2\/posts"}],"about":[{"href":"https:\/\/blogsaverroes.juntadeandalucia.es\/colelasalud\/wp-json\/wp\/v2\/types\/post"}],"author":[{"embeddable":true,"href":"https:\/\/blogsaverroes.juntadeandalucia.es\/colelasalud\/wp-json\/wp\/v2\/users\/17292"}],"replies":[{"embeddable":true,"href":"https:\/\/blogsaverroes.juntadeandalucia.es\/colelasalud\/wp-json\/wp\/v2\/comments?post=2359"}],"version-history":[{"count":4,"href":"https:\/\/blogsaverroes.juntadeandalucia.es\/colelasalud\/wp-json\/wp\/v2\/posts\/2359\/revisions"}],"predecessor-version":[{"id":2363,"href":"https:\/\/blogsaverroes.juntadeandalucia.es\/colelasalud\/wp-json\/wp\/v2\/posts\/2359\/revisions\/2363"}],"wp:featuredmedia":[{"embeddable":true,"href":"https:\/\/blogsaverroes.juntadeandalucia.es\/colelasalud\/wp-json\/wp\/v2\/media\/2369"}],"wp:attachment":[{"href":"https:\/\/blogsaverroes.juntadeandalucia.es\/colelasalud\/wp-json\/wp\/v2\/media?parent=2359"}],"wp:term":[{"taxonomy":"category","embeddable":true,"href":"https:\/\/blogsaverroes.juntadeandalucia.es\/colelasalud\/wp-json\/wp\/v2\/categories?post=2359"},{"taxonomy":"post_tag","embeddable":true,"href":"https:\/\/blogsaverroes.juntadeandalucia.es\/colelasalud\/wp-json\/wp\/v2\/tags?post=2359"}],"curies":[{"name":"wp","href":"https:\/\/api.w.org\/{rel}","templated":true}]}}