{"id":2484,"date":"2025-11-10T11:27:15","date_gmt":"2025-11-10T10:27:15","guid":{"rendered":"https:\/\/blogsaverroes.juntadeandalucia.es\/colelasalud\/?p=2484"},"modified":"2025-11-10T11:34:19","modified_gmt":"2025-11-10T10:34:19","slug":"jornadas-formacion-uso-de-la-biblioteca-de-centro","status":"publish","type":"post","link":"https:\/\/blogsaverroes.juntadeandalucia.es\/colelasalud\/jornadas-formacion-uso-de-la-biblioteca-de-centro\/","title":{"rendered":"JORNADAS DE FORMACI\u00d3N USO DE LA BIBLIOTECA DE CENTRO"},"content":{"rendered":"\t\t<div data-elementor-type=\"wp-post\" data-elementor-id=\"2484\" class=\"elementor elementor-2484\">\n\t\t\t\t<div class=\"elementor-element elementor-element-1e1820e e-flex e-con-boxed e-con e-parent\" data-id=\"1e1820e\" data-element_type=\"container\">\n\t\t\t\t\t<div class=\"e-con-inner\">\n\t\t\t\t<div class=\"elementor-element elementor-element-7ad2901 elementor-widget elementor-widget-text-editor\" data-id=\"7ad2901\" data-element_type=\"widget\" data-widget_type=\"text-editor.default\">\n\t\t\t\t<div class=\"elementor-widget-container\">\n\t\t\t\t\t\t\t\t\t<p data-start=\"289\" data-end=\"631\">Durante la pasada semana, nuestro centro ha celebrado unas <strong data-start=\"344\" data-end=\"381\">Jornadas de la Biblioteca Escolar<\/strong> dirigidas a todo el alumnado de Educaci\u00f3n Infantil y Primaria. El objetivo principal ha sido <strong data-start=\"464\" data-end=\"564\">acercar a los ni\u00f1os y ni\u00f1as al uso responsable, creativo y divertido de la biblioteca del centro<\/strong>, fomentando el gusto por la lectura y el aprendizaje compartido.<\/p><p data-start=\"633\" data-end=\"738\">A lo largo de varios d\u00edas, cada grupo ha participado en diferentes <strong data-start=\"700\" data-end=\"735\">actividades adaptadas a su edad<\/strong>:<\/p><ul data-start=\"739\" data-end=\"1212\"><li data-start=\"739\" data-end=\"872\"><p data-start=\"741\" data-end=\"872\"><strong data-start=\"741\" data-end=\"760\">Visitas guiadas<\/strong> para conocer el funcionamiento de la biblioteca, c\u00f3mo est\u00e1n organizados los libros y c\u00f3mo realizar pr\u00e9stamos.<br \/><br \/><\/p><\/li><li data-start=\"1076\" data-end=\"1212\"><p data-start=\"1078\" data-end=\"1212\"><strong data-start=\"1078\" data-end=\"1096\">Rutas lectoras<\/strong> por los rincones del cole, donde los libros han cobrado vida gracias a la creatividad de los propios estudiantes.<\/p><\/li><\/ul><p data-start=\"1410\" data-end=\"1578\">Con esta iniciativa, queremos seguir fortaleciendo nuestra biblioteca como un <strong data-start=\"1488\" data-end=\"1575\">espacio vivo, acogedor y lleno de oportunidades para aprender, imaginar y compartir, as\u00ed como aprovechar para celebrar el d\u00eda de las bibliotecas el 24 de octubre.<\/strong><\/p><p data-start=\"1580\" data-end=\"1670\">\ud83d\udcd6 <strong data-start=\"1583\" data-end=\"1670\">Porque leer nos abre puertas a nuevos mundos\u2026 y todo empieza en nuestra biblioteca.<\/strong><\/p>\t\t\t\t\t\t\t\t<\/div>\n\t\t\t\t<\/div>\n\t\t\t\t\t<\/div>\n\t\t\t\t<\/div>\n\t\t<div class=\"elementor-element elementor-element-665ed03 e-flex e-con-boxed e-con e-parent\" data-id=\"665ed03\" data-element_type=\"container\">\n\t\t\t\t\t<div class=\"e-con-inner\">\n\t\t\t\t<div class=\"elementor-element elementor-element-cc4aee7 elementor-widget elementor-widget-image\" data-id=\"cc4aee7\" data-element_type=\"widget\" data-widget_type=\"image.default\">\n\t\t\t\t<div class=\"elementor-widget-container\">\n\t\t\t\t\t\t\t\t\t\t\t\t\t\t\t<img fetchpriority=\"high\" decoding=\"async\" width=\"1024\" height=\"576\" src=\"https:\/\/blogsaverroes.juntadeandalucia.es\/colelasalud\/files\/2025\/11\/PHOTO-2025-11-06-09-20-54-1024x576.jpg\" class=\"attachment-large size-large wp-image-2485\" alt=\"\" srcset=\"https:\/\/blogsaverroes.juntadeandalucia.es\/colelasalud\/files\/2025\/11\/PHOTO-2025-11-06-09-20-54-1024x576.jpg 1024w, https:\/\/blogsaverroes.juntadeandalucia.es\/colelasalud\/files\/2025\/11\/PHOTO-2025-11-06-09-20-54-300x169.jpg 300w, https:\/\/blogsaverroes.juntadeandalucia.es\/colelasalud\/files\/2025\/11\/PHOTO-2025-11-06-09-20-54-768x432.jpg 768w, https:\/\/blogsaverroes.juntadeandalucia.es\/colelasalud\/files\/2025\/11\/PHOTO-2025-11-06-09-20-54-1536x864.jpg 1536w, https:\/\/blogsaverroes.juntadeandalucia.es\/colelasalud\/files\/2025\/11\/PHOTO-2025-11-06-09-20-54.jpg 1920w\" sizes=\"(max-width: 1024px) 100vw, 1024px\" \/>\t\t\t\t\t\t\t\t\t\t\t\t\t\t\t<\/div>\n\t\t\t\t<\/div>\n\t\t\t\t\t<\/div>\n\t\t\t\t<\/div>\n\t\t\t\t<\/div>\n\t\t","protected":false},"excerpt":{"rendered":"<p>Durante la pasada semana, nuestro centro ha celebrado unas Jornadas de la Biblioteca Escolar dirigidas a todo el alumnado de Educaci\u00f3n Infantil y Primaria. El objetivo principal ha sido acercar a los ni\u00f1os y&#46;&#46;&#46;<\/p>\n","protected":false},"author":17292,"featured_media":2485,"comment_status":"closed","ping_status":"open","sticky":false,"template":"","format":"standard","meta":{"_exactmetrics_skip_tracking":false,"_exactmetrics_sitenote_active":false,"_exactmetrics_sitenote_note":"","_exactmetrics_sitenote_category":0,"ngg_post_thumbnail":0,"footnotes":""},"categories":[20,4],"tags":[],"aioseo_notices":[],"_links":{"self":[{"href":"https:\/\/blogsaverroes.juntadeandalucia.es\/colelasalud\/wp-json\/wp\/v2\/posts\/2484"}],"collection":[{"href":"https:\/\/blogsaverroes.juntadeandalucia.es\/colelasalud\/wp-json\/wp\/v2\/posts"}],"about":[{"href":"https:\/\/blogsaverroes.juntadeandalucia.es\/colelasalud\/wp-json\/wp\/v2\/types\/post"}],"author":[{"embeddable":true,"href":"https:\/\/blogsaverroes.juntadeandalucia.es\/colelasalud\/wp-json\/wp\/v2\/users\/17292"}],"replies":[{"embeddable":true,"href":"https:\/\/blogsaverroes.juntadeandalucia.es\/colelasalud\/wp-json\/wp\/v2\/comments?post=2484"}],"version-history":[{"count":4,"href":"https:\/\/blogsaverroes.juntadeandalucia.es\/colelasalud\/wp-json\/wp\/v2\/posts\/2484\/revisions"}],"predecessor-version":[{"id":2489,"href":"https:\/\/blogsaverroes.juntadeandalucia.es\/colelasalud\/wp-json\/wp\/v2\/posts\/2484\/revisions\/2489"}],"wp:featuredmedia":[{"embeddable":true,"href":"https:\/\/blogsaverroes.juntadeandalucia.es\/colelasalud\/wp-json\/wp\/v2\/media\/2485"}],"wp:attachment":[{"href":"https:\/\/blogsaverroes.juntadeandalucia.es\/colelasalud\/wp-json\/wp\/v2\/media?parent=2484"}],"wp:term":[{"taxonomy":"category","embeddable":true,"href":"https:\/\/blogsaverroes.juntadeandalucia.es\/colelasalud\/wp-json\/wp\/v2\/categories?post=2484"},{"taxonomy":"post_tag","embeddable":true,"href":"https:\/\/blogsaverroes.juntadeandalucia.es\/colelasalud\/wp-json\/wp\/v2\/tags?post=2484"}],"curies":[{"name":"wp","href":"https:\/\/api.w.org\/{rel}","templated":true}]}}