{"id":2684,"date":"2026-04-29T10:44:14","date_gmt":"2026-04-29T09:44:14","guid":{"rendered":"https:\/\/blogsaverroes.juntadeandalucia.es\/colelasalud\/?p=2684"},"modified":"2026-04-29T10:48:57","modified_gmt":"2026-04-29T09:48:57","slug":"excursion-a-la-alhambra","status":"publish","type":"post","link":"https:\/\/blogsaverroes.juntadeandalucia.es\/colelasalud\/excursion-a-la-alhambra\/","title":{"rendered":"EXCURSI\u00d3N A LA ALHAMBRA"},"content":{"rendered":"\t\t<div data-elementor-type=\"wp-post\" data-elementor-id=\"2684\" class=\"elementor elementor-2684\">\n\t\t\t\t<div class=\"elementor-element elementor-element-2c07182 e-flex e-con-boxed e-con e-parent\" data-id=\"2c07182\" data-element_type=\"container\">\n\t\t\t\t\t<div class=\"e-con-inner\">\n\t\t\t\t<div class=\"elementor-element elementor-element-de40d82 elementor-widget elementor-widget-text-editor\" data-id=\"de40d82\" data-element_type=\"widget\" data-widget_type=\"text-editor.default\">\n\t\t\t\t<div class=\"elementor-widget-container\">\n\t\t\t\t\t\t\t\t\t<p>El pasado 24 de febrero, nuestros estudiantes de 6\u00ba pusieron rumbo a <b data-path-to-node=\"4\" data-index-in-node=\"72\">Granada<\/b> \ud83d\ude8c para vivir una jornada llena de arte, cultura y leyendas. El cielo despejado y la imponente Sierra Nevada al fondo nos dieron la bienvenida a un escenario de cuento. \ud83c\udfd4\ufe0f\u2600\ufe0f<\/p><p data-path-to-node=\"6\">Divididos en grupos y acompa\u00f1ados por nuestros gu\u00edas, recorrimos los rincones m\u00e1s emblem\u00e1ticos del palacio nazar\u00ed:<\/p><ul data-path-to-node=\"7\"><li><p data-path-to-node=\"7,0,0\"><b data-path-to-node=\"7,0,0\" data-index-in-node=\"0\">Los Palacios Nazar\u00edes:<\/b> Nos quedamos con la boca abierta con los detalles de las yeser\u00edas y los techos de madera tallada. \u00a1Parec\u00eda magia! \ud83d\udd4c\u2728<\/p><\/li><li><p data-path-to-node=\"7,1,0\"><b data-path-to-node=\"7,1,0\" data-index-in-node=\"0\">El Patio de los Leones:<\/b> Sin duda, el momento m\u00e1s esperado. Aprendimos sobre el ingenioso sistema de riego de la fuente y la importancia del agua. \ud83e\udd81\ud83d\udca7<\/p><\/li><li><p data-path-to-node=\"7,2,0\"><b data-path-to-node=\"7,2,0\" data-index-in-node=\"0\">El Generalife:<\/b> Paseamos por sus jardines reales, rodeados de flores, fuentes y ese olor a jazm\u00edn que solo Granada tiene. \ud83c\udf38\ud83c\udf3f<\/p><\/li><li><p data-path-to-node=\"7,3,0\"><b data-path-to-node=\"7,3,0\" data-index-in-node=\"0\">La Alcazaba:<\/b> Subimos a la Torre de la Vela para disfrutar de las mejores vistas de toda la ciudad y el Albaic\u00edn. \ud83d\udea9\ud83c\udfd8\ufe0f<\/p><\/li><\/ul><p>\u00a0<\/p>\t\t\t\t\t\t\t\t<\/div>\n\t\t\t\t<\/div>\n\t\t\t\t\t<\/div>\n\t\t\t\t<\/div>\n\t\t<div class=\"elementor-element elementor-element-ede0068 e-flex e-con-boxed e-con e-parent\" data-id=\"ede0068\" data-element_type=\"container\">\n\t\t\t\t\t<div class=\"e-con-inner\">\n\t\t\t\t<div class=\"elementor-element elementor-element-cb1f128 elementor-arrows-position-inside elementor-pagination-position-outside elementor-widget elementor-widget-image-carousel\" data-id=\"cb1f128\" data-element_type=\"widget\" data-settings=\"{&quot;navigation&quot;:&quot;both&quot;,&quot;autoplay&quot;:&quot;yes&quot;,&quot;pause_on_hover&quot;:&quot;yes&quot;,&quot;pause_on_interaction&quot;:&quot;yes&quot;,&quot;autoplay_speed&quot;:5000,&quot;infinite&quot;:&quot;yes&quot;,&quot;speed&quot;:500}\" data-widget_type=\"image-carousel.default\">\n\t\t\t\t<div class=\"elementor-widget-container\">\n\t\t\t\t\t\t\t<div class=\"elementor-image-carousel-wrapper swiper\" role=\"region\" aria-roledescription=\"carousel\" aria-label=\"Carrusel de im\u00e1genes\" dir=\"ltr\">\n\t\t\t<div class=\"elementor-image-carousel swiper-wrapper\" aria-live=\"off\">\n\t\t\t\t\t\t\t\t<div class=\"swiper-slide\" role=\"group\" aria-roledescription=\"slide\" aria-label=\"1 de 6\"><figure class=\"swiper-slide-inner\"><img decoding=\"async\" class=\"swiper-slide-image\" src=\"https:\/\/blogsaverroes.juntadeandalucia.es\/colelasalud\/files\/2026\/04\/PHOTO-2026-02-24-14-16-08-150x150.jpg\" alt=\"PHOTO-2026-02-24-14-16-08\" \/><\/figure><\/div><div class=\"swiper-slide\" role=\"group\" aria-roledescription=\"slide\" aria-label=\"2 de 6\"><figure class=\"swiper-slide-inner\"><img decoding=\"async\" class=\"swiper-slide-image\" src=\"https:\/\/blogsaverroes.juntadeandalucia.es\/colelasalud\/files\/2026\/04\/PHOTO-2026-02-24-14-15-13-1-150x150.jpg\" alt=\"PHOTO-2026-02-24-14-15-13 (1)\" \/><\/figure><\/div><div class=\"swiper-slide\" role=\"group\" aria-roledescription=\"slide\" aria-label=\"3 de 6\"><figure class=\"swiper-slide-inner\"><img decoding=\"async\" class=\"swiper-slide-image\" src=\"https:\/\/blogsaverroes.juntadeandalucia.es\/colelasalud\/files\/2026\/04\/PHOTO-2026-02-24-14-15-13-150x150.jpg\" alt=\"PHOTO-2026-02-24-14-15-13\" \/><\/figure><\/div><div class=\"swiper-slide\" role=\"group\" aria-roledescription=\"slide\" aria-label=\"4 de 6\"><figure class=\"swiper-slide-inner\"><img decoding=\"async\" class=\"swiper-slide-image\" src=\"https:\/\/blogsaverroes.juntadeandalucia.es\/colelasalud\/files\/2026\/04\/PHOTO-2026-02-24-14-15-10-1-150x150.jpg\" alt=\"PHOTO-2026-02-24-14-15-10 (1)\" \/><\/figure><\/div><div class=\"swiper-slide\" role=\"group\" aria-roledescription=\"slide\" aria-label=\"5 de 6\"><figure class=\"swiper-slide-inner\"><img decoding=\"async\" class=\"swiper-slide-image\" src=\"https:\/\/blogsaverroes.juntadeandalucia.es\/colelasalud\/files\/2026\/04\/PHOTO-2026-02-24-14-15-10-150x150.jpg\" alt=\"PHOTO-2026-02-24-14-15-10\" \/><\/figure><\/div><div class=\"swiper-slide\" role=\"group\" aria-roledescription=\"slide\" aria-label=\"6 de 6\"><figure class=\"swiper-slide-inner\"><img decoding=\"async\" class=\"swiper-slide-image\" src=\"https:\/\/blogsaverroes.juntadeandalucia.es\/colelasalud\/files\/2026\/04\/PHOTO-2026-02-24-14-15-09-150x150.jpg\" alt=\"PHOTO-2026-02-24-14-15-09\" \/><\/figure><\/div>\t\t\t<\/div>\n\t\t\t\t\t\t\t\t\t\t\t\t<div class=\"elementor-swiper-button elementor-swiper-button-prev\" role=\"button\" tabindex=\"0\">\n\t\t\t\t\t\t<svg aria-hidden=\"true\" class=\"e-font-icon-svg e-eicon-chevron-left\" viewBox=\"0 0 1000 1000\" xmlns=\"http:\/\/www.w3.org\/2000\/svg\"><path d=\"M646 125C629 125 613 133 604 142L308 442C296 454 292 471 292 487 292 504 296 521 308 533L604 854C617 867 629 875 646 875 663 875 679 871 692 858 704 846 713 829 713 812 713 796 708 779 692 767L438 487 692 225C700 217 708 204 708 187 708 171 704 154 692 142 675 129 663 125 646 125Z\"><\/path><\/svg>\t\t\t\t\t<\/div>\n\t\t\t\t\t<div class=\"elementor-swiper-button elementor-swiper-button-next\" role=\"button\" tabindex=\"0\">\n\t\t\t\t\t\t<svg aria-hidden=\"true\" class=\"e-font-icon-svg e-eicon-chevron-right\" viewBox=\"0 0 1000 1000\" xmlns=\"http:\/\/www.w3.org\/2000\/svg\"><path d=\"M696 533C708 521 713 504 713 487 713 471 708 454 696 446L400 146C388 133 375 125 354 125 338 125 325 129 313 142 300 154 292 171 292 187 292 204 296 221 308 233L563 492 304 771C292 783 288 800 288 817 288 833 296 850 308 863 321 871 338 875 354 875 371 875 388 867 400 854L696 533Z\"><\/path><\/svg>\t\t\t\t\t<\/div>\n\t\t\t\t\n\t\t\t\t\t\t\t\t\t<div class=\"swiper-pagination\"><\/div>\n\t\t\t\t\t\t\t\t\t<\/div>\n\t\t\t\t\t\t<\/div>\n\t\t\t\t<\/div>\n\t\t\t\t\t<\/div>\n\t\t\t\t<\/div>\n\t\t\t\t<\/div>\n\t\t","protected":false},"excerpt":{"rendered":"<p>El pasado 24 de febrero, nuestros estudiantes de 6\u00ba pusieron rumbo a Granada \ud83d\ude8c para vivir una jornada llena de arte, cultura y leyendas. El cielo despejado y la imponente Sierra Nevada al fondo&#46;&#46;&#46;<\/p>\n","protected":false},"author":17292,"featured_media":2686,"comment_status":"closed","ping_status":"open","sticky":false,"template":"","format":"standard","meta":{"_exactmetrics_skip_tracking":false,"_exactmetrics_sitenote_active":false,"_exactmetrics_sitenote_note":"","_exactmetrics_sitenote_category":0,"ngg_post_thumbnail":0,"footnotes":""},"categories":[20,4],"tags":[],"aioseo_notices":[],"_links":{"self":[{"href":"https:\/\/blogsaverroes.juntadeandalucia.es\/colelasalud\/wp-json\/wp\/v2\/posts\/2684"}],"collection":[{"href":"https:\/\/blogsaverroes.juntadeandalucia.es\/colelasalud\/wp-json\/wp\/v2\/posts"}],"about":[{"href":"https:\/\/blogsaverroes.juntadeandalucia.es\/colelasalud\/wp-json\/wp\/v2\/types\/post"}],"author":[{"embeddable":true,"href":"https:\/\/blogsaverroes.juntadeandalucia.es\/colelasalud\/wp-json\/wp\/v2\/users\/17292"}],"replies":[{"embeddable":true,"href":"https:\/\/blogsaverroes.juntadeandalucia.es\/colelasalud\/wp-json\/wp\/v2\/comments?post=2684"}],"version-history":[{"count":4,"href":"https:\/\/blogsaverroes.juntadeandalucia.es\/colelasalud\/wp-json\/wp\/v2\/posts\/2684\/revisions"}],"predecessor-version":[{"id":2694,"href":"https:\/\/blogsaverroes.juntadeandalucia.es\/colelasalud\/wp-json\/wp\/v2\/posts\/2684\/revisions\/2694"}],"wp:featuredmedia":[{"embeddable":true,"href":"https:\/\/blogsaverroes.juntadeandalucia.es\/colelasalud\/wp-json\/wp\/v2\/media\/2686"}],"wp:attachment":[{"href":"https:\/\/blogsaverroes.juntadeandalucia.es\/colelasalud\/wp-json\/wp\/v2\/media?parent=2684"}],"wp:term":[{"taxonomy":"category","embeddable":true,"href":"https:\/\/blogsaverroes.juntadeandalucia.es\/colelasalud\/wp-json\/wp\/v2\/categories?post=2684"},{"taxonomy":"post_tag","embeddable":true,"href":"https:\/\/blogsaverroes.juntadeandalucia.es\/colelasalud\/wp-json\/wp\/v2\/tags?post=2684"}],"curies":[{"name":"wp","href":"https:\/\/api.w.org\/{rel}","templated":true}]}}