{"id":5575,"date":"2022-12-16T22:25:18","date_gmt":"2022-12-16T22:25:18","guid":{"rendered":"https:\/\/blogsaverroes.juntadeandalucia.es\/colenoriego\/?p=5575"},"modified":"2022-12-16T22:34:53","modified_gmt":"2022-12-16T22:34:53","slug":"dia-de-la-lectura","status":"publish","type":"post","link":"https:\/\/blogsaverroes.juntadeandalucia.es\/colenoriego\/dia-de-la-lectura\/","title":{"rendered":"D\u00eda de la lectura"},"content":{"rendered":"<p>16 de Diciembre:!D\u00eda de la lectura!&#8221;<\/p>\n<p>Es un d\u00eda muy especial para motivar a\u00fan m\u00e1s el fomento a la lectura&nbsp;<\/p>\n<p>Nuestro centro &#8220;Nuestra Se\u00f1ora De la Pe\u00f1a&#8221; y desde la Biblioteca escolar ha realizado un hermanamiento lector entre alumnos\/as .&nbsp;<\/p>\n<p>!Hemos llenado el centro de parejas lectoras!&nbsp;<\/p>\n<p>Cada ni\u00f1o lector ha realizado un dibujo relacionado con el cuento le\u00eddo y con el d\u00eda (marcap\u00e1ginas, dibujos de portadas, dibujos del cuento&#8230; ect. )<\/p>\n<p>!Ha sido una experiencia muy gratificante!&nbsp;<\/p>\n<p>&nbsp;<\/p>\n<p><iframe loading=\"lazy\" title=\"D\u00eda de la lectura\" width=\"500\" height=\"281\" src=\"https:\/\/www.youtube.com\/embed\/zTgl4I7yTAM?feature=oembed&#038;wmode=opaque\" frameborder=\"0\" allow=\"accelerometer; autoplay; clipboard-write; encrypted-media; gyroscope; picture-in-picture\" allowfullscreen><\/iframe><\/p>\n<p>&nbsp;<\/p>\n<p>&nbsp;<\/p>\n","protected":false},"excerpt":{"rendered":"<p>16 de Diciembre:!D\u00eda de la lectura!&#8221; Es un d\u00eda muy especial para motivar a\u00fan m\u00e1s el fomento a la lectura&nbsp; Nuestro centro &#8220;Nuestra Se\u00f1ora De la Pe\u00f1a&#8221; y desde la&#46;&#46;&#46;<\/p>\n","protected":false},"author":9652,"featured_media":5579,"comment_status":"open","ping_status":"open","sticky":false,"template":"","format":"video","meta":{"ngg_post_thumbnail":0,"footnotes":""},"categories":[2351690,784,2351695,2351735],"tags":[],"aioseo_notices":[],"post_mailing_queue_ids":[],"_links":{"self":[{"href":"https:\/\/blogsaverroes.juntadeandalucia.es\/colenoriego\/wp-json\/wp\/v2\/posts\/5575"}],"collection":[{"href":"https:\/\/blogsaverroes.juntadeandalucia.es\/colenoriego\/wp-json\/wp\/v2\/posts"}],"about":[{"href":"https:\/\/blogsaverroes.juntadeandalucia.es\/colenoriego\/wp-json\/wp\/v2\/types\/post"}],"author":[{"embeddable":true,"href":"https:\/\/blogsaverroes.juntadeandalucia.es\/colenoriego\/wp-json\/wp\/v2\/users\/9652"}],"replies":[{"embeddable":true,"href":"https:\/\/blogsaverroes.juntadeandalucia.es\/colenoriego\/wp-json\/wp\/v2\/comments?post=5575"}],"version-history":[{"count":2,"href":"https:\/\/blogsaverroes.juntadeandalucia.es\/colenoriego\/wp-json\/wp\/v2\/posts\/5575\/revisions"}],"predecessor-version":[{"id":5577,"href":"https:\/\/blogsaverroes.juntadeandalucia.es\/colenoriego\/wp-json\/wp\/v2\/posts\/5575\/revisions\/5577"}],"wp:featuredmedia":[{"embeddable":true,"href":"https:\/\/blogsaverroes.juntadeandalucia.es\/colenoriego\/wp-json\/wp\/v2\/media\/5579"}],"wp:attachment":[{"href":"https:\/\/blogsaverroes.juntadeandalucia.es\/colenoriego\/wp-json\/wp\/v2\/media?parent=5575"}],"wp:term":[{"taxonomy":"category","embeddable":true,"href":"https:\/\/blogsaverroes.juntadeandalucia.es\/colenoriego\/wp-json\/wp\/v2\/categories?post=5575"},{"taxonomy":"post_tag","embeddable":true,"href":"https:\/\/blogsaverroes.juntadeandalucia.es\/colenoriego\/wp-json\/wp\/v2\/tags?post=5575"}],"curies":[{"name":"wp","href":"https:\/\/api.w.org\/{rel}","templated":true}]}}