{"id":1082,"date":"2024-03-11T20:48:25","date_gmt":"2024-03-11T19:48:25","guid":{"rendered":"https:\/\/blogsaverroes.juntadeandalucia.es\/colepicasso\/?p=1082"},"modified":"2024-03-11T20:48:25","modified_gmt":"2024-03-11T19:48:25","slug":"la-receta-de-tercero","status":"publish","type":"post","link":"https:\/\/blogsaverroes.juntadeandalucia.es\/colepicasso\/la-receta-de-tercero\/","title":{"rendered":"La receta de tercero"},"content":{"rendered":"<blockquote>\n<p style=\"text-align: justify\"><strong>\u00a1Comenzamos a trabajar las recetas en nuestras clases!<\/strong><\/p>\n<\/blockquote>\n<div dir=\"auto\" style=\"text-align: justify\">En las clases de tercero comenzamos este segundo trimestre a trabajar un nuevo texto: <strong>la receta<\/strong>. Lo trabajaremos de forma globalizada en lengua, matem\u00e1ticas y pl\u00e1stica.<\/div>\n<div dir=\"auto\" style=\"text-align: justify\">&nbsp;<\/div>\n<div dir=\"auto\" style=\"text-align: justify\">Partimos con la gran colaboraci\u00f3n de nuestras familias aportando much\u00edsimos libros de recetas.<\/div>\n<div dir=\"auto\" style=\"text-align: justify\">&nbsp;<\/div>\n<div dir=\"auto\" style=\"text-align: justify\">En primer lugar analizamos las distintas portadas y la estructura de dicho texto. Entre todos establecemos sus partes: t\u00edtulo, ingredientes, utensilios, elaboraci\u00f3n, tiempo, dificultad, comensales, etc.<\/div>\n<div dir=\"auto\" style=\"text-align: justify\">&nbsp;<\/div>\n<div dir=\"auto\" style=\"text-align: justify\">El Proyecto de centro este a\u00f1o es <strong>&#8220;El Pan&#8221;<\/strong>, investigamos recetas que tengan de ingrediente el pan, escribimos y decoramos dichas recetas, el que le guste la elabora en casa con sus familias.<\/div>\n<div dir=\"auto\" style=\"text-align: justify\">&nbsp;<\/div>\n<div dir=\"auto\" style=\"text-align: justify\">Os mandamos algunas actividades realizadas con dichas recetas:<\/div>\n<div dir=\"auto\" style=\"text-align: justify\">&#8211; Mindfulness con los bollitos de leche de Gonzalo, lo comimos con los cinco sentidos&nbsp;<\/div>\n<div dir=\"auto\" style=\"text-align: justify\">&#8211; Nos hicimos tostadas con aceite con el riqu\u00edsimo pan de Eduardo.<\/div>\n<div dir=\"auto\" style=\"text-align: justify\">&#8211; Disfrutamos de los v\u00eddeos de Valeria y Eduardo elaborando con sus familias sus recetas.<\/div>\n<div dir=\"auto\" style=\"text-align: justify\">&nbsp;<\/div>\n<div dir=\"auto\" style=\"text-align: justify\">&nbsp;<\/div>\n<div dir=\"auto\" style=\"text-align: justify\">\u00a1Continuaremos con muchas recetas m\u00e1s que esperemos disfrut\u00e9is!<\/div>\n<div dir=\"auto\">ngg_shortcode_0_placeholder<\/div>\n","protected":false},"excerpt":{"rendered":"<p>\u00a1Comenzamos a trabajar las recetas en nuestras clases! En las clases de tercero comenzamos este segundo trimestre a trabajar un nuevo texto: la receta. Lo trabajaremos de forma globalizada en lengua, matem\u00e1ticas y pl\u00e1stica. &nbsp; Partimos con la gran colaboraci\u00f3n de nuestras familias aportando much\u00edsimos libros de recetas. &nbsp; En primer lugar analizamos las distintas [&hellip;]<\/p>\n","protected":false},"author":18375,"featured_media":1097,"comment_status":"closed","ping_status":"open","sticky":false,"template":"","format":"standard","meta":{"_et_pb_use_builder":"","_et_pb_old_content":"","_et_gb_content_width":"","_exactmetrics_skip_tracking":false,"_exactmetrics_sitenote_active":false,"_exactmetrics_sitenote_note":"","_exactmetrics_sitenote_category":0,"ngg_post_thumbnail":0,"footnotes":""},"categories":[18,17,34,21,11,35],"tags":[],"aioseo_notices":[],"_links":{"self":[{"href":"https:\/\/blogsaverroes.juntadeandalucia.es\/colepicasso\/wp-json\/wp\/v2\/posts\/1082"}],"collection":[{"href":"https:\/\/blogsaverroes.juntadeandalucia.es\/colepicasso\/wp-json\/wp\/v2\/posts"}],"about":[{"href":"https:\/\/blogsaverroes.juntadeandalucia.es\/colepicasso\/wp-json\/wp\/v2\/types\/post"}],"author":[{"embeddable":true,"href":"https:\/\/blogsaverroes.juntadeandalucia.es\/colepicasso\/wp-json\/wp\/v2\/users\/18375"}],"replies":[{"embeddable":true,"href":"https:\/\/blogsaverroes.juntadeandalucia.es\/colepicasso\/wp-json\/wp\/v2\/comments?post=1082"}],"version-history":[{"count":3,"href":"https:\/\/blogsaverroes.juntadeandalucia.es\/colepicasso\/wp-json\/wp\/v2\/posts\/1082\/revisions"}],"predecessor-version":[{"id":1100,"href":"https:\/\/blogsaverroes.juntadeandalucia.es\/colepicasso\/wp-json\/wp\/v2\/posts\/1082\/revisions\/1100"}],"wp:featuredmedia":[{"embeddable":true,"href":"https:\/\/blogsaverroes.juntadeandalucia.es\/colepicasso\/wp-json\/wp\/v2\/media\/1097"}],"wp:attachment":[{"href":"https:\/\/blogsaverroes.juntadeandalucia.es\/colepicasso\/wp-json\/wp\/v2\/media?parent=1082"}],"wp:term":[{"taxonomy":"category","embeddable":true,"href":"https:\/\/blogsaverroes.juntadeandalucia.es\/colepicasso\/wp-json\/wp\/v2\/categories?post=1082"},{"taxonomy":"post_tag","embeddable":true,"href":"https:\/\/blogsaverroes.juntadeandalucia.es\/colepicasso\/wp-json\/wp\/v2\/tags?post=1082"}],"curies":[{"name":"wp","href":"https:\/\/api.w.org\/{rel}","templated":true}]}}