{"id":1443,"date":"2024-04-01T20:25:11","date_gmt":"2024-04-01T19:25:11","guid":{"rendered":"https:\/\/blogsaverroes.juntadeandalucia.es\/colepicasso\/?p=1443"},"modified":"2024-04-01T20:25:11","modified_gmt":"2024-04-01T19:25:11","slug":"con-las-manos-en-la-masa","status":"publish","type":"post","link":"https:\/\/blogsaverroes.juntadeandalucia.es\/colepicasso\/con-las-manos-en-la-masa\/","title":{"rendered":"Con las manos en la masa"},"content":{"rendered":"<blockquote>\n<p style=\"font-weight: 400\"><span style=\"font-family: impact, sans-serif\">El nivel de 5 a\u00f1os comparte con la Comunidad Educativa la Situaci\u00f3n De Aprendizaje: <span style=\"text-decoration: underline\"><em><strong>\u201ccon las manos en la masa, el Pan\u201d.<\/strong><\/em><\/span><\/span><\/p>\n<\/blockquote>\n<p style=\"font-weight: 400;text-align: justify\">Ha sido muy gratificante trabajar todas las \u00e1reas de forma globalizadas con un gran inter\u00e9s y repercusi\u00f3n social de la tem\u00e1tica, pues desde el principio nuestros ni\u00f1os y ni\u00f1as eran conocedores de nuestras<strong> TAREAS FINALES: DESAYUNO SALUDABLE Y SKETCH PUBLICITARIO<\/strong>, donde hemos sido entrevistadores y &nbsp;portadores de informaci\u00f3n y concienciaci\u00f3n en nuestro entorno pr\u00f3ximo para favorecer h\u00e1bitos saludables.<\/p>\n<p style=\"font-weight: 400;text-align: justify\">Destacamos la gran <strong>REPERCUSI\u00d3N SOCIAL<\/strong> que ha desencadenado dicha Situaci\u00f3n de Aprendizaje, la cual da sentido a todas &nbsp;y cada una de las actividades realizadas en el aula, enlazadas de forma consecuente con las tareas finales, dando coherencia a todo lo trabajado en el aula.<\/p>\n<blockquote>\n<p style=\"font-weight: 400;text-align: justify\">Nuestro objetivo en la escuela es que cada d\u00eda sea intelectual y afectivamente estimulante, que cada d\u00eda&nbsp; descubramos algo nuevo, que cada d\u00eda sintamos la satisfacci\u00f3n de haber pasado mucho tiempo juntos y que al d\u00eda siguiente tengamos ganas de m\u00e1s\u2026 Que aprendamos a convivir, conviviendo, a &nbsp;sentir, sintiendo, a estar, estando. No m\u00e1s. A nuestro entender es un objetivo m\u00e1s que elevado y suficiente para la Educaci\u00f3n Infantil.<\/p>\n<\/blockquote>\n<p style=\"font-weight: 400;text-align: justify\">Os dejamos un v\u00eddeo resumen de todo el proyecto y otro sobre &nbsp;nuestro Sketch publicitario (tarea final), esperamos que lo disfrut\u00e9is.<\/p>\n<div style=\"width: 636px;\" class=\"wp-video\"><!--[if lt IE 9]><script>document.createElement('video');<\/script><![endif]-->\n<video class=\"wp-video-shortcode\" id=\"video-1443-1\" width=\"636\" height=\"848\" preload=\"metadata\" controls=\"controls\"><source type=\"video\/mp4\" src=\"https:\/\/blogsaverroes.juntadeandalucia.es\/colepicasso\/files\/2024\/03\/WhatsApp-Video-2024-03-29-at-11.44.45-1.mp4?_=1\" \/><a href=\"https:\/\/blogsaverroes.juntadeandalucia.es\/colepicasso\/files\/2024\/03\/WhatsApp-Video-2024-03-29-at-11.44.45-1.mp4\">https:\/\/blogsaverroes.juntadeandalucia.es\/colepicasso\/files\/2024\/03\/WhatsApp-Video-2024-03-29-at-11.44.45-1.mp4<\/a><\/video><\/div>\n<div style=\"width: 636px;\" class=\"wp-video\"><video class=\"wp-video-shortcode\" id=\"video-1443-2\" width=\"636\" height=\"848\" preload=\"metadata\" controls=\"controls\"><source type=\"video\/mp4\" src=\"https:\/\/blogsaverroes.juntadeandalucia.es\/colepicasso\/files\/2024\/03\/WhatsApp-Video-2024-03-29-at-11.44.45.mp4?_=2\" \/><a href=\"https:\/\/blogsaverroes.juntadeandalucia.es\/colepicasso\/files\/2024\/03\/WhatsApp-Video-2024-03-29-at-11.44.45.mp4\">https:\/\/blogsaverroes.juntadeandalucia.es\/colepicasso\/files\/2024\/03\/WhatsApp-Video-2024-03-29-at-11.44.45.mp4<\/a><\/video><\/div>\n","protected":false},"excerpt":{"rendered":"<p>El nivel de 5 a\u00f1os comparte con la Comunidad Educativa la Situaci\u00f3n De Aprendizaje: \u201ccon las manos en la masa, el Pan\u201d. Ha sido muy gratificante trabajar todas las \u00e1reas de forma globalizadas con un gran inter\u00e9s y repercusi\u00f3n social de la tem\u00e1tica, pues desde el principio nuestros ni\u00f1os y ni\u00f1as eran conocedores de nuestras [&hellip;]<\/p>\n","protected":false},"author":15134,"featured_media":1446,"comment_status":"closed","ping_status":"open","sticky":false,"template":"","format":"standard","meta":{"_et_pb_use_builder":"","_et_pb_old_content":"","_et_gb_content_width":"","_exactmetrics_skip_tracking":false,"_exactmetrics_sitenote_active":false,"_exactmetrics_sitenote_note":"","_exactmetrics_sitenote_category":0,"ngg_post_thumbnail":0,"footnotes":""},"categories":[15,18,12,9,19,8,11,35,36,14],"tags":[],"aioseo_notices":[],"_links":{"self":[{"href":"https:\/\/blogsaverroes.juntadeandalucia.es\/colepicasso\/wp-json\/wp\/v2\/posts\/1443"}],"collection":[{"href":"https:\/\/blogsaverroes.juntadeandalucia.es\/colepicasso\/wp-json\/wp\/v2\/posts"}],"about":[{"href":"https:\/\/blogsaverroes.juntadeandalucia.es\/colepicasso\/wp-json\/wp\/v2\/types\/post"}],"author":[{"embeddable":true,"href":"https:\/\/blogsaverroes.juntadeandalucia.es\/colepicasso\/wp-json\/wp\/v2\/users\/15134"}],"replies":[{"embeddable":true,"href":"https:\/\/blogsaverroes.juntadeandalucia.es\/colepicasso\/wp-json\/wp\/v2\/comments?post=1443"}],"version-history":[{"count":5,"href":"https:\/\/blogsaverroes.juntadeandalucia.es\/colepicasso\/wp-json\/wp\/v2\/posts\/1443\/revisions"}],"predecessor-version":[{"id":1451,"href":"https:\/\/blogsaverroes.juntadeandalucia.es\/colepicasso\/wp-json\/wp\/v2\/posts\/1443\/revisions\/1451"}],"wp:featuredmedia":[{"embeddable":true,"href":"https:\/\/blogsaverroes.juntadeandalucia.es\/colepicasso\/wp-json\/wp\/v2\/media\/1446"}],"wp:attachment":[{"href":"https:\/\/blogsaverroes.juntadeandalucia.es\/colepicasso\/wp-json\/wp\/v2\/media?parent=1443"}],"wp:term":[{"taxonomy":"category","embeddable":true,"href":"https:\/\/blogsaverroes.juntadeandalucia.es\/colepicasso\/wp-json\/wp\/v2\/categories?post=1443"},{"taxonomy":"post_tag","embeddable":true,"href":"https:\/\/blogsaverroes.juntadeandalucia.es\/colepicasso\/wp-json\/wp\/v2\/tags?post=1443"}],"curies":[{"name":"wp","href":"https:\/\/api.w.org\/{rel}","templated":true}]}}