{"id":1967,"date":"2025-01-20T13:11:08","date_gmt":"2025-01-20T12:11:08","guid":{"rendered":"https:\/\/blogsaverroes.juntadeandalucia.es\/colepicasso\/?p=1967"},"modified":"2025-01-20T13:12:06","modified_gmt":"2025-01-20T12:12:06","slug":"dia-internacional-de-la-diversidad-funcional","status":"publish","type":"post","link":"https:\/\/blogsaverroes.juntadeandalucia.es\/colepicasso\/dia-internacional-de-la-diversidad-funcional\/","title":{"rendered":"D\u00eda internacional de la diversidad funcional"},"content":{"rendered":"<p style=\"text-align: center\"><strong>D\u00cdA INTERNACIONAL DE LA DIVERSIDAD FUNCIONAL (3 de diciembre)<\/strong><\/p>\n<p style=\"text-align: center\">La conmemoraci\u00f3n de este d\u00eda nos ha brindado una oportunidad \u00fanica para reflexionar,<br \/>\naprender y celebrar la diversidad funcional. Desde las aulas m\u00e1s peque\u00f1as hasta las m\u00e1s<br \/>\ngrandes, nuestra escuela se ha llenado de actividades que han puesto en valor el respeto,<br \/>\nla empat\u00eda y la importancia de construir una sociedad inclusiva.<\/p>\n<p style=\"text-align: center\">\nEn Educaci\u00f3n Infantil, los cuentos han servido como una ventana m\u00e1gica para explorar<br \/>\nel valor de aceptar a cada persona tal y como es. Un momento especialmente<br \/>\nconmovedor fue la experiencia de colaboraci\u00f3n mutua en psicomotricidad. Durante<br \/>\nesta din\u00e1mica, el alumnado ofreci\u00f3 apoyo y ayuda a compa\u00f1eros con dificultades,<br \/>\npermiti\u00e9ndoles ponerse en el lugar del otro. Este ejercicio pr\u00e1ctico les permiti\u00f3 entender,<br \/>\nno solo con la mente sino tambi\u00e9n con el coraz\u00f3n, que todos enfrentamos retos de<br \/>\nmaneras diferentes, pero juntos podemos superarlos.<\/p>\n<p style=\"text-align: center\">\nEn Primaria, las actividades despertaron reflexi\u00f3n y acci\u00f3n. El visionado de<br \/>\ncortometrajes sobre inclusi\u00f3n gener\u00f3 debates profundos y sinceros sobre los desaf\u00edos<br \/>\nque enfrentan muchas personas y c\u00f3mo podemos ser agentes de cambio en su apoyo.<br \/>\nAdem\u00e1s, el aprendizaje b\u00e1sico de lenguaje de signos abri\u00f3 una nueva puerta al<br \/>\nentendimiento y la comunicaci\u00f3n, promoviendo la idea de que todas las formas de<br \/>\nexpresi\u00f3n tienen un lugar en nuestra comunidad educativa.<\/p>\n<p style=\"text-align: center\">\nDesde el Aula de Apoyo a la Integraci\u00f3n, se realiz\u00f3 una actividad especial que<br \/>\nculmin\u00f3 en la creaci\u00f3n de un hermoso mural titulado: &amp;quot;Diferentes en el vuelo, pero con<br \/>\nel mismo derecho a volar&amp;quot;. Este mural, elaborado con dedicaci\u00f3n y entusiasmo por<br \/>\nparte de nuestro alumnado, refleja la esencia del d\u00eda: aunque nuestras capacidades<br \/>\npuedan diferir, todos compartimos el mismo derecho a so\u00f1ar, esforzarnos y alcanzar<br \/>\nnuestras metas.<\/p>\n<p style=\"text-align: center\">\nEn nuestra escuela creemos firmemente que la diversidad no nos separa, sino que nos<br \/>\nenriquece. Es en la uni\u00f3n de nuestras diferencias donde reside nuestra verdadera<br \/>\nfortaleza como comunidad educativa. Que cada d\u00eda sea una nueva oportunidad para<br \/>\nconstruir puentes, derribar barreras y aprender juntos, celebrando lo que nos hace \u00fanicos<br \/>\ne irrepetibles.<\/p>\nngg_shortcode_0_placeholder\n<p style=\"text-align: center\"><em><strong>Gracias por vuestra colaboraci\u00f3n.<\/strong><\/em><br \/>\n<em><strong>Equipo de Orientaci\u00f3n<\/strong><\/em><\/p>\n","protected":false},"excerpt":{"rendered":"<p>D\u00cdA INTERNACIONAL DE LA DIVERSIDAD FUNCIONAL (3 de diciembre) La conmemoraci\u00f3n de este d\u00eda nos ha brindado una oportunidad \u00fanica para reflexionar, aprender y celebrar la diversidad funcional. Desde las aulas m\u00e1s peque\u00f1as hasta las m\u00e1s grandes, nuestra escuela se ha llenado de actividades que han puesto en valor el respeto, la empat\u00eda y la [&hellip;]<\/p>\n","protected":false},"author":18375,"featured_media":1979,"comment_status":"closed","ping_status":"open","sticky":false,"template":"","format":"standard","meta":{"_et_pb_use_builder":"","_et_pb_old_content":"","_et_gb_content_width":"","_exactmetrics_skip_tracking":false,"_exactmetrics_sitenote_active":false,"_exactmetrics_sitenote_note":"","_exactmetrics_sitenote_category":0,"ngg_post_thumbnail":0,"footnotes":""},"categories":[38,15,17,26],"tags":[],"aioseo_notices":[],"_links":{"self":[{"href":"https:\/\/blogsaverroes.juntadeandalucia.es\/colepicasso\/wp-json\/wp\/v2\/posts\/1967"}],"collection":[{"href":"https:\/\/blogsaverroes.juntadeandalucia.es\/colepicasso\/wp-json\/wp\/v2\/posts"}],"about":[{"href":"https:\/\/blogsaverroes.juntadeandalucia.es\/colepicasso\/wp-json\/wp\/v2\/types\/post"}],"author":[{"embeddable":true,"href":"https:\/\/blogsaverroes.juntadeandalucia.es\/colepicasso\/wp-json\/wp\/v2\/users\/18375"}],"replies":[{"embeddable":true,"href":"https:\/\/blogsaverroes.juntadeandalucia.es\/colepicasso\/wp-json\/wp\/v2\/comments?post=1967"}],"version-history":[{"count":4,"href":"https:\/\/blogsaverroes.juntadeandalucia.es\/colepicasso\/wp-json\/wp\/v2\/posts\/1967\/revisions"}],"predecessor-version":[{"id":1980,"href":"https:\/\/blogsaverroes.juntadeandalucia.es\/colepicasso\/wp-json\/wp\/v2\/posts\/1967\/revisions\/1980"}],"wp:featuredmedia":[{"embeddable":true,"href":"https:\/\/blogsaverroes.juntadeandalucia.es\/colepicasso\/wp-json\/wp\/v2\/media\/1979"}],"wp:attachment":[{"href":"https:\/\/blogsaverroes.juntadeandalucia.es\/colepicasso\/wp-json\/wp\/v2\/media?parent=1967"}],"wp:term":[{"taxonomy":"category","embeddable":true,"href":"https:\/\/blogsaverroes.juntadeandalucia.es\/colepicasso\/wp-json\/wp\/v2\/categories?post=1967"},{"taxonomy":"post_tag","embeddable":true,"href":"https:\/\/blogsaverroes.juntadeandalucia.es\/colepicasso\/wp-json\/wp\/v2\/tags?post=1967"}],"curies":[{"name":"wp","href":"https:\/\/api.w.org\/{rel}","templated":true}]}}