{"id":898,"date":"2024-02-13T17:24:30","date_gmt":"2024-02-13T16:24:30","guid":{"rendered":"https:\/\/blogsaverroes.juntadeandalucia.es\/colepicasso\/?p=898"},"modified":"2024-02-14T21:54:46","modified_gmt":"2024-02-14T20:54:46","slug":"proyecto-en-2o-de-primaria-el-pan","status":"publish","type":"post","link":"https:\/\/blogsaverroes.juntadeandalucia.es\/colepicasso\/proyecto-en-2o-de-primaria-el-pan\/","title":{"rendered":"Proyecto de centro en 2\u00ba de primaria: el PAN"},"content":{"rendered":"<p style=\"text-align: center\">Como viene siendo habitual en nuestro colegio, el C.E.I.P. Pablo Ruiz Picasso, cada a\u00f1o nos<br \/>\nadentramos en un <strong>Proyecto de Centro<\/strong> que nos caracteriza por su implicaci\u00f3n a todos los<br \/>\nniveles de nuestra comunidad educativa.<br \/>\nEste curso, el tema elegido es el <strong>PAN<\/strong>.<\/p>\n<p style=\"text-align: center\">Durante este trimestre, el <strong>equipo de segundo de E.P.<\/strong> hemos dado el pistoletazo de salida a<br \/>\ntrav\u00e9s de una a<strong>ctividad motivadora de presentaci\u00f3n<\/strong> de diferentes tipos de pan: de centeno, de<br \/>\nqueso, de pueblo, integral, blanco\u2026<\/p>\n<p style=\"text-align: center\">Tambi\u00e9n hemos a\u00f1adido en nuestra presentaci\u00f3n diferentes tipos de harina.<br \/>\nEn esta actividad se ha mostrado todo el alumnado muy participativo, demostrando un gran<br \/>\ninter\u00e9s por todo lo que implica: desde su origen, su siembra y recolecci\u00f3n, c\u00f3mo se hace, hasta<br \/>\nlos <strong>beneficios que ofrece para nuestro organismo<\/strong>.<\/p>\n<p style=\"text-align: center\">Esto implica una serie de interrogantes que nos servir\u00e1n para avanzar en este proyecto.<br \/>\nDesde el <strong>\u00e1rea de matem\u00e1ticas<\/strong>, hemos hecho una estimaci\u00f3n del peso y comparaci\u00f3n de<br \/>\ncantidades, utilizando una metodolog\u00eda l\u00fadica y participativa, en un juego.<\/p>\n<p style=\"text-align: center\">Tambi\u00e9n hemos deducido de manera impl\u00edcita, c\u00f3mo el pan forma parte de <strong>nuestra literatura<\/strong>,<br \/>\nya que estamos leyendo en gran grupo \u201cEl lazarillo de Tormes\u201d, en el que podemos encontrar<br \/>\nuno de sus cap\u00edtulos titulado \u201cEl pan y el vino\u201d y en el que se puede intuir c\u00f3mo la<br \/>\nalimentaci\u00f3n es la primera necesidad del ser humano.<\/p>\n<p style=\"text-align: center\">En el <strong>Arte<\/strong> est\u00e1 presente en m\u00faltiples obras de reconocido prestigio, bodegones y temas<br \/>\ncostumbristas ( \u201cEl bebedor\u201d, de F. de Goya, Museo del Prado).<\/p>\n<p style=\"text-align: center\">Como consecuencia de este amplio abanico de posibilidades que ofrece el pan, hemos visitado<br \/>\nuna f\u00e1brica de pan(<strong>COPAN<\/strong>), en la que el alumnado ha visto de primera mano, c\u00f3mo se hace el<br \/>\npan que llega a nuestra mesa.<\/p>\n<p style=\"text-align: center\">Por si fuera poco, en nuestro huerto escolar hemos sembrado trigo y ma\u00edz, para experimentar<br \/>\ny observar su crecimiento.<\/p>\n<p style=\"text-align: center\">Ya con esta actividad nos introducimos de lleno en nuevos caminos de investigaci\u00f3n para<br \/>\nresolver las preguntas que les van surgiendo y avanzar en su propio <strong>proceso de ense\u00f1anza \u2013<\/strong><br \/>\n<strong>aprendizaje de manera significativa<\/strong>.<\/p>\n<p style=\"text-align: center\"><strong>Esto es s\u00f3lo el principio, lo mejor est\u00e1 por llegar.<\/strong><\/p>\n<div style=\"width: 1080px;\" class=\"wp-video\"><!--[if lt IE 9]><script>document.createElement('video');<\/script><![endif]-->\n<video class=\"wp-video-shortcode\" id=\"video-898-1\" width=\"1080\" height=\"762\" preload=\"metadata\" controls=\"controls\"><source type=\"video\/mp4\" src=\"https:\/\/blogsaverroes.juntadeandalucia.es\/colepicasso\/files\/2024\/02\/EL-PAN.mp4?_=1\" \/><a href=\"https:\/\/blogsaverroes.juntadeandalucia.es\/colepicasso\/files\/2024\/02\/EL-PAN.mp4\">https:\/\/blogsaverroes.juntadeandalucia.es\/colepicasso\/files\/2024\/02\/EL-PAN.mp4<\/a><\/video><\/div>\n","protected":false},"excerpt":{"rendered":"<p>Como viene siendo habitual en nuestro colegio, el C.E.I.P. Pablo Ruiz Picasso, cada a\u00f1o nos adentramos en un Proyecto de Centro que nos caracteriza por su implicaci\u00f3n a todos los niveles de nuestra comunidad educativa. Este curso, el tema elegido es el PAN. Durante este trimestre, el equipo de segundo de E.P. hemos dado el [&hellip;]<\/p>\n","protected":false},"author":18375,"featured_media":900,"comment_status":"closed","ping_status":"open","sticky":false,"template":"","format":"standard","meta":{"_et_pb_use_builder":"","_et_pb_old_content":"","_et_gb_content_width":"","_exactmetrics_skip_tracking":false,"_exactmetrics_sitenote_active":false,"_exactmetrics_sitenote_note":"","_exactmetrics_sitenote_category":0,"ngg_post_thumbnail":0,"footnotes":""},"categories":[18,31,34,9,20,35],"tags":[],"aioseo_notices":[],"_links":{"self":[{"href":"https:\/\/blogsaverroes.juntadeandalucia.es\/colepicasso\/wp-json\/wp\/v2\/posts\/898"}],"collection":[{"href":"https:\/\/blogsaverroes.juntadeandalucia.es\/colepicasso\/wp-json\/wp\/v2\/posts"}],"about":[{"href":"https:\/\/blogsaverroes.juntadeandalucia.es\/colepicasso\/wp-json\/wp\/v2\/types\/post"}],"author":[{"embeddable":true,"href":"https:\/\/blogsaverroes.juntadeandalucia.es\/colepicasso\/wp-json\/wp\/v2\/users\/18375"}],"replies":[{"embeddable":true,"href":"https:\/\/blogsaverroes.juntadeandalucia.es\/colepicasso\/wp-json\/wp\/v2\/comments?post=898"}],"version-history":[{"count":2,"href":"https:\/\/blogsaverroes.juntadeandalucia.es\/colepicasso\/wp-json\/wp\/v2\/posts\/898\/revisions"}],"predecessor-version":[{"id":902,"href":"https:\/\/blogsaverroes.juntadeandalucia.es\/colepicasso\/wp-json\/wp\/v2\/posts\/898\/revisions\/902"}],"wp:featuredmedia":[{"embeddable":true,"href":"https:\/\/blogsaverroes.juntadeandalucia.es\/colepicasso\/wp-json\/wp\/v2\/media\/900"}],"wp:attachment":[{"href":"https:\/\/blogsaverroes.juntadeandalucia.es\/colepicasso\/wp-json\/wp\/v2\/media?parent=898"}],"wp:term":[{"taxonomy":"category","embeddable":true,"href":"https:\/\/blogsaverroes.juntadeandalucia.es\/colepicasso\/wp-json\/wp\/v2\/categories?post=898"},{"taxonomy":"post_tag","embeddable":true,"href":"https:\/\/blogsaverroes.juntadeandalucia.es\/colepicasso\/wp-json\/wp\/v2\/tags?post=898"}],"curies":[{"name":"wp","href":"https:\/\/api.w.org\/{rel}","templated":true}]}}