{"id":3730,"date":"2016-04-13T22:24:29","date_gmt":"2016-04-13T21:24:29","guid":{"rendered":"http:\/\/blogsaverroes.juntadeandalucia.es\/colesanjuandelacruz\/?p=3730"},"modified":"2016-12-18T17:39:46","modified_gmt":"2016-12-18T16:39:46","slug":"feria-de-los-proyectos","status":"publish","type":"post","link":"https:\/\/blogsaverroes.juntadeandalucia.es\/colesanjuandelacruz\/feria-de-los-proyectos\/","title":{"rendered":"Feria de los proyectos"},"content":{"rendered":"<p style=\"text-align: justify\">\u00a0\u00a0\u00a0\u00a0 Hoy se ha celebrado en la Escuela de Magisterio de C\u00f3rdoba un encuentro provincial de centros de Educaci\u00f3n Primaria y Secundaria para compartir experiencias relacionadas con los proyectos de aula. Nuestro centro ha participado de manera especial, y ejemplar, al haber acudido con una gran representaci\u00f3n de trabajos, y de alumnos que han expuesto el trabajo realizado en clase, y que ha generado una expectaci\u00f3n incre\u00edble por parte de los asistentes.<\/p>\n<p style=\"text-align: justify\">\u00a0\u00a0\u00a0\u00a0 Felicitamos efusivamente al profesorado que est\u00e1 realizando el proyecto en el centro y, en especial a los que han participado en el evento. Tambi\u00e9n a los pap\u00e1s y mam\u00e1s que tanto han colaborado con sus hijos e hijas. El aplauso m\u00e1s grande, no obstante, es para nuestros ni\u00f1os y ni\u00f1as que mostraron y ense\u00f1aron magistralmente sus trabajos a todos los presentes.<\/p>\n<p style=\"text-align: justify\">Bravo por todos!!!<\/p>\n<p style=\"text-align: justify\">Os dejamos unas fotos para que ve\u00e1is el \u00e9xito que ha tenido. No s\u00e9 qu\u00e9 opinar\u00e9is , pero a m\u00ed me parecen los mejores \ud83d\ude09<\/p>\n<p>\n<div class=\"ngg-galleryoverview ngg-slideshow\"\n\tid=\"ngg-slideshow-5798498b174f1c7159e4f401d9af0a78-2227068470\"\n\tdata-gallery-id=\"5798498b174f1c7159e4f401d9af0a78\"\n\tstyle=\"max-width: 600px;\n\t\t\tmax-height: 400px;\n\t\t\tdisplay: none;\">\n\n\t\n\t\t<a href=\"https:\/\/blogsaverroes.juntadeandalucia.es\/colesanjuandelacruz\/wp-content\/uploads\/sites\/1204\/nggallery\/feria-de-los-proyectos-2016\/IMG_20160413_181835.jpg\"\n\t\t\ttitle=\"\"\n\t\t\tdata-src=\"https:\/\/blogsaverroes.juntadeandalucia.es\/colesanjuandelacruz\/wp-content\/uploads\/sites\/1204\/nggallery\/feria-de-los-proyectos-2016\/IMG_20160413_181835.jpg\"\n\t\t\tdata-thumbnail=\"https:\/\/blogsaverroes.juntadeandalucia.es\/colesanjuandelacruz\/wp-content\/uploads\/sites\/1204\/nggallery\/feria-de-los-proyectos-2016\/thumbs\/thumbs_IMG_20160413_181835.jpg\"\n\t\t\tdata-image-id=\"142\"\n\t\t\tdata-title=\"IMG_20160413_181835\"\n\t\t\tdata-description=\"\"\n\t\t\tclass=\"ngg-fancybox\" rel=\"5798498b174f1c7159e4f401d9af0a78\">\n\n\t\t\t<img data-image-id='142'\n\t\t\t\ttitle=\"\"\n\t\t\t\talt=\"IMG_20160413_181835\"\n\t\t\t\tsrc=\"https:\/\/blogsaverroes.juntadeandalucia.es\/colesanjuandelacruz\/wp-content\/uploads\/sites\/1204\/nggallery\/feria-de-los-proyectos-2016\/IMG_20160413_181835.jpg\"\n\t\t\t\tstyle=\"max-height: 380px;\"\/>\n\t\t<\/a>\n\n\t\t\n\t\t<a href=\"https:\/\/blogsaverroes.juntadeandalucia.es\/colesanjuandelacruz\/wp-content\/uploads\/sites\/1204\/nggallery\/feria-de-los-proyectos-2016\/IMG_20160413_182109.jpg\"\n\t\t\ttitle=\"\"\n\t\t\tdata-src=\"https:\/\/blogsaverroes.juntadeandalucia.es\/colesanjuandelacruz\/wp-content\/uploads\/sites\/1204\/nggallery\/feria-de-los-proyectos-2016\/IMG_20160413_182109.jpg\"\n\t\t\tdata-thumbnail=\"https:\/\/blogsaverroes.juntadeandalucia.es\/colesanjuandelacruz\/wp-content\/uploads\/sites\/1204\/nggallery\/feria-de-los-proyectos-2016\/thumbs\/thumbs_IMG_20160413_182109.jpg\"\n\t\t\tdata-image-id=\"143\"\n\t\t\tdata-title=\"IMG_20160413_182109\"\n\t\t\tdata-description=\"\"\n\t\t\tclass=\"ngg-fancybox\" rel=\"5798498b174f1c7159e4f401d9af0a78\">\n\n\t\t\t<img data-image-id='143'\n\t\t\t\ttitle=\"\"\n\t\t\t\talt=\"IMG_20160413_182109\"\n\t\t\t\tsrc=\"https:\/\/blogsaverroes.juntadeandalucia.es\/colesanjuandelacruz\/wp-content\/uploads\/sites\/1204\/nggallery\/feria-de-los-proyectos-2016\/IMG_20160413_182109.jpg\"\n\t\t\t\tstyle=\"max-height: 380px;\"\/>\n\t\t<\/a>\n\n\t\t\n\t\t<a href=\"https:\/\/blogsaverroes.juntadeandalucia.es\/colesanjuandelacruz\/wp-content\/uploads\/sites\/1204\/nggallery\/feria-de-los-proyectos-2016\/IMG_20160413_182113.jpg\"\n\t\t\ttitle=\"\"\n\t\t\tdata-src=\"https:\/\/blogsaverroes.juntadeandalucia.es\/colesanjuandelacruz\/wp-content\/uploads\/sites\/1204\/nggallery\/feria-de-los-proyectos-2016\/IMG_20160413_182113.jpg\"\n\t\t\tdata-thumbnail=\"https:\/\/blogsaverroes.juntadeandalucia.es\/colesanjuandelacruz\/wp-content\/uploads\/sites\/1204\/nggallery\/feria-de-los-proyectos-2016\/thumbs\/thumbs_IMG_20160413_182113.jpg\"\n\t\t\tdata-image-id=\"144\"\n\t\t\tdata-title=\"IMG_20160413_182113\"\n\t\t\tdata-description=\"\"\n\t\t\tclass=\"ngg-fancybox\" rel=\"5798498b174f1c7159e4f401d9af0a78\">\n\n\t\t\t<img data-image-id='144'\n\t\t\t\ttitle=\"\"\n\t\t\t\talt=\"IMG_20160413_182113\"\n\t\t\t\tsrc=\"https:\/\/blogsaverroes.juntadeandalucia.es\/colesanjuandelacruz\/wp-content\/uploads\/sites\/1204\/nggallery\/feria-de-los-proyectos-2016\/IMG_20160413_182113.jpg\"\n\t\t\t\tstyle=\"max-height: 380px;\"\/>\n\t\t<\/a>\n\n\t\t\n\t\t<a href=\"https:\/\/blogsaverroes.juntadeandalucia.es\/colesanjuandelacruz\/wp-content\/uploads\/sites\/1204\/nggallery\/feria-de-los-proyectos-2016\/IMG_20160413_182251.jpg\"\n\t\t\ttitle=\"\"\n\t\t\tdata-src=\"https:\/\/blogsaverroes.juntadeandalucia.es\/colesanjuandelacruz\/wp-content\/uploads\/sites\/1204\/nggallery\/feria-de-los-proyectos-2016\/IMG_20160413_182251.jpg\"\n\t\t\tdata-thumbnail=\"https:\/\/blogsaverroes.juntadeandalucia.es\/colesanjuandelacruz\/wp-content\/uploads\/sites\/1204\/nggallery\/feria-de-los-proyectos-2016\/thumbs\/thumbs_IMG_20160413_182251.jpg\"\n\t\t\tdata-image-id=\"145\"\n\t\t\tdata-title=\"IMG_20160413_182251\"\n\t\t\tdata-description=\"\"\n\t\t\tclass=\"ngg-fancybox\" rel=\"5798498b174f1c7159e4f401d9af0a78\">\n\n\t\t\t<img data-image-id='145'\n\t\t\t\ttitle=\"\"\n\t\t\t\talt=\"IMG_20160413_182251\"\n\t\t\t\tsrc=\"https:\/\/blogsaverroes.juntadeandalucia.es\/colesanjuandelacruz\/wp-content\/uploads\/sites\/1204\/nggallery\/feria-de-los-proyectos-2016\/IMG_20160413_182251.jpg\"\n\t\t\t\tstyle=\"max-height: 380px;\"\/>\n\t\t<\/a>\n\n\t\t\n\t\t<a href=\"https:\/\/blogsaverroes.juntadeandalucia.es\/colesanjuandelacruz\/wp-content\/uploads\/sites\/1204\/nggallery\/feria-de-los-proyectos-2016\/IMG_20160413_182410.jpg\"\n\t\t\ttitle=\"\"\n\t\t\tdata-src=\"https:\/\/blogsaverroes.juntadeandalucia.es\/colesanjuandelacruz\/wp-content\/uploads\/sites\/1204\/nggallery\/feria-de-los-proyectos-2016\/IMG_20160413_182410.jpg\"\n\t\t\tdata-thumbnail=\"https:\/\/blogsaverroes.juntadeandalucia.es\/colesanjuandelacruz\/wp-content\/uploads\/sites\/1204\/nggallery\/feria-de-los-proyectos-2016\/thumbs\/thumbs_IMG_20160413_182410.jpg\"\n\t\t\tdata-image-id=\"146\"\n\t\t\tdata-title=\"IMG_20160413_182410\"\n\t\t\tdata-description=\"\"\n\t\t\tclass=\"ngg-fancybox\" rel=\"5798498b174f1c7159e4f401d9af0a78\">\n\n\t\t\t<img data-image-id='146'\n\t\t\t\ttitle=\"\"\n\t\t\t\talt=\"IMG_20160413_182410\"\n\t\t\t\tsrc=\"https:\/\/blogsaverroes.juntadeandalucia.es\/colesanjuandelacruz\/wp-content\/uploads\/sites\/1204\/nggallery\/feria-de-los-proyectos-2016\/IMG_20160413_182410.jpg\"\n\t\t\t\tstyle=\"max-height: 380px;\"\/>\n\t\t<\/a>\n\n\t\t\n\t\t<a href=\"https:\/\/blogsaverroes.juntadeandalucia.es\/colesanjuandelacruz\/wp-content\/uploads\/sites\/1204\/nggallery\/feria-de-los-proyectos-2016\/IMG_20160413_182413.jpg\"\n\t\t\ttitle=\"\"\n\t\t\tdata-src=\"https:\/\/blogsaverroes.juntadeandalucia.es\/colesanjuandelacruz\/wp-content\/uploads\/sites\/1204\/nggallery\/feria-de-los-proyectos-2016\/IMG_20160413_182413.jpg\"\n\t\t\tdata-thumbnail=\"https:\/\/blogsaverroes.juntadeandalucia.es\/colesanjuandelacruz\/wp-content\/uploads\/sites\/1204\/nggallery\/feria-de-los-proyectos-2016\/thumbs\/thumbs_IMG_20160413_182413.jpg\"\n\t\t\tdata-image-id=\"147\"\n\t\t\tdata-title=\"IMG_20160413_182413\"\n\t\t\tdata-description=\"\"\n\t\t\tclass=\"ngg-fancybox\" rel=\"5798498b174f1c7159e4f401d9af0a78\">\n\n\t\t\t<img data-image-id='147'\n\t\t\t\ttitle=\"\"\n\t\t\t\talt=\"IMG_20160413_182413\"\n\t\t\t\tsrc=\"https:\/\/blogsaverroes.juntadeandalucia.es\/colesanjuandelacruz\/wp-content\/uploads\/sites\/1204\/nggallery\/feria-de-los-proyectos-2016\/IMG_20160413_182413.jpg\"\n\t\t\t\tstyle=\"max-height: 380px;\"\/>\n\t\t<\/a>\n\n\t\t\n\t\t<a href=\"https:\/\/blogsaverroes.juntadeandalucia.es\/colesanjuandelacruz\/wp-content\/uploads\/sites\/1204\/nggallery\/feria-de-los-proyectos-2016\/IMG_20160413_182502.jpg\"\n\t\t\ttitle=\"\"\n\t\t\tdata-src=\"https:\/\/blogsaverroes.juntadeandalucia.es\/colesanjuandelacruz\/wp-content\/uploads\/sites\/1204\/nggallery\/feria-de-los-proyectos-2016\/IMG_20160413_182502.jpg\"\n\t\t\tdata-thumbnail=\"https:\/\/blogsaverroes.juntadeandalucia.es\/colesanjuandelacruz\/wp-content\/uploads\/sites\/1204\/nggallery\/feria-de-los-proyectos-2016\/thumbs\/thumbs_IMG_20160413_182502.jpg\"\n\t\t\tdata-image-id=\"148\"\n\t\t\tdata-title=\"IMG_20160413_182502\"\n\t\t\tdata-description=\"\"\n\t\t\tclass=\"ngg-fancybox\" rel=\"5798498b174f1c7159e4f401d9af0a78\">\n\n\t\t\t<img data-image-id='148'\n\t\t\t\ttitle=\"\"\n\t\t\t\talt=\"IMG_20160413_182502\"\n\t\t\t\tsrc=\"https:\/\/blogsaverroes.juntadeandalucia.es\/colesanjuandelacruz\/wp-content\/uploads\/sites\/1204\/nggallery\/feria-de-los-proyectos-2016\/IMG_20160413_182502.jpg\"\n\t\t\t\tstyle=\"max-height: 380px;\"\/>\n\t\t<\/a>\n\n\t\t\n\t\t<a href=\"https:\/\/blogsaverroes.juntadeandalucia.es\/colesanjuandelacruz\/wp-content\/uploads\/sites\/1204\/nggallery\/feria-de-los-proyectos-2016\/IMG_20160413_183145.jpg\"\n\t\t\ttitle=\"\"\n\t\t\tdata-src=\"https:\/\/blogsaverroes.juntadeandalucia.es\/colesanjuandelacruz\/wp-content\/uploads\/sites\/1204\/nggallery\/feria-de-los-proyectos-2016\/IMG_20160413_183145.jpg\"\n\t\t\tdata-thumbnail=\"https:\/\/blogsaverroes.juntadeandalucia.es\/colesanjuandelacruz\/wp-content\/uploads\/sites\/1204\/nggallery\/feria-de-los-proyectos-2016\/thumbs\/thumbs_IMG_20160413_183145.jpg\"\n\t\t\tdata-image-id=\"149\"\n\t\t\tdata-title=\"IMG_20160413_183145\"\n\t\t\tdata-description=\"\"\n\t\t\tclass=\"ngg-fancybox\" rel=\"5798498b174f1c7159e4f401d9af0a78\">\n\n\t\t\t<img data-image-id='149'\n\t\t\t\ttitle=\"\"\n\t\t\t\talt=\"IMG_20160413_183145\"\n\t\t\t\tsrc=\"https:\/\/blogsaverroes.juntadeandalucia.es\/colesanjuandelacruz\/wp-content\/uploads\/sites\/1204\/nggallery\/feria-de-los-proyectos-2016\/IMG_20160413_183145.jpg\"\n\t\t\t\tstyle=\"max-height: 380px;\"\/>\n\t\t<\/a>\n\n\t\t\n\t\t<a href=\"https:\/\/blogsaverroes.juntadeandalucia.es\/colesanjuandelacruz\/wp-content\/uploads\/sites\/1204\/nggallery\/feria-de-los-proyectos-2016\/IMG_20160413_184421.jpg\"\n\t\t\ttitle=\"\"\n\t\t\tdata-src=\"https:\/\/blogsaverroes.juntadeandalucia.es\/colesanjuandelacruz\/wp-content\/uploads\/sites\/1204\/nggallery\/feria-de-los-proyectos-2016\/IMG_20160413_184421.jpg\"\n\t\t\tdata-thumbnail=\"https:\/\/blogsaverroes.juntadeandalucia.es\/colesanjuandelacruz\/wp-content\/uploads\/sites\/1204\/nggallery\/feria-de-los-proyectos-2016\/thumbs\/thumbs_IMG_20160413_184421.jpg\"\n\t\t\tdata-image-id=\"150\"\n\t\t\tdata-title=\"IMG_20160413_184421\"\n\t\t\tdata-description=\"\"\n\t\t\tclass=\"ngg-fancybox\" rel=\"5798498b174f1c7159e4f401d9af0a78\">\n\n\t\t\t<img data-image-id='150'\n\t\t\t\ttitle=\"\"\n\t\t\t\talt=\"IMG_20160413_184421\"\n\t\t\t\tsrc=\"https:\/\/blogsaverroes.juntadeandalucia.es\/colesanjuandelacruz\/wp-content\/uploads\/sites\/1204\/nggallery\/feria-de-los-proyectos-2016\/IMG_20160413_184421.jpg\"\n\t\t\t\tstyle=\"max-height: 380px;\"\/>\n\t\t<\/a>\n\n\t\t\n\t\t<a href=\"https:\/\/blogsaverroes.juntadeandalucia.es\/colesanjuandelacruz\/wp-content\/uploads\/sites\/1204\/nggallery\/feria-de-los-proyectos-2016\/IMG_20160413_184425.jpg\"\n\t\t\ttitle=\"\"\n\t\t\tdata-src=\"https:\/\/blogsaverroes.juntadeandalucia.es\/colesanjuandelacruz\/wp-content\/uploads\/sites\/1204\/nggallery\/feria-de-los-proyectos-2016\/IMG_20160413_184425.jpg\"\n\t\t\tdata-thumbnail=\"https:\/\/blogsaverroes.juntadeandalucia.es\/colesanjuandelacruz\/wp-content\/uploads\/sites\/1204\/nggallery\/feria-de-los-proyectos-2016\/thumbs\/thumbs_IMG_20160413_184425.jpg\"\n\t\t\tdata-image-id=\"151\"\n\t\t\tdata-title=\"IMG_20160413_184425\"\n\t\t\tdata-description=\"\"\n\t\t\tclass=\"ngg-fancybox\" rel=\"5798498b174f1c7159e4f401d9af0a78\">\n\n\t\t\t<img data-image-id='151'\n\t\t\t\ttitle=\"\"\n\t\t\t\talt=\"IMG_20160413_184425\"\n\t\t\t\tsrc=\"https:\/\/blogsaverroes.juntadeandalucia.es\/colesanjuandelacruz\/wp-content\/uploads\/sites\/1204\/nggallery\/feria-de-los-proyectos-2016\/IMG_20160413_184425.jpg\"\n\t\t\t\tstyle=\"max-height: 380px;\"\/>\n\t\t<\/a>\n\n\t\t\n\t\t<a href=\"https:\/\/blogsaverroes.juntadeandalucia.es\/colesanjuandelacruz\/wp-content\/uploads\/sites\/1204\/nggallery\/feria-de-los-proyectos-2016\/IMG_20160413_184430.jpg\"\n\t\t\ttitle=\"\"\n\t\t\tdata-src=\"https:\/\/blogsaverroes.juntadeandalucia.es\/colesanjuandelacruz\/wp-content\/uploads\/sites\/1204\/nggallery\/feria-de-los-proyectos-2016\/IMG_20160413_184430.jpg\"\n\t\t\tdata-thumbnail=\"https:\/\/blogsaverroes.juntadeandalucia.es\/colesanjuandelacruz\/wp-content\/uploads\/sites\/1204\/nggallery\/feria-de-los-proyectos-2016\/thumbs\/thumbs_IMG_20160413_184430.jpg\"\n\t\t\tdata-image-id=\"152\"\n\t\t\tdata-title=\"IMG_20160413_184430\"\n\t\t\tdata-description=\"\"\n\t\t\tclass=\"ngg-fancybox\" rel=\"5798498b174f1c7159e4f401d9af0a78\">\n\n\t\t\t<img data-image-id='152'\n\t\t\t\ttitle=\"\"\n\t\t\t\talt=\"IMG_20160413_184430\"\n\t\t\t\tsrc=\"https:\/\/blogsaverroes.juntadeandalucia.es\/colesanjuandelacruz\/wp-content\/uploads\/sites\/1204\/nggallery\/feria-de-los-proyectos-2016\/IMG_20160413_184430.jpg\"\n\t\t\t\tstyle=\"max-height: 380px;\"\/>\n\t\t<\/a>\n\n\t\t\n\t\t<a href=\"https:\/\/blogsaverroes.juntadeandalucia.es\/colesanjuandelacruz\/wp-content\/uploads\/sites\/1204\/nggallery\/feria-de-los-proyectos-2016\/IMG_20160413_184443.jpg\"\n\t\t\ttitle=\"\"\n\t\t\tdata-src=\"https:\/\/blogsaverroes.juntadeandalucia.es\/colesanjuandelacruz\/wp-content\/uploads\/sites\/1204\/nggallery\/feria-de-los-proyectos-2016\/IMG_20160413_184443.jpg\"\n\t\t\tdata-thumbnail=\"https:\/\/blogsaverroes.juntadeandalucia.es\/colesanjuandelacruz\/wp-content\/uploads\/sites\/1204\/nggallery\/feria-de-los-proyectos-2016\/thumbs\/thumbs_IMG_20160413_184443.jpg\"\n\t\t\tdata-image-id=\"153\"\n\t\t\tdata-title=\"IMG_20160413_184443\"\n\t\t\tdata-description=\"\"\n\t\t\tclass=\"ngg-fancybox\" rel=\"5798498b174f1c7159e4f401d9af0a78\">\n\n\t\t\t<img data-image-id='153'\n\t\t\t\ttitle=\"\"\n\t\t\t\talt=\"IMG_20160413_184443\"\n\t\t\t\tsrc=\"https:\/\/blogsaverroes.juntadeandalucia.es\/colesanjuandelacruz\/wp-content\/uploads\/sites\/1204\/nggallery\/feria-de-los-proyectos-2016\/IMG_20160413_184443.jpg\"\n\t\t\t\tstyle=\"max-height: 380px;\"\/>\n\t\t<\/a>\n\n\t\t\n\t\t<a href=\"https:\/\/blogsaverroes.juntadeandalucia.es\/colesanjuandelacruz\/wp-content\/uploads\/sites\/1204\/nggallery\/feria-de-los-proyectos-2016\/IMG_20160413_184449.jpg\"\n\t\t\ttitle=\"\"\n\t\t\tdata-src=\"https:\/\/blogsaverroes.juntadeandalucia.es\/colesanjuandelacruz\/wp-content\/uploads\/sites\/1204\/nggallery\/feria-de-los-proyectos-2016\/IMG_20160413_184449.jpg\"\n\t\t\tdata-thumbnail=\"https:\/\/blogsaverroes.juntadeandalucia.es\/colesanjuandelacruz\/wp-content\/uploads\/sites\/1204\/nggallery\/feria-de-los-proyectos-2016\/thumbs\/thumbs_IMG_20160413_184449.jpg\"\n\t\t\tdata-image-id=\"154\"\n\t\t\tdata-title=\"IMG_20160413_184449\"\n\t\t\tdata-description=\"\"\n\t\t\tclass=\"ngg-fancybox\" rel=\"5798498b174f1c7159e4f401d9af0a78\">\n\n\t\t\t<img data-image-id='154'\n\t\t\t\ttitle=\"\"\n\t\t\t\talt=\"IMG_20160413_184449\"\n\t\t\t\tsrc=\"https:\/\/blogsaverroes.juntadeandalucia.es\/colesanjuandelacruz\/wp-content\/uploads\/sites\/1204\/nggallery\/feria-de-los-proyectos-2016\/IMG_20160413_184449.jpg\"\n\t\t\t\tstyle=\"max-height: 380px;\"\/>\n\t\t<\/a>\n\n\t\t\n\t\t<a href=\"https:\/\/blogsaverroes.juntadeandalucia.es\/colesanjuandelacruz\/wp-content\/uploads\/sites\/1204\/nggallery\/feria-de-los-proyectos-2016\/IMG_20160413_184501.jpg\"\n\t\t\ttitle=\"\"\n\t\t\tdata-src=\"https:\/\/blogsaverroes.juntadeandalucia.es\/colesanjuandelacruz\/wp-content\/uploads\/sites\/1204\/nggallery\/feria-de-los-proyectos-2016\/IMG_20160413_184501.jpg\"\n\t\t\tdata-thumbnail=\"https:\/\/blogsaverroes.juntadeandalucia.es\/colesanjuandelacruz\/wp-content\/uploads\/sites\/1204\/nggallery\/feria-de-los-proyectos-2016\/thumbs\/thumbs_IMG_20160413_184501.jpg\"\n\t\t\tdata-image-id=\"155\"\n\t\t\tdata-title=\"IMG_20160413_184501\"\n\t\t\tdata-description=\"\"\n\t\t\tclass=\"ngg-fancybox\" rel=\"5798498b174f1c7159e4f401d9af0a78\">\n\n\t\t\t<img data-image-id='155'\n\t\t\t\ttitle=\"\"\n\t\t\t\talt=\"IMG_20160413_184501\"\n\t\t\t\tsrc=\"https:\/\/blogsaverroes.juntadeandalucia.es\/colesanjuandelacruz\/wp-content\/uploads\/sites\/1204\/nggallery\/feria-de-los-proyectos-2016\/IMG_20160413_184501.jpg\"\n\t\t\t\tstyle=\"max-height: 380px;\"\/>\n\t\t<\/a>\n\n\t\t\n\t\t<a href=\"https:\/\/blogsaverroes.juntadeandalucia.es\/colesanjuandelacruz\/wp-content\/uploads\/sites\/1204\/nggallery\/feria-de-los-proyectos-2016\/IMG_20160413_184507.jpg\"\n\t\t\ttitle=\"\"\n\t\t\tdata-src=\"https:\/\/blogsaverroes.juntadeandalucia.es\/colesanjuandelacruz\/wp-content\/uploads\/sites\/1204\/nggallery\/feria-de-los-proyectos-2016\/IMG_20160413_184507.jpg\"\n\t\t\tdata-thumbnail=\"https:\/\/blogsaverroes.juntadeandalucia.es\/colesanjuandelacruz\/wp-content\/uploads\/sites\/1204\/nggallery\/feria-de-los-proyectos-2016\/thumbs\/thumbs_IMG_20160413_184507.jpg\"\n\t\t\tdata-image-id=\"156\"\n\t\t\tdata-title=\"IMG_20160413_184507\"\n\t\t\tdata-description=\"\"\n\t\t\tclass=\"ngg-fancybox\" rel=\"5798498b174f1c7159e4f401d9af0a78\">\n\n\t\t\t<img data-image-id='156'\n\t\t\t\ttitle=\"\"\n\t\t\t\talt=\"IMG_20160413_184507\"\n\t\t\t\tsrc=\"https:\/\/blogsaverroes.juntadeandalucia.es\/colesanjuandelacruz\/wp-content\/uploads\/sites\/1204\/nggallery\/feria-de-los-proyectos-2016\/IMG_20160413_184507.jpg\"\n\t\t\t\tstyle=\"max-height: 380px;\"\/>\n\t\t<\/a>\n\n\t\t\n\t\t<a href=\"https:\/\/blogsaverroes.juntadeandalucia.es\/colesanjuandelacruz\/wp-content\/uploads\/sites\/1204\/nggallery\/feria-de-los-proyectos-2016\/IMG_20160413_184518.jpg\"\n\t\t\ttitle=\"\"\n\t\t\tdata-src=\"https:\/\/blogsaverroes.juntadeandalucia.es\/colesanjuandelacruz\/wp-content\/uploads\/sites\/1204\/nggallery\/feria-de-los-proyectos-2016\/IMG_20160413_184518.jpg\"\n\t\t\tdata-thumbnail=\"https:\/\/blogsaverroes.juntadeandalucia.es\/colesanjuandelacruz\/wp-content\/uploads\/sites\/1204\/nggallery\/feria-de-los-proyectos-2016\/thumbs\/thumbs_IMG_20160413_184518.jpg\"\n\t\t\tdata-image-id=\"157\"\n\t\t\tdata-title=\"IMG_20160413_184518\"\n\t\t\tdata-description=\"\"\n\t\t\tclass=\"ngg-fancybox\" rel=\"5798498b174f1c7159e4f401d9af0a78\">\n\n\t\t\t<img data-image-id='157'\n\t\t\t\ttitle=\"\"\n\t\t\t\talt=\"IMG_20160413_184518\"\n\t\t\t\tsrc=\"https:\/\/blogsaverroes.juntadeandalucia.es\/colesanjuandelacruz\/wp-content\/uploads\/sites\/1204\/nggallery\/feria-de-los-proyectos-2016\/IMG_20160413_184518.jpg\"\n\t\t\t\tstyle=\"max-height: 380px;\"\/>\n\t\t<\/a>\n\n\t\t\n\t\t<a href=\"https:\/\/blogsaverroes.juntadeandalucia.es\/colesanjuandelacruz\/wp-content\/uploads\/sites\/1204\/nggallery\/feria-de-los-proyectos-2016\/IMG_20160413_184527.jpg\"\n\t\t\ttitle=\"\"\n\t\t\tdata-src=\"https:\/\/blogsaverroes.juntadeandalucia.es\/colesanjuandelacruz\/wp-content\/uploads\/sites\/1204\/nggallery\/feria-de-los-proyectos-2016\/IMG_20160413_184527.jpg\"\n\t\t\tdata-thumbnail=\"https:\/\/blogsaverroes.juntadeandalucia.es\/colesanjuandelacruz\/wp-content\/uploads\/sites\/1204\/nggallery\/feria-de-los-proyectos-2016\/thumbs\/thumbs_IMG_20160413_184527.jpg\"\n\t\t\tdata-image-id=\"158\"\n\t\t\tdata-title=\"IMG_20160413_184527\"\n\t\t\tdata-description=\"\"\n\t\t\tclass=\"ngg-fancybox\" rel=\"5798498b174f1c7159e4f401d9af0a78\">\n\n\t\t\t<img data-image-id='158'\n\t\t\t\ttitle=\"\"\n\t\t\t\talt=\"IMG_20160413_184527\"\n\t\t\t\tsrc=\"https:\/\/blogsaverroes.juntadeandalucia.es\/colesanjuandelacruz\/wp-content\/uploads\/sites\/1204\/nggallery\/feria-de-los-proyectos-2016\/IMG_20160413_184527.jpg\"\n\t\t\t\tstyle=\"max-height: 380px;\"\/>\n\t\t<\/a>\n\n\t\t\n\t\t<a href=\"https:\/\/blogsaverroes.juntadeandalucia.es\/colesanjuandelacruz\/wp-content\/uploads\/sites\/1204\/nggallery\/feria-de-los-proyectos-2016\/IMG_20160413_184627.jpg\"\n\t\t\ttitle=\"\"\n\t\t\tdata-src=\"https:\/\/blogsaverroes.juntadeandalucia.es\/colesanjuandelacruz\/wp-content\/uploads\/sites\/1204\/nggallery\/feria-de-los-proyectos-2016\/IMG_20160413_184627.jpg\"\n\t\t\tdata-thumbnail=\"https:\/\/blogsaverroes.juntadeandalucia.es\/colesanjuandelacruz\/wp-content\/uploads\/sites\/1204\/nggallery\/feria-de-los-proyectos-2016\/thumbs\/thumbs_IMG_20160413_184627.jpg\"\n\t\t\tdata-image-id=\"159\"\n\t\t\tdata-title=\"IMG_20160413_184627\"\n\t\t\tdata-description=\"\"\n\t\t\tclass=\"ngg-fancybox\" rel=\"5798498b174f1c7159e4f401d9af0a78\">\n\n\t\t\t<img data-image-id='159'\n\t\t\t\ttitle=\"\"\n\t\t\t\talt=\"IMG_20160413_184627\"\n\t\t\t\tsrc=\"https:\/\/blogsaverroes.juntadeandalucia.es\/colesanjuandelacruz\/wp-content\/uploads\/sites\/1204\/nggallery\/feria-de-los-proyectos-2016\/IMG_20160413_184627.jpg\"\n\t\t\t\tstyle=\"max-height: 380px;\"\/>\n\t\t<\/a>\n\n\t\t\n\t\t<a href=\"https:\/\/blogsaverroes.juntadeandalucia.es\/colesanjuandelacruz\/wp-content\/uploads\/sites\/1204\/nggallery\/feria-de-los-proyectos-2016\/IMG_20160413_184845.jpg\"\n\t\t\ttitle=\"\"\n\t\t\tdata-src=\"https:\/\/blogsaverroes.juntadeandalucia.es\/colesanjuandelacruz\/wp-content\/uploads\/sites\/1204\/nggallery\/feria-de-los-proyectos-2016\/IMG_20160413_184845.jpg\"\n\t\t\tdata-thumbnail=\"https:\/\/blogsaverroes.juntadeandalucia.es\/colesanjuandelacruz\/wp-content\/uploads\/sites\/1204\/nggallery\/feria-de-los-proyectos-2016\/thumbs\/thumbs_IMG_20160413_184845.jpg\"\n\t\t\tdata-image-id=\"160\"\n\t\t\tdata-title=\"IMG_20160413_184845\"\n\t\t\tdata-description=\"\"\n\t\t\tclass=\"ngg-fancybox\" rel=\"5798498b174f1c7159e4f401d9af0a78\">\n\n\t\t\t<img data-image-id='160'\n\t\t\t\ttitle=\"\"\n\t\t\t\talt=\"IMG_20160413_184845\"\n\t\t\t\tsrc=\"https:\/\/blogsaverroes.juntadeandalucia.es\/colesanjuandelacruz\/wp-content\/uploads\/sites\/1204\/nggallery\/feria-de-los-proyectos-2016\/IMG_20160413_184845.jpg\"\n\t\t\t\tstyle=\"max-height: 380px;\"\/>\n\t\t<\/a>\n\n\t\t\n\t\t<a href=\"https:\/\/blogsaverroes.juntadeandalucia.es\/colesanjuandelacruz\/wp-content\/uploads\/sites\/1204\/nggallery\/feria-de-los-proyectos-2016\/IMG_20160413_190051.jpg\"\n\t\t\ttitle=\"\"\n\t\t\tdata-src=\"https:\/\/blogsaverroes.juntadeandalucia.es\/colesanjuandelacruz\/wp-content\/uploads\/sites\/1204\/nggallery\/feria-de-los-proyectos-2016\/IMG_20160413_190051.jpg\"\n\t\t\tdata-thumbnail=\"https:\/\/blogsaverroes.juntadeandalucia.es\/colesanjuandelacruz\/wp-content\/uploads\/sites\/1204\/nggallery\/feria-de-los-proyectos-2016\/thumbs\/thumbs_IMG_20160413_190051.jpg\"\n\t\t\tdata-image-id=\"161\"\n\t\t\tdata-title=\"IMG_20160413_190051\"\n\t\t\tdata-description=\"\"\n\t\t\tclass=\"ngg-fancybox\" rel=\"5798498b174f1c7159e4f401d9af0a78\">\n\n\t\t\t<img data-image-id='161'\n\t\t\t\ttitle=\"\"\n\t\t\t\talt=\"IMG_20160413_190051\"\n\t\t\t\tsrc=\"https:\/\/blogsaverroes.juntadeandalucia.es\/colesanjuandelacruz\/wp-content\/uploads\/sites\/1204\/nggallery\/feria-de-los-proyectos-2016\/IMG_20160413_190051.jpg\"\n\t\t\t\tstyle=\"max-height: 380px;\"\/>\n\t\t<\/a>\n\n\t\t\n\t\t<a href=\"https:\/\/blogsaverroes.juntadeandalucia.es\/colesanjuandelacruz\/wp-content\/uploads\/sites\/1204\/nggallery\/feria-de-los-proyectos-2016\/IMG_20160413_190839.jpg\"\n\t\t\ttitle=\"\"\n\t\t\tdata-src=\"https:\/\/blogsaverroes.juntadeandalucia.es\/colesanjuandelacruz\/wp-content\/uploads\/sites\/1204\/nggallery\/feria-de-los-proyectos-2016\/IMG_20160413_190839.jpg\"\n\t\t\tdata-thumbnail=\"https:\/\/blogsaverroes.juntadeandalucia.es\/colesanjuandelacruz\/wp-content\/uploads\/sites\/1204\/nggallery\/feria-de-los-proyectos-2016\/thumbs\/thumbs_IMG_20160413_190839.jpg\"\n\t\t\tdata-image-id=\"162\"\n\t\t\tdata-title=\"IMG_20160413_190839\"\n\t\t\tdata-description=\"\"\n\t\t\tclass=\"ngg-fancybox\" rel=\"5798498b174f1c7159e4f401d9af0a78\">\n\n\t\t\t<img data-image-id='162'\n\t\t\t\ttitle=\"\"\n\t\t\t\talt=\"IMG_20160413_190839\"\n\t\t\t\tsrc=\"https:\/\/blogsaverroes.juntadeandalucia.es\/colesanjuandelacruz\/wp-content\/uploads\/sites\/1204\/nggallery\/feria-de-los-proyectos-2016\/IMG_20160413_190839.jpg\"\n\t\t\t\tstyle=\"max-height: 380px;\"\/>\n\t\t<\/a>\n\n\t\t\n\t\t<a href=\"https:\/\/blogsaverroes.juntadeandalucia.es\/colesanjuandelacruz\/wp-content\/uploads\/sites\/1204\/nggallery\/feria-de-los-proyectos-2016\/IMG_20160413_190906.jpg\"\n\t\t\ttitle=\"\"\n\t\t\tdata-src=\"https:\/\/blogsaverroes.juntadeandalucia.es\/colesanjuandelacruz\/wp-content\/uploads\/sites\/1204\/nggallery\/feria-de-los-proyectos-2016\/IMG_20160413_190906.jpg\"\n\t\t\tdata-thumbnail=\"https:\/\/blogsaverroes.juntadeandalucia.es\/colesanjuandelacruz\/wp-content\/uploads\/sites\/1204\/nggallery\/feria-de-los-proyectos-2016\/thumbs\/thumbs_IMG_20160413_190906.jpg\"\n\t\t\tdata-image-id=\"163\"\n\t\t\tdata-title=\"IMG_20160413_190906\"\n\t\t\tdata-description=\"\"\n\t\t\tclass=\"ngg-fancybox\" rel=\"5798498b174f1c7159e4f401d9af0a78\">\n\n\t\t\t<img data-image-id='163'\n\t\t\t\ttitle=\"\"\n\t\t\t\talt=\"IMG_20160413_190906\"\n\t\t\t\tsrc=\"https:\/\/blogsaverroes.juntadeandalucia.es\/colesanjuandelacruz\/wp-content\/uploads\/sites\/1204\/nggallery\/feria-de-los-proyectos-2016\/IMG_20160413_190906.jpg\"\n\t\t\t\tstyle=\"max-height: 380px;\"\/>\n\t\t<\/a>\n\n\t\t\n\t\t<a href=\"https:\/\/blogsaverroes.juntadeandalucia.es\/colesanjuandelacruz\/wp-content\/uploads\/sites\/1204\/nggallery\/feria-de-los-proyectos-2016\/IMG_20160413_191649.jpg\"\n\t\t\ttitle=\"\"\n\t\t\tdata-src=\"https:\/\/blogsaverroes.juntadeandalucia.es\/colesanjuandelacruz\/wp-content\/uploads\/sites\/1204\/nggallery\/feria-de-los-proyectos-2016\/IMG_20160413_191649.jpg\"\n\t\t\tdata-thumbnail=\"https:\/\/blogsaverroes.juntadeandalucia.es\/colesanjuandelacruz\/wp-content\/uploads\/sites\/1204\/nggallery\/feria-de-los-proyectos-2016\/thumbs\/thumbs_IMG_20160413_191649.jpg\"\n\t\t\tdata-image-id=\"164\"\n\t\t\tdata-title=\"IMG_20160413_191649\"\n\t\t\tdata-description=\"\"\n\t\t\tclass=\"ngg-fancybox\" rel=\"5798498b174f1c7159e4f401d9af0a78\">\n\n\t\t\t<img data-image-id='164'\n\t\t\t\ttitle=\"\"\n\t\t\t\talt=\"IMG_20160413_191649\"\n\t\t\t\tsrc=\"https:\/\/blogsaverroes.juntadeandalucia.es\/colesanjuandelacruz\/wp-content\/uploads\/sites\/1204\/nggallery\/feria-de-los-proyectos-2016\/IMG_20160413_191649.jpg\"\n\t\t\t\tstyle=\"max-height: 380px;\"\/>\n\t\t<\/a>\n\n\t\t\n\t\t<a href=\"https:\/\/blogsaverroes.juntadeandalucia.es\/colesanjuandelacruz\/wp-content\/uploads\/sites\/1204\/nggallery\/feria-de-los-proyectos-2016\/IMG_20160413_192424.jpg\"\n\t\t\ttitle=\"\"\n\t\t\tdata-src=\"https:\/\/blogsaverroes.juntadeandalucia.es\/colesanjuandelacruz\/wp-content\/uploads\/sites\/1204\/nggallery\/feria-de-los-proyectos-2016\/IMG_20160413_192424.jpg\"\n\t\t\tdata-thumbnail=\"https:\/\/blogsaverroes.juntadeandalucia.es\/colesanjuandelacruz\/wp-content\/uploads\/sites\/1204\/nggallery\/feria-de-los-proyectos-2016\/thumbs\/thumbs_IMG_20160413_192424.jpg\"\n\t\t\tdata-image-id=\"165\"\n\t\t\tdata-title=\"IMG_20160413_192424\"\n\t\t\tdata-description=\"\"\n\t\t\tclass=\"ngg-fancybox\" rel=\"5798498b174f1c7159e4f401d9af0a78\">\n\n\t\t\t<img data-image-id='165'\n\t\t\t\ttitle=\"\"\n\t\t\t\talt=\"IMG_20160413_192424\"\n\t\t\t\tsrc=\"https:\/\/blogsaverroes.juntadeandalucia.es\/colesanjuandelacruz\/wp-content\/uploads\/sites\/1204\/nggallery\/feria-de-los-proyectos-2016\/IMG_20160413_192424.jpg\"\n\t\t\t\tstyle=\"max-height: 380px;\"\/>\n\t\t<\/a>\n\n\t\t\n\t\t<a href=\"https:\/\/blogsaverroes.juntadeandalucia.es\/colesanjuandelacruz\/wp-content\/uploads\/sites\/1204\/nggallery\/feria-de-los-proyectos-2016\/IMG_20160413_192430.jpg\"\n\t\t\ttitle=\"\"\n\t\t\tdata-src=\"https:\/\/blogsaverroes.juntadeandalucia.es\/colesanjuandelacruz\/wp-content\/uploads\/sites\/1204\/nggallery\/feria-de-los-proyectos-2016\/IMG_20160413_192430.jpg\"\n\t\t\tdata-thumbnail=\"https:\/\/blogsaverroes.juntadeandalucia.es\/colesanjuandelacruz\/wp-content\/uploads\/sites\/1204\/nggallery\/feria-de-los-proyectos-2016\/thumbs\/thumbs_IMG_20160413_192430.jpg\"\n\t\t\tdata-image-id=\"166\"\n\t\t\tdata-title=\"IMG_20160413_192430\"\n\t\t\tdata-description=\"\"\n\t\t\tclass=\"ngg-fancybox\" rel=\"5798498b174f1c7159e4f401d9af0a78\">\n\n\t\t\t<img data-image-id='166'\n\t\t\t\ttitle=\"\"\n\t\t\t\talt=\"IMG_20160413_192430\"\n\t\t\t\tsrc=\"https:\/\/blogsaverroes.juntadeandalucia.es\/colesanjuandelacruz\/wp-content\/uploads\/sites\/1204\/nggallery\/feria-de-los-proyectos-2016\/IMG_20160413_192430.jpg\"\n\t\t\t\tstyle=\"max-height: 380px;\"\/>\n\t\t<\/a>\n\n\t\t\n\t\t<a href=\"https:\/\/blogsaverroes.juntadeandalucia.es\/colesanjuandelacruz\/wp-content\/uploads\/sites\/1204\/nggallery\/feria-de-los-proyectos-2016\/IMG_20160413_192444.jpg\"\n\t\t\ttitle=\"\"\n\t\t\tdata-src=\"https:\/\/blogsaverroes.juntadeandalucia.es\/colesanjuandelacruz\/wp-content\/uploads\/sites\/1204\/nggallery\/feria-de-los-proyectos-2016\/IMG_20160413_192444.jpg\"\n\t\t\tdata-thumbnail=\"https:\/\/blogsaverroes.juntadeandalucia.es\/colesanjuandelacruz\/wp-content\/uploads\/sites\/1204\/nggallery\/feria-de-los-proyectos-2016\/thumbs\/thumbs_IMG_20160413_192444.jpg\"\n\t\t\tdata-image-id=\"167\"\n\t\t\tdata-title=\"IMG_20160413_192444\"\n\t\t\tdata-description=\"\"\n\t\t\tclass=\"ngg-fancybox\" rel=\"5798498b174f1c7159e4f401d9af0a78\">\n\n\t\t\t<img data-image-id='167'\n\t\t\t\ttitle=\"\"\n\t\t\t\talt=\"IMG_20160413_192444\"\n\t\t\t\tsrc=\"https:\/\/blogsaverroes.juntadeandalucia.es\/colesanjuandelacruz\/wp-content\/uploads\/sites\/1204\/nggallery\/feria-de-los-proyectos-2016\/IMG_20160413_192444.jpg\"\n\t\t\t\tstyle=\"max-height: 380px;\"\/>\n\t\t<\/a>\n\n\t\t\n\t\t<a href=\"https:\/\/blogsaverroes.juntadeandalucia.es\/colesanjuandelacruz\/wp-content\/uploads\/sites\/1204\/nggallery\/feria-de-los-proyectos-2016\/IMG_20160413_192943.jpg\"\n\t\t\ttitle=\"\"\n\t\t\tdata-src=\"https:\/\/blogsaverroes.juntadeandalucia.es\/colesanjuandelacruz\/wp-content\/uploads\/sites\/1204\/nggallery\/feria-de-los-proyectos-2016\/IMG_20160413_192943.jpg\"\n\t\t\tdata-thumbnail=\"https:\/\/blogsaverroes.juntadeandalucia.es\/colesanjuandelacruz\/wp-content\/uploads\/sites\/1204\/nggallery\/feria-de-los-proyectos-2016\/thumbs\/thumbs_IMG_20160413_192943.jpg\"\n\t\t\tdata-image-id=\"168\"\n\t\t\tdata-title=\"IMG_20160413_192943\"\n\t\t\tdata-description=\"\"\n\t\t\tclass=\"ngg-fancybox\" rel=\"5798498b174f1c7159e4f401d9af0a78\">\n\n\t\t\t<img data-image-id='168'\n\t\t\t\ttitle=\"\"\n\t\t\t\talt=\"IMG_20160413_192943\"\n\t\t\t\tsrc=\"https:\/\/blogsaverroes.juntadeandalucia.es\/colesanjuandelacruz\/wp-content\/uploads\/sites\/1204\/nggallery\/feria-de-los-proyectos-2016\/IMG_20160413_192943.jpg\"\n\t\t\t\tstyle=\"max-height: 380px;\"\/>\n\t\t<\/a>\n\n\t\t\n\t\t<a href=\"https:\/\/blogsaverroes.juntadeandalucia.es\/colesanjuandelacruz\/wp-content\/uploads\/sites\/1204\/nggallery\/feria-de-los-proyectos-2016\/IMG_20160413_192948.jpg\"\n\t\t\ttitle=\"\"\n\t\t\tdata-src=\"https:\/\/blogsaverroes.juntadeandalucia.es\/colesanjuandelacruz\/wp-content\/uploads\/sites\/1204\/nggallery\/feria-de-los-proyectos-2016\/IMG_20160413_192948.jpg\"\n\t\t\tdata-thumbnail=\"https:\/\/blogsaverroes.juntadeandalucia.es\/colesanjuandelacruz\/wp-content\/uploads\/sites\/1204\/nggallery\/feria-de-los-proyectos-2016\/thumbs\/thumbs_IMG_20160413_192948.jpg\"\n\t\t\tdata-image-id=\"169\"\n\t\t\tdata-title=\"IMG_20160413_192948\"\n\t\t\tdata-description=\"\"\n\t\t\tclass=\"ngg-fancybox\" rel=\"5798498b174f1c7159e4f401d9af0a78\">\n\n\t\t\t<img data-image-id='169'\n\t\t\t\ttitle=\"\"\n\t\t\t\talt=\"IMG_20160413_192948\"\n\t\t\t\tsrc=\"https:\/\/blogsaverroes.juntadeandalucia.es\/colesanjuandelacruz\/wp-content\/uploads\/sites\/1204\/nggallery\/feria-de-los-proyectos-2016\/IMG_20160413_192948.jpg\"\n\t\t\t\tstyle=\"max-height: 380px;\"\/>\n\t\t<\/a>\n\n\t\t\n\t\t<a href=\"https:\/\/blogsaverroes.juntadeandalucia.es\/colesanjuandelacruz\/wp-content\/uploads\/sites\/1204\/nggallery\/feria-de-los-proyectos-2016\/IMG_20160413_193000.jpg\"\n\t\t\ttitle=\"\"\n\t\t\tdata-src=\"https:\/\/blogsaverroes.juntadeandalucia.es\/colesanjuandelacruz\/wp-content\/uploads\/sites\/1204\/nggallery\/feria-de-los-proyectos-2016\/IMG_20160413_193000.jpg\"\n\t\t\tdata-thumbnail=\"https:\/\/blogsaverroes.juntadeandalucia.es\/colesanjuandelacruz\/wp-content\/uploads\/sites\/1204\/nggallery\/feria-de-los-proyectos-2016\/thumbs\/thumbs_IMG_20160413_193000.jpg\"\n\t\t\tdata-image-id=\"170\"\n\t\t\tdata-title=\"IMG_20160413_193000\"\n\t\t\tdata-description=\"\"\n\t\t\tclass=\"ngg-fancybox\" rel=\"5798498b174f1c7159e4f401d9af0a78\">\n\n\t\t\t<img data-image-id='170'\n\t\t\t\ttitle=\"\"\n\t\t\t\talt=\"IMG_20160413_193000\"\n\t\t\t\tsrc=\"https:\/\/blogsaverroes.juntadeandalucia.es\/colesanjuandelacruz\/wp-content\/uploads\/sites\/1204\/nggallery\/feria-de-los-proyectos-2016\/IMG_20160413_193000.jpg\"\n\t\t\t\tstyle=\"max-height: 380px;\"\/>\n\t\t<\/a>\n\n\t\t\n\t\t<a href=\"https:\/\/blogsaverroes.juntadeandalucia.es\/colesanjuandelacruz\/wp-content\/uploads\/sites\/1204\/nggallery\/feria-de-los-proyectos-2016\/IMG_20160413_193006.jpg\"\n\t\t\ttitle=\"\"\n\t\t\tdata-src=\"https:\/\/blogsaverroes.juntadeandalucia.es\/colesanjuandelacruz\/wp-content\/uploads\/sites\/1204\/nggallery\/feria-de-los-proyectos-2016\/IMG_20160413_193006.jpg\"\n\t\t\tdata-thumbnail=\"https:\/\/blogsaverroes.juntadeandalucia.es\/colesanjuandelacruz\/wp-content\/uploads\/sites\/1204\/nggallery\/feria-de-los-proyectos-2016\/thumbs\/thumbs_IMG_20160413_193006.jpg\"\n\t\t\tdata-image-id=\"171\"\n\t\t\tdata-title=\"IMG_20160413_193006\"\n\t\t\tdata-description=\"\"\n\t\t\tclass=\"ngg-fancybox\" rel=\"5798498b174f1c7159e4f401d9af0a78\">\n\n\t\t\t<img data-image-id='171'\n\t\t\t\ttitle=\"\"\n\t\t\t\talt=\"IMG_20160413_193006\"\n\t\t\t\tsrc=\"https:\/\/blogsaverroes.juntadeandalucia.es\/colesanjuandelacruz\/wp-content\/uploads\/sites\/1204\/nggallery\/feria-de-los-proyectos-2016\/IMG_20160413_193006.jpg\"\n\t\t\t\tstyle=\"max-height: 380px;\"\/>\n\t\t<\/a>\n\n\t\t\n\t\t<a href=\"https:\/\/blogsaverroes.juntadeandalucia.es\/colesanjuandelacruz\/wp-content\/uploads\/sites\/1204\/nggallery\/feria-de-los-proyectos-2016\/IMG_20160413_193013.jpg\"\n\t\t\ttitle=\"\"\n\t\t\tdata-src=\"https:\/\/blogsaverroes.juntadeandalucia.es\/colesanjuandelacruz\/wp-content\/uploads\/sites\/1204\/nggallery\/feria-de-los-proyectos-2016\/IMG_20160413_193013.jpg\"\n\t\t\tdata-thumbnail=\"https:\/\/blogsaverroes.juntadeandalucia.es\/colesanjuandelacruz\/wp-content\/uploads\/sites\/1204\/nggallery\/feria-de-los-proyectos-2016\/thumbs\/thumbs_IMG_20160413_193013.jpg\"\n\t\t\tdata-image-id=\"172\"\n\t\t\tdata-title=\"IMG_20160413_193013\"\n\t\t\tdata-description=\"\"\n\t\t\tclass=\"ngg-fancybox\" rel=\"5798498b174f1c7159e4f401d9af0a78\">\n\n\t\t\t<img data-image-id='172'\n\t\t\t\ttitle=\"\"\n\t\t\t\talt=\"IMG_20160413_193013\"\n\t\t\t\tsrc=\"https:\/\/blogsaverroes.juntadeandalucia.es\/colesanjuandelacruz\/wp-content\/uploads\/sites\/1204\/nggallery\/feria-de-los-proyectos-2016\/IMG_20160413_193013.jpg\"\n\t\t\t\tstyle=\"max-height: 380px;\"\/>\n\t\t<\/a>\n\n\t\t\n\t\t<a href=\"https:\/\/blogsaverroes.juntadeandalucia.es\/colesanjuandelacruz\/wp-content\/uploads\/sites\/1204\/nggallery\/feria-de-los-proyectos-2016\/IMG_20160413_193017.jpg\"\n\t\t\ttitle=\"\"\n\t\t\tdata-src=\"https:\/\/blogsaverroes.juntadeandalucia.es\/colesanjuandelacruz\/wp-content\/uploads\/sites\/1204\/nggallery\/feria-de-los-proyectos-2016\/IMG_20160413_193017.jpg\"\n\t\t\tdata-thumbnail=\"https:\/\/blogsaverroes.juntadeandalucia.es\/colesanjuandelacruz\/wp-content\/uploads\/sites\/1204\/nggallery\/feria-de-los-proyectos-2016\/thumbs\/thumbs_IMG_20160413_193017.jpg\"\n\t\t\tdata-image-id=\"173\"\n\t\t\tdata-title=\"IMG_20160413_193017\"\n\t\t\tdata-description=\"\"\n\t\t\tclass=\"ngg-fancybox\" rel=\"5798498b174f1c7159e4f401d9af0a78\">\n\n\t\t\t<img data-image-id='173'\n\t\t\t\ttitle=\"\"\n\t\t\t\talt=\"IMG_20160413_193017\"\n\t\t\t\tsrc=\"https:\/\/blogsaverroes.juntadeandalucia.es\/colesanjuandelacruz\/wp-content\/uploads\/sites\/1204\/nggallery\/feria-de-los-proyectos-2016\/IMG_20160413_193017.jpg\"\n\t\t\t\tstyle=\"max-height: 380px;\"\/>\n\t\t<\/a>\n\n\t\t\n\t\t<a href=\"https:\/\/blogsaverroes.juntadeandalucia.es\/colesanjuandelacruz\/wp-content\/uploads\/sites\/1204\/nggallery\/feria-de-los-proyectos-2016\/IMG_20160413_193232.jpg\"\n\t\t\ttitle=\"\"\n\t\t\tdata-src=\"https:\/\/blogsaverroes.juntadeandalucia.es\/colesanjuandelacruz\/wp-content\/uploads\/sites\/1204\/nggallery\/feria-de-los-proyectos-2016\/IMG_20160413_193232.jpg\"\n\t\t\tdata-thumbnail=\"https:\/\/blogsaverroes.juntadeandalucia.es\/colesanjuandelacruz\/wp-content\/uploads\/sites\/1204\/nggallery\/feria-de-los-proyectos-2016\/thumbs\/thumbs_IMG_20160413_193232.jpg\"\n\t\t\tdata-image-id=\"174\"\n\t\t\tdata-title=\"IMG_20160413_193232\"\n\t\t\tdata-description=\"\"\n\t\t\tclass=\"ngg-fancybox\" rel=\"5798498b174f1c7159e4f401d9af0a78\">\n\n\t\t\t<img data-image-id='174'\n\t\t\t\ttitle=\"\"\n\t\t\t\talt=\"IMG_20160413_193232\"\n\t\t\t\tsrc=\"https:\/\/blogsaverroes.juntadeandalucia.es\/colesanjuandelacruz\/wp-content\/uploads\/sites\/1204\/nggallery\/feria-de-los-proyectos-2016\/IMG_20160413_193232.jpg\"\n\t\t\t\tstyle=\"max-height: 380px;\"\/>\n\t\t<\/a>\n\n\t\t\n\t\t<a href=\"https:\/\/blogsaverroes.juntadeandalucia.es\/colesanjuandelacruz\/wp-content\/uploads\/sites\/1204\/nggallery\/feria-de-los-proyectos-2016\/IMG_20160413_193238.jpg\"\n\t\t\ttitle=\"\"\n\t\t\tdata-src=\"https:\/\/blogsaverroes.juntadeandalucia.es\/colesanjuandelacruz\/wp-content\/uploads\/sites\/1204\/nggallery\/feria-de-los-proyectos-2016\/IMG_20160413_193238.jpg\"\n\t\t\tdata-thumbnail=\"https:\/\/blogsaverroes.juntadeandalucia.es\/colesanjuandelacruz\/wp-content\/uploads\/sites\/1204\/nggallery\/feria-de-los-proyectos-2016\/thumbs\/thumbs_IMG_20160413_193238.jpg\"\n\t\t\tdata-image-id=\"175\"\n\t\t\tdata-title=\"IMG_20160413_193238\"\n\t\t\tdata-description=\"\"\n\t\t\tclass=\"ngg-fancybox\" rel=\"5798498b174f1c7159e4f401d9af0a78\">\n\n\t\t\t<img data-image-id='175'\n\t\t\t\ttitle=\"\"\n\t\t\t\talt=\"IMG_20160413_193238\"\n\t\t\t\tsrc=\"https:\/\/blogsaverroes.juntadeandalucia.es\/colesanjuandelacruz\/wp-content\/uploads\/sites\/1204\/nggallery\/feria-de-los-proyectos-2016\/IMG_20160413_193238.jpg\"\n\t\t\t\tstyle=\"max-height: 380px;\"\/>\n\t\t<\/a>\n\n\t\t\n\t\t<a href=\"https:\/\/blogsaverroes.juntadeandalucia.es\/colesanjuandelacruz\/wp-content\/uploads\/sites\/1204\/nggallery\/feria-de-los-proyectos-2016\/IMG_20160413_193246.jpg\"\n\t\t\ttitle=\"\"\n\t\t\tdata-src=\"https:\/\/blogsaverroes.juntadeandalucia.es\/colesanjuandelacruz\/wp-content\/uploads\/sites\/1204\/nggallery\/feria-de-los-proyectos-2016\/IMG_20160413_193246.jpg\"\n\t\t\tdata-thumbnail=\"https:\/\/blogsaverroes.juntadeandalucia.es\/colesanjuandelacruz\/wp-content\/uploads\/sites\/1204\/nggallery\/feria-de-los-proyectos-2016\/thumbs\/thumbs_IMG_20160413_193246.jpg\"\n\t\t\tdata-image-id=\"176\"\n\t\t\tdata-title=\"IMG_20160413_193246\"\n\t\t\tdata-description=\"\"\n\t\t\tclass=\"ngg-fancybox\" rel=\"5798498b174f1c7159e4f401d9af0a78\">\n\n\t\t\t<img data-image-id='176'\n\t\t\t\ttitle=\"\"\n\t\t\t\talt=\"IMG_20160413_193246\"\n\t\t\t\tsrc=\"https:\/\/blogsaverroes.juntadeandalucia.es\/colesanjuandelacruz\/wp-content\/uploads\/sites\/1204\/nggallery\/feria-de-los-proyectos-2016\/IMG_20160413_193246.jpg\"\n\t\t\t\tstyle=\"max-height: 380px;\"\/>\n\t\t<\/a>\n\n\t\t\n\t\t<a href=\"https:\/\/blogsaverroes.juntadeandalucia.es\/colesanjuandelacruz\/wp-content\/uploads\/sites\/1204\/nggallery\/feria-de-los-proyectos-2016\/IMG_20160413_193300.jpg\"\n\t\t\ttitle=\"\"\n\t\t\tdata-src=\"https:\/\/blogsaverroes.juntadeandalucia.es\/colesanjuandelacruz\/wp-content\/uploads\/sites\/1204\/nggallery\/feria-de-los-proyectos-2016\/IMG_20160413_193300.jpg\"\n\t\t\tdata-thumbnail=\"https:\/\/blogsaverroes.juntadeandalucia.es\/colesanjuandelacruz\/wp-content\/uploads\/sites\/1204\/nggallery\/feria-de-los-proyectos-2016\/thumbs\/thumbs_IMG_20160413_193300.jpg\"\n\t\t\tdata-image-id=\"177\"\n\t\t\tdata-title=\"IMG_20160413_193300\"\n\t\t\tdata-description=\"\"\n\t\t\tclass=\"ngg-fancybox\" rel=\"5798498b174f1c7159e4f401d9af0a78\">\n\n\t\t\t<img data-image-id='177'\n\t\t\t\ttitle=\"\"\n\t\t\t\talt=\"IMG_20160413_193300\"\n\t\t\t\tsrc=\"https:\/\/blogsaverroes.juntadeandalucia.es\/colesanjuandelacruz\/wp-content\/uploads\/sites\/1204\/nggallery\/feria-de-los-proyectos-2016\/IMG_20160413_193300.jpg\"\n\t\t\t\tstyle=\"max-height: 380px;\"\/>\n\t\t<\/a>\n\n\t\t\n\t\t<a href=\"https:\/\/blogsaverroes.juntadeandalucia.es\/colesanjuandelacruz\/wp-content\/uploads\/sites\/1204\/nggallery\/feria-de-los-proyectos-2016\/IMG_20160413_193310.jpg\"\n\t\t\ttitle=\"\"\n\t\t\tdata-src=\"https:\/\/blogsaverroes.juntadeandalucia.es\/colesanjuandelacruz\/wp-content\/uploads\/sites\/1204\/nggallery\/feria-de-los-proyectos-2016\/IMG_20160413_193310.jpg\"\n\t\t\tdata-thumbnail=\"https:\/\/blogsaverroes.juntadeandalucia.es\/colesanjuandelacruz\/wp-content\/uploads\/sites\/1204\/nggallery\/feria-de-los-proyectos-2016\/thumbs\/thumbs_IMG_20160413_193310.jpg\"\n\t\t\tdata-image-id=\"178\"\n\t\t\tdata-title=\"IMG_20160413_193310\"\n\t\t\tdata-description=\"\"\n\t\t\tclass=\"ngg-fancybox\" rel=\"5798498b174f1c7159e4f401d9af0a78\">\n\n\t\t\t<img data-image-id='178'\n\t\t\t\ttitle=\"\"\n\t\t\t\talt=\"IMG_20160413_193310\"\n\t\t\t\tsrc=\"https:\/\/blogsaverroes.juntadeandalucia.es\/colesanjuandelacruz\/wp-content\/uploads\/sites\/1204\/nggallery\/feria-de-los-proyectos-2016\/IMG_20160413_193310.jpg\"\n\t\t\t\tstyle=\"max-height: 380px;\"\/>\n\t\t<\/a>\n\n\t\t\n\t\t<a href=\"https:\/\/blogsaverroes.juntadeandalucia.es\/colesanjuandelacruz\/wp-content\/uploads\/sites\/1204\/nggallery\/feria-de-los-proyectos-2016\/IMG_20160413_193355.jpg\"\n\t\t\ttitle=\"\"\n\t\t\tdata-src=\"https:\/\/blogsaverroes.juntadeandalucia.es\/colesanjuandelacruz\/wp-content\/uploads\/sites\/1204\/nggallery\/feria-de-los-proyectos-2016\/IMG_20160413_193355.jpg\"\n\t\t\tdata-thumbnail=\"https:\/\/blogsaverroes.juntadeandalucia.es\/colesanjuandelacruz\/wp-content\/uploads\/sites\/1204\/nggallery\/feria-de-los-proyectos-2016\/thumbs\/thumbs_IMG_20160413_193355.jpg\"\n\t\t\tdata-image-id=\"179\"\n\t\t\tdata-title=\"IMG_20160413_193355\"\n\t\t\tdata-description=\"\"\n\t\t\tclass=\"ngg-fancybox\" rel=\"5798498b174f1c7159e4f401d9af0a78\">\n\n\t\t\t<img data-image-id='179'\n\t\t\t\ttitle=\"\"\n\t\t\t\talt=\"IMG_20160413_193355\"\n\t\t\t\tsrc=\"https:\/\/blogsaverroes.juntadeandalucia.es\/colesanjuandelacruz\/wp-content\/uploads\/sites\/1204\/nggallery\/feria-de-los-proyectos-2016\/IMG_20160413_193355.jpg\"\n\t\t\t\tstyle=\"max-height: 380px;\"\/>\n\t\t<\/a>\n\n\t\t\n\t\t<a href=\"https:\/\/blogsaverroes.juntadeandalucia.es\/colesanjuandelacruz\/wp-content\/uploads\/sites\/1204\/nggallery\/feria-de-los-proyectos-2016\/IMG_20160413_193401.jpg\"\n\t\t\ttitle=\"\"\n\t\t\tdata-src=\"https:\/\/blogsaverroes.juntadeandalucia.es\/colesanjuandelacruz\/wp-content\/uploads\/sites\/1204\/nggallery\/feria-de-los-proyectos-2016\/IMG_20160413_193401.jpg\"\n\t\t\tdata-thumbnail=\"https:\/\/blogsaverroes.juntadeandalucia.es\/colesanjuandelacruz\/wp-content\/uploads\/sites\/1204\/nggallery\/feria-de-los-proyectos-2016\/thumbs\/thumbs_IMG_20160413_193401.jpg\"\n\t\t\tdata-image-id=\"180\"\n\t\t\tdata-title=\"IMG_20160413_193401\"\n\t\t\tdata-description=\"\"\n\t\t\tclass=\"ngg-fancybox\" rel=\"5798498b174f1c7159e4f401d9af0a78\">\n\n\t\t\t<img data-image-id='180'\n\t\t\t\ttitle=\"\"\n\t\t\t\talt=\"IMG_20160413_193401\"\n\t\t\t\tsrc=\"https:\/\/blogsaverroes.juntadeandalucia.es\/colesanjuandelacruz\/wp-content\/uploads\/sites\/1204\/nggallery\/feria-de-los-proyectos-2016\/IMG_20160413_193401.jpg\"\n\t\t\t\tstyle=\"max-height: 380px;\"\/>\n\t\t<\/a>\n\n\t\t\n\t\t<a href=\"https:\/\/blogsaverroes.juntadeandalucia.es\/colesanjuandelacruz\/wp-content\/uploads\/sites\/1204\/nggallery\/feria-de-los-proyectos-2016\/IMG_20160413_193403.jpg\"\n\t\t\ttitle=\"\"\n\t\t\tdata-src=\"https:\/\/blogsaverroes.juntadeandalucia.es\/colesanjuandelacruz\/wp-content\/uploads\/sites\/1204\/nggallery\/feria-de-los-proyectos-2016\/IMG_20160413_193403.jpg\"\n\t\t\tdata-thumbnail=\"https:\/\/blogsaverroes.juntadeandalucia.es\/colesanjuandelacruz\/wp-content\/uploads\/sites\/1204\/nggallery\/feria-de-los-proyectos-2016\/thumbs\/thumbs_IMG_20160413_193403.jpg\"\n\t\t\tdata-image-id=\"181\"\n\t\t\tdata-title=\"IMG_20160413_193403\"\n\t\t\tdata-description=\"\"\n\t\t\tclass=\"ngg-fancybox\" rel=\"5798498b174f1c7159e4f401d9af0a78\">\n\n\t\t\t<img data-image-id='181'\n\t\t\t\ttitle=\"\"\n\t\t\t\talt=\"IMG_20160413_193403\"\n\t\t\t\tsrc=\"https:\/\/blogsaverroes.juntadeandalucia.es\/colesanjuandelacruz\/wp-content\/uploads\/sites\/1204\/nggallery\/feria-de-los-proyectos-2016\/IMG_20160413_193403.jpg\"\n\t\t\t\tstyle=\"max-height: 380px;\"\/>\n\t\t<\/a>\n\n\t\t\n\t\t<a href=\"https:\/\/blogsaverroes.juntadeandalucia.es\/colesanjuandelacruz\/wp-content\/uploads\/sites\/1204\/nggallery\/feria-de-los-proyectos-2016\/IMG_20160413_193418.jpg\"\n\t\t\ttitle=\"\"\n\t\t\tdata-src=\"https:\/\/blogsaverroes.juntadeandalucia.es\/colesanjuandelacruz\/wp-content\/uploads\/sites\/1204\/nggallery\/feria-de-los-proyectos-2016\/IMG_20160413_193418.jpg\"\n\t\t\tdata-thumbnail=\"https:\/\/blogsaverroes.juntadeandalucia.es\/colesanjuandelacruz\/wp-content\/uploads\/sites\/1204\/nggallery\/feria-de-los-proyectos-2016\/thumbs\/thumbs_IMG_20160413_193418.jpg\"\n\t\t\tdata-image-id=\"182\"\n\t\t\tdata-title=\"IMG_20160413_193418\"\n\t\t\tdata-description=\"\"\n\t\t\tclass=\"ngg-fancybox\" rel=\"5798498b174f1c7159e4f401d9af0a78\">\n\n\t\t\t<img data-image-id='182'\n\t\t\t\ttitle=\"\"\n\t\t\t\talt=\"IMG_20160413_193418\"\n\t\t\t\tsrc=\"https:\/\/blogsaverroes.juntadeandalucia.es\/colesanjuandelacruz\/wp-content\/uploads\/sites\/1204\/nggallery\/feria-de-los-proyectos-2016\/IMG_20160413_193418.jpg\"\n\t\t\t\tstyle=\"max-height: 380px;\"\/>\n\t\t<\/a>\n\n\t\t\n\t\t<a href=\"https:\/\/blogsaverroes.juntadeandalucia.es\/colesanjuandelacruz\/wp-content\/uploads\/sites\/1204\/nggallery\/feria-de-los-proyectos-2016\/IMG_20160413_193423.jpg\"\n\t\t\ttitle=\"\"\n\t\t\tdata-src=\"https:\/\/blogsaverroes.juntadeandalucia.es\/colesanjuandelacruz\/wp-content\/uploads\/sites\/1204\/nggallery\/feria-de-los-proyectos-2016\/IMG_20160413_193423.jpg\"\n\t\t\tdata-thumbnail=\"https:\/\/blogsaverroes.juntadeandalucia.es\/colesanjuandelacruz\/wp-content\/uploads\/sites\/1204\/nggallery\/feria-de-los-proyectos-2016\/thumbs\/thumbs_IMG_20160413_193423.jpg\"\n\t\t\tdata-image-id=\"183\"\n\t\t\tdata-title=\"IMG_20160413_193423\"\n\t\t\tdata-description=\"\"\n\t\t\tclass=\"ngg-fancybox\" rel=\"5798498b174f1c7159e4f401d9af0a78\">\n\n\t\t\t<img data-image-id='183'\n\t\t\t\ttitle=\"\"\n\t\t\t\talt=\"IMG_20160413_193423\"\n\t\t\t\tsrc=\"https:\/\/blogsaverroes.juntadeandalucia.es\/colesanjuandelacruz\/wp-content\/uploads\/sites\/1204\/nggallery\/feria-de-los-proyectos-2016\/IMG_20160413_193423.jpg\"\n\t\t\t\tstyle=\"max-height: 380px;\"\/>\n\t\t<\/a>\n\n\t\t\n\t\t<a href=\"https:\/\/blogsaverroes.juntadeandalucia.es\/colesanjuandelacruz\/wp-content\/uploads\/sites\/1204\/nggallery\/feria-de-los-proyectos-2016\/IMG_20160413_193427.jpg\"\n\t\t\ttitle=\"\"\n\t\t\tdata-src=\"https:\/\/blogsaverroes.juntadeandalucia.es\/colesanjuandelacruz\/wp-content\/uploads\/sites\/1204\/nggallery\/feria-de-los-proyectos-2016\/IMG_20160413_193427.jpg\"\n\t\t\tdata-thumbnail=\"https:\/\/blogsaverroes.juntadeandalucia.es\/colesanjuandelacruz\/wp-content\/uploads\/sites\/1204\/nggallery\/feria-de-los-proyectos-2016\/thumbs\/thumbs_IMG_20160413_193427.jpg\"\n\t\t\tdata-image-id=\"184\"\n\t\t\tdata-title=\"IMG_20160413_193427\"\n\t\t\tdata-description=\"\"\n\t\t\tclass=\"ngg-fancybox\" rel=\"5798498b174f1c7159e4f401d9af0a78\">\n\n\t\t\t<img data-image-id='184'\n\t\t\t\ttitle=\"\"\n\t\t\t\talt=\"IMG_20160413_193427\"\n\t\t\t\tsrc=\"https:\/\/blogsaverroes.juntadeandalucia.es\/colesanjuandelacruz\/wp-content\/uploads\/sites\/1204\/nggallery\/feria-de-los-proyectos-2016\/IMG_20160413_193427.jpg\"\n\t\t\t\tstyle=\"max-height: 380px;\"\/>\n\t\t<\/a>\n\n\t\t\n\t\t<a href=\"https:\/\/blogsaverroes.juntadeandalucia.es\/colesanjuandelacruz\/wp-content\/uploads\/sites\/1204\/nggallery\/feria-de-los-proyectos-2016\/IMG_20160413_193435.jpg\"\n\t\t\ttitle=\"\"\n\t\t\tdata-src=\"https:\/\/blogsaverroes.juntadeandalucia.es\/colesanjuandelacruz\/wp-content\/uploads\/sites\/1204\/nggallery\/feria-de-los-proyectos-2016\/IMG_20160413_193435.jpg\"\n\t\t\tdata-thumbnail=\"https:\/\/blogsaverroes.juntadeandalucia.es\/colesanjuandelacruz\/wp-content\/uploads\/sites\/1204\/nggallery\/feria-de-los-proyectos-2016\/thumbs\/thumbs_IMG_20160413_193435.jpg\"\n\t\t\tdata-image-id=\"185\"\n\t\t\tdata-title=\"IMG_20160413_193435\"\n\t\t\tdata-description=\"\"\n\t\t\tclass=\"ngg-fancybox\" rel=\"5798498b174f1c7159e4f401d9af0a78\">\n\n\t\t\t<img data-image-id='185'\n\t\t\t\ttitle=\"\"\n\t\t\t\talt=\"IMG_20160413_193435\"\n\t\t\t\tsrc=\"https:\/\/blogsaverroes.juntadeandalucia.es\/colesanjuandelacruz\/wp-content\/uploads\/sites\/1204\/nggallery\/feria-de-los-proyectos-2016\/IMG_20160413_193435.jpg\"\n\t\t\t\tstyle=\"max-height: 380px;\"\/>\n\t\t<\/a>\n\n\t\t\n\t\t<a href=\"https:\/\/blogsaverroes.juntadeandalucia.es\/colesanjuandelacruz\/wp-content\/uploads\/sites\/1204\/nggallery\/feria-de-los-proyectos-2016\/IMG_20160413_193441.jpg\"\n\t\t\ttitle=\"\"\n\t\t\tdata-src=\"https:\/\/blogsaverroes.juntadeandalucia.es\/colesanjuandelacruz\/wp-content\/uploads\/sites\/1204\/nggallery\/feria-de-los-proyectos-2016\/IMG_20160413_193441.jpg\"\n\t\t\tdata-thumbnail=\"https:\/\/blogsaverroes.juntadeandalucia.es\/colesanjuandelacruz\/wp-content\/uploads\/sites\/1204\/nggallery\/feria-de-los-proyectos-2016\/thumbs\/thumbs_IMG_20160413_193441.jpg\"\n\t\t\tdata-image-id=\"186\"\n\t\t\tdata-title=\"IMG_20160413_193441\"\n\t\t\tdata-description=\"\"\n\t\t\tclass=\"ngg-fancybox\" rel=\"5798498b174f1c7159e4f401d9af0a78\">\n\n\t\t\t<img data-image-id='186'\n\t\t\t\ttitle=\"\"\n\t\t\t\talt=\"IMG_20160413_193441\"\n\t\t\t\tsrc=\"https:\/\/blogsaverroes.juntadeandalucia.es\/colesanjuandelacruz\/wp-content\/uploads\/sites\/1204\/nggallery\/feria-de-los-proyectos-2016\/IMG_20160413_193441.jpg\"\n\t\t\t\tstyle=\"max-height: 380px;\"\/>\n\t\t<\/a>\n\n\t\t\n\t\t<a href=\"https:\/\/blogsaverroes.juntadeandalucia.es\/colesanjuandelacruz\/wp-content\/uploads\/sites\/1204\/nggallery\/feria-de-los-proyectos-2016\/IMG_20160413_193445.jpg\"\n\t\t\ttitle=\"\"\n\t\t\tdata-src=\"https:\/\/blogsaverroes.juntadeandalucia.es\/colesanjuandelacruz\/wp-content\/uploads\/sites\/1204\/nggallery\/feria-de-los-proyectos-2016\/IMG_20160413_193445.jpg\"\n\t\t\tdata-thumbnail=\"https:\/\/blogsaverroes.juntadeandalucia.es\/colesanjuandelacruz\/wp-content\/uploads\/sites\/1204\/nggallery\/feria-de-los-proyectos-2016\/thumbs\/thumbs_IMG_20160413_193445.jpg\"\n\t\t\tdata-image-id=\"187\"\n\t\t\tdata-title=\"IMG_20160413_193445\"\n\t\t\tdata-description=\"\"\n\t\t\tclass=\"ngg-fancybox\" rel=\"5798498b174f1c7159e4f401d9af0a78\">\n\n\t\t\t<img data-image-id='187'\n\t\t\t\ttitle=\"\"\n\t\t\t\talt=\"IMG_20160413_193445\"\n\t\t\t\tsrc=\"https:\/\/blogsaverroes.juntadeandalucia.es\/colesanjuandelacruz\/wp-content\/uploads\/sites\/1204\/nggallery\/feria-de-los-proyectos-2016\/IMG_20160413_193445.jpg\"\n\t\t\t\tstyle=\"max-height: 380px;\"\/>\n\t\t<\/a>\n\n\t\t\n\t\t<a href=\"https:\/\/blogsaverroes.juntadeandalucia.es\/colesanjuandelacruz\/wp-content\/uploads\/sites\/1204\/nggallery\/feria-de-los-proyectos-2016\/IMG_20160413_193457.jpg\"\n\t\t\ttitle=\"\"\n\t\t\tdata-src=\"https:\/\/blogsaverroes.juntadeandalucia.es\/colesanjuandelacruz\/wp-content\/uploads\/sites\/1204\/nggallery\/feria-de-los-proyectos-2016\/IMG_20160413_193457.jpg\"\n\t\t\tdata-thumbnail=\"https:\/\/blogsaverroes.juntadeandalucia.es\/colesanjuandelacruz\/wp-content\/uploads\/sites\/1204\/nggallery\/feria-de-los-proyectos-2016\/thumbs\/thumbs_IMG_20160413_193457.jpg\"\n\t\t\tdata-image-id=\"188\"\n\t\t\tdata-title=\"IMG_20160413_193457\"\n\t\t\tdata-description=\"\"\n\t\t\tclass=\"ngg-fancybox\" rel=\"5798498b174f1c7159e4f401d9af0a78\">\n\n\t\t\t<img data-image-id='188'\n\t\t\t\ttitle=\"\"\n\t\t\t\talt=\"IMG_20160413_193457\"\n\t\t\t\tsrc=\"https:\/\/blogsaverroes.juntadeandalucia.es\/colesanjuandelacruz\/wp-content\/uploads\/sites\/1204\/nggallery\/feria-de-los-proyectos-2016\/IMG_20160413_193457.jpg\"\n\t\t\t\tstyle=\"max-height: 380px;\"\/>\n\t\t<\/a>\n\n\t\t\n\t\t<a href=\"https:\/\/blogsaverroes.juntadeandalucia.es\/colesanjuandelacruz\/wp-content\/uploads\/sites\/1204\/nggallery\/feria-de-los-proyectos-2016\/IMG_20160413_193511.jpg\"\n\t\t\ttitle=\"\"\n\t\t\tdata-src=\"https:\/\/blogsaverroes.juntadeandalucia.es\/colesanjuandelacruz\/wp-content\/uploads\/sites\/1204\/nggallery\/feria-de-los-proyectos-2016\/IMG_20160413_193511.jpg\"\n\t\t\tdata-thumbnail=\"https:\/\/blogsaverroes.juntadeandalucia.es\/colesanjuandelacruz\/wp-content\/uploads\/sites\/1204\/nggallery\/feria-de-los-proyectos-2016\/thumbs\/thumbs_IMG_20160413_193511.jpg\"\n\t\t\tdata-image-id=\"189\"\n\t\t\tdata-title=\"IMG_20160413_193511\"\n\t\t\tdata-description=\"\"\n\t\t\tclass=\"ngg-fancybox\" rel=\"5798498b174f1c7159e4f401d9af0a78\">\n\n\t\t\t<img data-image-id='189'\n\t\t\t\ttitle=\"\"\n\t\t\t\talt=\"IMG_20160413_193511\"\n\t\t\t\tsrc=\"https:\/\/blogsaverroes.juntadeandalucia.es\/colesanjuandelacruz\/wp-content\/uploads\/sites\/1204\/nggallery\/feria-de-los-proyectos-2016\/IMG_20160413_193511.jpg\"\n\t\t\t\tstyle=\"max-height: 380px;\"\/>\n\t\t<\/a>\n\n\t\t\n\t\t<a href=\"https:\/\/blogsaverroes.juntadeandalucia.es\/colesanjuandelacruz\/wp-content\/uploads\/sites\/1204\/nggallery\/feria-de-los-proyectos-2016\/IMG_20160413_193528.jpg\"\n\t\t\ttitle=\"\"\n\t\t\tdata-src=\"https:\/\/blogsaverroes.juntadeandalucia.es\/colesanjuandelacruz\/wp-content\/uploads\/sites\/1204\/nggallery\/feria-de-los-proyectos-2016\/IMG_20160413_193528.jpg\"\n\t\t\tdata-thumbnail=\"https:\/\/blogsaverroes.juntadeandalucia.es\/colesanjuandelacruz\/wp-content\/uploads\/sites\/1204\/nggallery\/feria-de-los-proyectos-2016\/thumbs\/thumbs_IMG_20160413_193528.jpg\"\n\t\t\tdata-image-id=\"190\"\n\t\t\tdata-title=\"IMG_20160413_193528\"\n\t\t\tdata-description=\"\"\n\t\t\tclass=\"ngg-fancybox\" rel=\"5798498b174f1c7159e4f401d9af0a78\">\n\n\t\t\t<img data-image-id='190'\n\t\t\t\ttitle=\"\"\n\t\t\t\talt=\"IMG_20160413_193528\"\n\t\t\t\tsrc=\"https:\/\/blogsaverroes.juntadeandalucia.es\/colesanjuandelacruz\/wp-content\/uploads\/sites\/1204\/nggallery\/feria-de-los-proyectos-2016\/IMG_20160413_193528.jpg\"\n\t\t\t\tstyle=\"max-height: 380px;\"\/>\n\t\t<\/a>\n\n\t\t\n\t\t<a href=\"https:\/\/blogsaverroes.juntadeandalucia.es\/colesanjuandelacruz\/wp-content\/uploads\/sites\/1204\/nggallery\/feria-de-los-proyectos-2016\/IMG_20160413_193548.jpg\"\n\t\t\ttitle=\"\"\n\t\t\tdata-src=\"https:\/\/blogsaverroes.juntadeandalucia.es\/colesanjuandelacruz\/wp-content\/uploads\/sites\/1204\/nggallery\/feria-de-los-proyectos-2016\/IMG_20160413_193548.jpg\"\n\t\t\tdata-thumbnail=\"https:\/\/blogsaverroes.juntadeandalucia.es\/colesanjuandelacruz\/wp-content\/uploads\/sites\/1204\/nggallery\/feria-de-los-proyectos-2016\/thumbs\/thumbs_IMG_20160413_193548.jpg\"\n\t\t\tdata-image-id=\"191\"\n\t\t\tdata-title=\"IMG_20160413_193548\"\n\t\t\tdata-description=\"\"\n\t\t\tclass=\"ngg-fancybox\" rel=\"5798498b174f1c7159e4f401d9af0a78\">\n\n\t\t\t<img data-image-id='191'\n\t\t\t\ttitle=\"\"\n\t\t\t\talt=\"IMG_20160413_193548\"\n\t\t\t\tsrc=\"https:\/\/blogsaverroes.juntadeandalucia.es\/colesanjuandelacruz\/wp-content\/uploads\/sites\/1204\/nggallery\/feria-de-los-proyectos-2016\/IMG_20160413_193548.jpg\"\n\t\t\t\tstyle=\"max-height: 380px;\"\/>\n\t\t<\/a>\n\n\t\t\n\t\t<a href=\"https:\/\/blogsaverroes.juntadeandalucia.es\/colesanjuandelacruz\/wp-content\/uploads\/sites\/1204\/nggallery\/feria-de-los-proyectos-2016\/IMG-20160413-WA0004.jpg\"\n\t\t\ttitle=\"\"\n\t\t\tdata-src=\"https:\/\/blogsaverroes.juntadeandalucia.es\/colesanjuandelacruz\/wp-content\/uploads\/sites\/1204\/nggallery\/feria-de-los-proyectos-2016\/IMG-20160413-WA0004.jpg\"\n\t\t\tdata-thumbnail=\"https:\/\/blogsaverroes.juntadeandalucia.es\/colesanjuandelacruz\/wp-content\/uploads\/sites\/1204\/nggallery\/feria-de-los-proyectos-2016\/thumbs\/thumbs_IMG-20160413-WA0004.jpg\"\n\t\t\tdata-image-id=\"192\"\n\t\t\tdata-title=\"IMG-20160413-WA0004\"\n\t\t\tdata-description=\"\"\n\t\t\tclass=\"ngg-fancybox\" rel=\"5798498b174f1c7159e4f401d9af0a78\">\n\n\t\t\t<img data-image-id='192'\n\t\t\t\ttitle=\"\"\n\t\t\t\talt=\"IMG-20160413-WA0004\"\n\t\t\t\tsrc=\"https:\/\/blogsaverroes.juntadeandalucia.es\/colesanjuandelacruz\/wp-content\/uploads\/sites\/1204\/nggallery\/feria-de-los-proyectos-2016\/IMG-20160413-WA0004.jpg\"\n\t\t\t\tstyle=\"max-height: 380px;\"\/>\n\t\t<\/a>\n\n\t\t\n\t\t<a href=\"https:\/\/blogsaverroes.juntadeandalucia.es\/colesanjuandelacruz\/wp-content\/uploads\/sites\/1204\/nggallery\/feria-de-los-proyectos-2016\/IMG-20160413-WA0005.jpg\"\n\t\t\ttitle=\"\"\n\t\t\tdata-src=\"https:\/\/blogsaverroes.juntadeandalucia.es\/colesanjuandelacruz\/wp-content\/uploads\/sites\/1204\/nggallery\/feria-de-los-proyectos-2016\/IMG-20160413-WA0005.jpg\"\n\t\t\tdata-thumbnail=\"https:\/\/blogsaverroes.juntadeandalucia.es\/colesanjuandelacruz\/wp-content\/uploads\/sites\/1204\/nggallery\/feria-de-los-proyectos-2016\/thumbs\/thumbs_IMG-20160413-WA0005.jpg\"\n\t\t\tdata-image-id=\"193\"\n\t\t\tdata-title=\"IMG-20160413-WA0005\"\n\t\t\tdata-description=\"\"\n\t\t\tclass=\"ngg-fancybox\" rel=\"5798498b174f1c7159e4f401d9af0a78\">\n\n\t\t\t<img data-image-id='193'\n\t\t\t\ttitle=\"\"\n\t\t\t\talt=\"IMG-20160413-WA0005\"\n\t\t\t\tsrc=\"https:\/\/blogsaverroes.juntadeandalucia.es\/colesanjuandelacruz\/wp-content\/uploads\/sites\/1204\/nggallery\/feria-de-los-proyectos-2016\/IMG-20160413-WA0005.jpg\"\n\t\t\t\tstyle=\"max-height: 380px;\"\/>\n\t\t<\/a>\n\n\t\t\n\t\t<a href=\"https:\/\/blogsaverroes.juntadeandalucia.es\/colesanjuandelacruz\/wp-content\/uploads\/sites\/1204\/nggallery\/feria-de-los-proyectos-2016\/IMG-20160413-WA0006.jpg\"\n\t\t\ttitle=\"\"\n\t\t\tdata-src=\"https:\/\/blogsaverroes.juntadeandalucia.es\/colesanjuandelacruz\/wp-content\/uploads\/sites\/1204\/nggallery\/feria-de-los-proyectos-2016\/IMG-20160413-WA0006.jpg\"\n\t\t\tdata-thumbnail=\"https:\/\/blogsaverroes.juntadeandalucia.es\/colesanjuandelacruz\/wp-content\/uploads\/sites\/1204\/nggallery\/feria-de-los-proyectos-2016\/thumbs\/thumbs_IMG-20160413-WA0006.jpg\"\n\t\t\tdata-image-id=\"194\"\n\t\t\tdata-title=\"IMG-20160413-WA0006\"\n\t\t\tdata-description=\"\"\n\t\t\tclass=\"ngg-fancybox\" rel=\"5798498b174f1c7159e4f401d9af0a78\">\n\n\t\t\t<img data-image-id='194'\n\t\t\t\ttitle=\"\"\n\t\t\t\talt=\"IMG-20160413-WA0006\"\n\t\t\t\tsrc=\"https:\/\/blogsaverroes.juntadeandalucia.es\/colesanjuandelacruz\/wp-content\/uploads\/sites\/1204\/nggallery\/feria-de-los-proyectos-2016\/IMG-20160413-WA0006.jpg\"\n\t\t\t\tstyle=\"max-height: 380px;\"\/>\n\t\t<\/a>\n\n\t\t\n\t\t<a href=\"https:\/\/blogsaverroes.juntadeandalucia.es\/colesanjuandelacruz\/wp-content\/uploads\/sites\/1204\/nggallery\/feria-de-los-proyectos-2016\/IMG-20160413-WA0007.jpg\"\n\t\t\ttitle=\"\"\n\t\t\tdata-src=\"https:\/\/blogsaverroes.juntadeandalucia.es\/colesanjuandelacruz\/wp-content\/uploads\/sites\/1204\/nggallery\/feria-de-los-proyectos-2016\/IMG-20160413-WA0007.jpg\"\n\t\t\tdata-thumbnail=\"https:\/\/blogsaverroes.juntadeandalucia.es\/colesanjuandelacruz\/wp-content\/uploads\/sites\/1204\/nggallery\/feria-de-los-proyectos-2016\/thumbs\/thumbs_IMG-20160413-WA0007.jpg\"\n\t\t\tdata-image-id=\"195\"\n\t\t\tdata-title=\"IMG-20160413-WA0007\"\n\t\t\tdata-description=\"\"\n\t\t\tclass=\"ngg-fancybox\" rel=\"5798498b174f1c7159e4f401d9af0a78\">\n\n\t\t\t<img data-image-id='195'\n\t\t\t\ttitle=\"\"\n\t\t\t\talt=\"IMG-20160413-WA0007\"\n\t\t\t\tsrc=\"https:\/\/blogsaverroes.juntadeandalucia.es\/colesanjuandelacruz\/wp-content\/uploads\/sites\/1204\/nggallery\/feria-de-los-proyectos-2016\/IMG-20160413-WA0007.jpg\"\n\t\t\t\tstyle=\"max-height: 380px;\"\/>\n\t\t<\/a>\n\n\t\t\n\t\t<a href=\"https:\/\/blogsaverroes.juntadeandalucia.es\/colesanjuandelacruz\/wp-content\/uploads\/sites\/1204\/nggallery\/feria-de-los-proyectos-2016\/IMG-20160413-WA0008.jpg\"\n\t\t\ttitle=\"\"\n\t\t\tdata-src=\"https:\/\/blogsaverroes.juntadeandalucia.es\/colesanjuandelacruz\/wp-content\/uploads\/sites\/1204\/nggallery\/feria-de-los-proyectos-2016\/IMG-20160413-WA0008.jpg\"\n\t\t\tdata-thumbnail=\"https:\/\/blogsaverroes.juntadeandalucia.es\/colesanjuandelacruz\/wp-content\/uploads\/sites\/1204\/nggallery\/feria-de-los-proyectos-2016\/thumbs\/thumbs_IMG-20160413-WA0008.jpg\"\n\t\t\tdata-image-id=\"196\"\n\t\t\tdata-title=\"IMG-20160413-WA0008\"\n\t\t\tdata-description=\"\"\n\t\t\tclass=\"ngg-fancybox\" rel=\"5798498b174f1c7159e4f401d9af0a78\">\n\n\t\t\t<img data-image-id='196'\n\t\t\t\ttitle=\"\"\n\t\t\t\talt=\"IMG-20160413-WA0008\"\n\t\t\t\tsrc=\"https:\/\/blogsaverroes.juntadeandalucia.es\/colesanjuandelacruz\/wp-content\/uploads\/sites\/1204\/nggallery\/feria-de-los-proyectos-2016\/IMG-20160413-WA0008.jpg\"\n\t\t\t\tstyle=\"max-height: 380px;\"\/>\n\t\t<\/a>\n\n\t\t\n\t\t<a href=\"https:\/\/blogsaverroes.juntadeandalucia.es\/colesanjuandelacruz\/wp-content\/uploads\/sites\/1204\/nggallery\/feria-de-los-proyectos-2016\/IMG-20160413-WA0009.jpg\"\n\t\t\ttitle=\"\"\n\t\t\tdata-src=\"https:\/\/blogsaverroes.juntadeandalucia.es\/colesanjuandelacruz\/wp-content\/uploads\/sites\/1204\/nggallery\/feria-de-los-proyectos-2016\/IMG-20160413-WA0009.jpg\"\n\t\t\tdata-thumbnail=\"https:\/\/blogsaverroes.juntadeandalucia.es\/colesanjuandelacruz\/wp-content\/uploads\/sites\/1204\/nggallery\/feria-de-los-proyectos-2016\/thumbs\/thumbs_IMG-20160413-WA0009.jpg\"\n\t\t\tdata-image-id=\"197\"\n\t\t\tdata-title=\"IMG-20160413-WA0009\"\n\t\t\tdata-description=\"\"\n\t\t\tclass=\"ngg-fancybox\" rel=\"5798498b174f1c7159e4f401d9af0a78\">\n\n\t\t\t<img data-image-id='197'\n\t\t\t\ttitle=\"\"\n\t\t\t\talt=\"IMG-20160413-WA0009\"\n\t\t\t\tsrc=\"https:\/\/blogsaverroes.juntadeandalucia.es\/colesanjuandelacruz\/wp-content\/uploads\/sites\/1204\/nggallery\/feria-de-los-proyectos-2016\/IMG-20160413-WA0009.jpg\"\n\t\t\t\tstyle=\"max-height: 380px;\"\/>\n\t\t<\/a>\n\n\t\t\n\t\t<a href=\"https:\/\/blogsaverroes.juntadeandalucia.es\/colesanjuandelacruz\/wp-content\/uploads\/sites\/1204\/nggallery\/feria-de-los-proyectos-2016\/IMG-20160413-WA0015.jpg\"\n\t\t\ttitle=\"\"\n\t\t\tdata-src=\"https:\/\/blogsaverroes.juntadeandalucia.es\/colesanjuandelacruz\/wp-content\/uploads\/sites\/1204\/nggallery\/feria-de-los-proyectos-2016\/IMG-20160413-WA0015.jpg\"\n\t\t\tdata-thumbnail=\"https:\/\/blogsaverroes.juntadeandalucia.es\/colesanjuandelacruz\/wp-content\/uploads\/sites\/1204\/nggallery\/feria-de-los-proyectos-2016\/thumbs\/thumbs_IMG-20160413-WA0015.jpg\"\n\t\t\tdata-image-id=\"198\"\n\t\t\tdata-title=\"IMG-20160413-WA0015\"\n\t\t\tdata-description=\"\"\n\t\t\tclass=\"ngg-fancybox\" rel=\"5798498b174f1c7159e4f401d9af0a78\">\n\n\t\t\t<img data-image-id='198'\n\t\t\t\ttitle=\"\"\n\t\t\t\talt=\"IMG-20160413-WA0015\"\n\t\t\t\tsrc=\"https:\/\/blogsaverroes.juntadeandalucia.es\/colesanjuandelacruz\/wp-content\/uploads\/sites\/1204\/nggallery\/feria-de-los-proyectos-2016\/IMG-20160413-WA0015.jpg\"\n\t\t\t\tstyle=\"max-height: 380px;\"\/>\n\t\t<\/a>\n\n\t\t\n\t\t<a href=\"https:\/\/blogsaverroes.juntadeandalucia.es\/colesanjuandelacruz\/wp-content\/uploads\/sites\/1204\/nggallery\/feria-de-los-proyectos-2016\/IMG-20160413-WA0016.jpg\"\n\t\t\ttitle=\"\"\n\t\t\tdata-src=\"https:\/\/blogsaverroes.juntadeandalucia.es\/colesanjuandelacruz\/wp-content\/uploads\/sites\/1204\/nggallery\/feria-de-los-proyectos-2016\/IMG-20160413-WA0016.jpg\"\n\t\t\tdata-thumbnail=\"https:\/\/blogsaverroes.juntadeandalucia.es\/colesanjuandelacruz\/wp-content\/uploads\/sites\/1204\/nggallery\/feria-de-los-proyectos-2016\/thumbs\/thumbs_IMG-20160413-WA0016.jpg\"\n\t\t\tdata-image-id=\"199\"\n\t\t\tdata-title=\"IMG-20160413-WA0016\"\n\t\t\tdata-description=\"\"\n\t\t\tclass=\"ngg-fancybox\" rel=\"5798498b174f1c7159e4f401d9af0a78\">\n\n\t\t\t<img data-image-id='199'\n\t\t\t\ttitle=\"\"\n\t\t\t\talt=\"IMG-20160413-WA0016\"\n\t\t\t\tsrc=\"https:\/\/blogsaverroes.juntadeandalucia.es\/colesanjuandelacruz\/wp-content\/uploads\/sites\/1204\/nggallery\/feria-de-los-proyectos-2016\/IMG-20160413-WA0016.jpg\"\n\t\t\t\tstyle=\"max-height: 380px;\"\/>\n\t\t<\/a>\n\n\t\t\n\t\t<a href=\"https:\/\/blogsaverroes.juntadeandalucia.es\/colesanjuandelacruz\/wp-content\/uploads\/sites\/1204\/nggallery\/feria-de-los-proyectos-2016\/IMG-20160413-WA0017.jpg\"\n\t\t\ttitle=\"\"\n\t\t\tdata-src=\"https:\/\/blogsaverroes.juntadeandalucia.es\/colesanjuandelacruz\/wp-content\/uploads\/sites\/1204\/nggallery\/feria-de-los-proyectos-2016\/IMG-20160413-WA0017.jpg\"\n\t\t\tdata-thumbnail=\"https:\/\/blogsaverroes.juntadeandalucia.es\/colesanjuandelacruz\/wp-content\/uploads\/sites\/1204\/nggallery\/feria-de-los-proyectos-2016\/thumbs\/thumbs_IMG-20160413-WA0017.jpg\"\n\t\t\tdata-image-id=\"200\"\n\t\t\tdata-title=\"IMG-20160413-WA0017\"\n\t\t\tdata-description=\"\"\n\t\t\tclass=\"ngg-fancybox\" rel=\"5798498b174f1c7159e4f401d9af0a78\">\n\n\t\t\t<img data-image-id='200'\n\t\t\t\ttitle=\"\"\n\t\t\t\talt=\"IMG-20160413-WA0017\"\n\t\t\t\tsrc=\"https:\/\/blogsaverroes.juntadeandalucia.es\/colesanjuandelacruz\/wp-content\/uploads\/sites\/1204\/nggallery\/feria-de-los-proyectos-2016\/IMG-20160413-WA0017.jpg\"\n\t\t\t\tstyle=\"max-height: 380px;\"\/>\n\t\t<\/a>\n\n\t\t\n\t\t<a href=\"https:\/\/blogsaverroes.juntadeandalucia.es\/colesanjuandelacruz\/wp-content\/uploads\/sites\/1204\/nggallery\/feria-de-los-proyectos-2016\/IMG-20160413-WA0018.jpg\"\n\t\t\ttitle=\"\"\n\t\t\tdata-src=\"https:\/\/blogsaverroes.juntadeandalucia.es\/colesanjuandelacruz\/wp-content\/uploads\/sites\/1204\/nggallery\/feria-de-los-proyectos-2016\/IMG-20160413-WA0018.jpg\"\n\t\t\tdata-thumbnail=\"https:\/\/blogsaverroes.juntadeandalucia.es\/colesanjuandelacruz\/wp-content\/uploads\/sites\/1204\/nggallery\/feria-de-los-proyectos-2016\/thumbs\/thumbs_IMG-20160413-WA0018.jpg\"\n\t\t\tdata-image-id=\"201\"\n\t\t\tdata-title=\"IMG-20160413-WA0018\"\n\t\t\tdata-description=\"\"\n\t\t\tclass=\"ngg-fancybox\" rel=\"5798498b174f1c7159e4f401d9af0a78\">\n\n\t\t\t<img data-image-id='201'\n\t\t\t\ttitle=\"\"\n\t\t\t\talt=\"IMG-20160413-WA0018\"\n\t\t\t\tsrc=\"https:\/\/blogsaverroes.juntadeandalucia.es\/colesanjuandelacruz\/wp-content\/uploads\/sites\/1204\/nggallery\/feria-de-los-proyectos-2016\/IMG-20160413-WA0018.jpg\"\n\t\t\t\tstyle=\"max-height: 380px;\"\/>\n\t\t<\/a>\n\n\t\t\n\t\t<a href=\"https:\/\/blogsaverroes.juntadeandalucia.es\/colesanjuandelacruz\/wp-content\/uploads\/sites\/1204\/nggallery\/feria-de-los-proyectos-2016\/IMG-20160413-WA0012.jpg\"\n\t\t\ttitle=\"\"\n\t\t\tdata-src=\"https:\/\/blogsaverroes.juntadeandalucia.es\/colesanjuandelacruz\/wp-content\/uploads\/sites\/1204\/nggallery\/feria-de-los-proyectos-2016\/IMG-20160413-WA0012.jpg\"\n\t\t\tdata-thumbnail=\"https:\/\/blogsaverroes.juntadeandalucia.es\/colesanjuandelacruz\/wp-content\/uploads\/sites\/1204\/nggallery\/feria-de-los-proyectos-2016\/thumbs\/thumbs_IMG-20160413-WA0012.jpg\"\n\t\t\tdata-image-id=\"202\"\n\t\t\tdata-title=\"IMG-20160413-WA0012\"\n\t\t\tdata-description=\"\"\n\t\t\tclass=\"ngg-fancybox\" rel=\"5798498b174f1c7159e4f401d9af0a78\">\n\n\t\t\t<img data-image-id='202'\n\t\t\t\ttitle=\"\"\n\t\t\t\talt=\"IMG-20160413-WA0012\"\n\t\t\t\tsrc=\"https:\/\/blogsaverroes.juntadeandalucia.es\/colesanjuandelacruz\/wp-content\/uploads\/sites\/1204\/nggallery\/feria-de-los-proyectos-2016\/IMG-20160413-WA0012.jpg\"\n\t\t\t\tstyle=\"max-height: 380px;\"\/>\n\t\t<\/a>\n\n\t\t<\/div>\n\n\t\t<!-- Thumbnails Link -->\n\t<div class=\"slideshowlink\" style=\"max-width: 600px;\">\n\t\t<a href='https:\/\/blogsaverroes.juntadeandalucia.es\/colesanjuandelacruz\/feria-de-los-proyectos\/nggallery\/thumbnails'>Fotos<\/a>\n\t<\/div>\n\n<\/p>\n<p>&nbsp;<\/p>\n","protected":false},"excerpt":{"rendered":"<p>\u00a0\u00a0\u00a0\u00a0 Hoy se ha celebrado en la Escuela de Magisterio de C\u00f3rdoba un encuentro provincial de centros de Educaci\u00f3n Primaria y Secundaria para compartir experiencias relacionadas con los proyectos de aula. Nuestro centro ha&#46;&#46;&#46;<\/p>\n","protected":false},"author":2280,"featured_media":3859,"comment_status":"open","ping_status":"open","sticky":false,"template":"","format":"standard","meta":{"ngg_post_thumbnail":0,"footnotes":""},"categories":[32],"tags":[431],"aioseo_notices":[],"_links":{"self":[{"href":"https:\/\/blogsaverroes.juntadeandalucia.es\/colesanjuandelacruz\/wp-json\/wp\/v2\/posts\/3730"}],"collection":[{"href":"https:\/\/blogsaverroes.juntadeandalucia.es\/colesanjuandelacruz\/wp-json\/wp\/v2\/posts"}],"about":[{"href":"https:\/\/blogsaverroes.juntadeandalucia.es\/colesanjuandelacruz\/wp-json\/wp\/v2\/types\/post"}],"author":[{"embeddable":true,"href":"https:\/\/blogsaverroes.juntadeandalucia.es\/colesanjuandelacruz\/wp-json\/wp\/v2\/users\/2280"}],"replies":[{"embeddable":true,"href":"https:\/\/blogsaverroes.juntadeandalucia.es\/colesanjuandelacruz\/wp-json\/wp\/v2\/comments?post=3730"}],"version-history":[{"count":9,"href":"https:\/\/blogsaverroes.juntadeandalucia.es\/colesanjuandelacruz\/wp-json\/wp\/v2\/posts\/3730\/revisions"}],"predecessor-version":[{"id":3867,"href":"https:\/\/blogsaverroes.juntadeandalucia.es\/colesanjuandelacruz\/wp-json\/wp\/v2\/posts\/3730\/revisions\/3867"}],"wp:featuredmedia":[{"embeddable":true,"href":"https:\/\/blogsaverroes.juntadeandalucia.es\/colesanjuandelacruz\/wp-json\/wp\/v2\/media\/3859"}],"wp:attachment":[{"href":"https:\/\/blogsaverroes.juntadeandalucia.es\/colesanjuandelacruz\/wp-json\/wp\/v2\/media?parent=3730"}],"wp:term":[{"taxonomy":"category","embeddable":true,"href":"https:\/\/blogsaverroes.juntadeandalucia.es\/colesanjuandelacruz\/wp-json\/wp\/v2\/categories?post=3730"},{"taxonomy":"post_tag","embeddable":true,"href":"https:\/\/blogsaverroes.juntadeandalucia.es\/colesanjuandelacruz\/wp-json\/wp\/v2\/tags?post=3730"}],"curies":[{"name":"wp","href":"https:\/\/api.w.org\/{rel}","templated":true}]}}