{"id":6779,"date":"2020-11-13T12:34:02","date_gmt":"2020-11-13T11:34:02","guid":{"rendered":"https:\/\/blogsaverroes.juntadeandalucia.es\/colesanjuandelacruz\/?p=6779"},"modified":"2021-11-13T12:46:15","modified_gmt":"2021-11-13T11:46:15","slug":"que-es-el-pale","status":"publish","type":"post","link":"https:\/\/blogsaverroes.juntadeandalucia.es\/colesanjuandelacruz\/que-es-el-pale\/","title":{"rendered":"\u00bfQu\u00e9 es el PALE?"},"content":{"rendered":"<p>PALE es el Programa de Acompa\u00f1amiento Escolar en Lengua Extranjera destinado a centros docentes p\u00fablicos de educaci\u00f3n primaria.<\/p>\n<p class=\"the-title\">El Programa de Acompa\u00f1amiento Escolar en Lengua Extranjera es un programa financiado por el FONDO SOCIAL EUROPEO, que permite que los alumnos de los centros educativos de educaci\u00f3n primaria p\u00fablicos que no cuentan con formaci\u00f3n biling\u00fce, puedan participar en actividades extraescolares que garanticen al alumno formaci\u00f3n sobre una segunda legua.<\/p>\n<p class=\"the-title\">Cuesti\u00f3n, que disminuir\u00e1 la distinci\u00f3n educativa de aquellos alumnos que provienen de familias en condiciones econ\u00f3micas para pagar una&nbsp;educaci\u00f3n biling\u00fce,&nbsp;de aquellos que, no cuentan con las posibilidades econ\u00f3micas para hacerlo, a los fines de cultivar la igualdad en los procesos educativos de los centros educativos p\u00fablicos.<\/p>\n","protected":false},"excerpt":{"rendered":"<p>PALE es el Programa de Acompa\u00f1amiento Escolar en Lengua Extranjera destinado a centros docentes p\u00fablicos de educaci\u00f3n primaria. El Programa de Acompa\u00f1amiento Escolar en Lengua Extranjera es un programa financiado por el FONDO SOCIAL&#46;&#46;&#46;<\/p>\n","protected":false},"author":7619,"featured_media":0,"comment_status":"open","ping_status":"open","sticky":false,"template":"","format":"standard","meta":{"ngg_post_thumbnail":0,"footnotes":""},"categories":[1043448],"tags":[],"aioseo_notices":[],"_links":{"self":[{"href":"https:\/\/blogsaverroes.juntadeandalucia.es\/colesanjuandelacruz\/wp-json\/wp\/v2\/posts\/6779"}],"collection":[{"href":"https:\/\/blogsaverroes.juntadeandalucia.es\/colesanjuandelacruz\/wp-json\/wp\/v2\/posts"}],"about":[{"href":"https:\/\/blogsaverroes.juntadeandalucia.es\/colesanjuandelacruz\/wp-json\/wp\/v2\/types\/post"}],"author":[{"embeddable":true,"href":"https:\/\/blogsaverroes.juntadeandalucia.es\/colesanjuandelacruz\/wp-json\/wp\/v2\/users\/7619"}],"replies":[{"embeddable":true,"href":"https:\/\/blogsaverroes.juntadeandalucia.es\/colesanjuandelacruz\/wp-json\/wp\/v2\/comments?post=6779"}],"version-history":[{"count":1,"href":"https:\/\/blogsaverroes.juntadeandalucia.es\/colesanjuandelacruz\/wp-json\/wp\/v2\/posts\/6779\/revisions"}],"predecessor-version":[{"id":6780,"href":"https:\/\/blogsaverroes.juntadeandalucia.es\/colesanjuandelacruz\/wp-json\/wp\/v2\/posts\/6779\/revisions\/6780"}],"wp:attachment":[{"href":"https:\/\/blogsaverroes.juntadeandalucia.es\/colesanjuandelacruz\/wp-json\/wp\/v2\/media?parent=6779"}],"wp:term":[{"taxonomy":"category","embeddable":true,"href":"https:\/\/blogsaverroes.juntadeandalucia.es\/colesanjuandelacruz\/wp-json\/wp\/v2\/categories?post=6779"},{"taxonomy":"post_tag","embeddable":true,"href":"https:\/\/blogsaverroes.juntadeandalucia.es\/colesanjuandelacruz\/wp-json\/wp\/v2\/tags?post=6779"}],"curies":[{"name":"wp","href":"https:\/\/api.w.org\/{rel}","templated":true}]}}