{"id":7167,"date":"2022-05-26T16:27:02","date_gmt":"2022-05-26T15:27:02","guid":{"rendered":"https:\/\/blogsaverroes.juntadeandalucia.es\/colesanjuandelacruz\/?p=7167"},"modified":"2022-05-26T16:27:02","modified_gmt":"2022-05-26T15:27:02","slug":"programa-de-refuerzo-estival-2022","status":"publish","type":"post","link":"https:\/\/blogsaverroes.juntadeandalucia.es\/colesanjuandelacruz\/programa-de-refuerzo-estival-2022\/","title":{"rendered":"Programa de refuerzo estival 2022"},"content":{"rendered":"<p><img loading=\"lazy\" decoding=\"async\" class=\"alignnone size-medium\" src=\"https:\/\/i0.wp.com\/iesalhambra.es\/wp-content\/uploads\/2021\/05\/ProgramaRefuerzoEstival.jpg?resize=1033%2C675&amp;ssl=1\" width=\"1033\" height=\"675\" \/><\/p>\n<p><span style=\"font-weight: 400\">Estimadas familias:<\/span><\/p>\n<p><span style=\"font-weight: 400\">Adjuntamos enlace donde podr\u00e1n consultar todo lo relativo al <\/span><strong><span style=\"color: #ff6600\">PROGRAMA DE REFUERZO ESTIVAL.<\/span><\/strong><\/p>\n<p style=\"text-align: justify\"><strong><span style=\"color: #0000ff\"><a style=\"color: #0000ff\" href=\"https:\/\/www.juntadeandalucia.es\/educacion\/portals\/web\/ced\/familias\/programa-refuerzo-estival-2022\">https:\/\/www.juntadeandalucia.es\/educacion\/portals\/web\/ced\/familias\/programa-refuerzo-estival-2022<\/a><\/span><\/strong><\/p>\n<p style=\"text-align: justify\"><strong><span style=\"color: #0000ff\"><a style=\"color: #0000ff\" href=\"https:\/\/www.juntadeandalucia.es\/educacion\/portals\/delegate\/content\/9700d22b-1808-46a5-8a82-74e0836800bc\/Solicitud%20familias%20Programa%20Refuerzo%20Estival\">SOLICITUD DE PARTICIPACI\u00d3N<\/a><\/span><\/strong><\/p>\n<p style=\"text-align: justify\"><span style=\"font-weight: 400\">Podr\u00e1 participar en el Programa el alumnado de 1\u00ba a 6\u00ba de Educaci\u00f3n Primaria y de 1\u00ba y 2\u00ba de ESO de centros p\u00fablicos, as\u00ed como de centros privados sostenidos con fondos p\u00fablicos.<\/span><\/p>\n<ul>\n<li style=\"font-weight: 400;text-align: justify\"><span style=\"font-weight: 400\">Los padres, madres o tutores legales que est\u00e9n interesados lo comunicar\u00e1n al tutor o tutora del alumno o alumna.<\/span><\/li>\n<li style=\"font-weight: 400;text-align: justify\"><span style=\"font-weight: 400\">Del 25 de mayo al 2 de junio podr\u00e1n solicitar hasta 3 centros de su localidad o de las localidades cercanas, del listado de centros publicado el 25 de mayo, a trav\u00e9s de la <\/span><a href=\"https:\/\/www.juntadeandalucia.es\/educacion\/secretariavirtual\/solicitudes\/\"><span style=\"font-weight: 400\">Secretar\u00eda Virtual de los centros docentes<\/span><\/a><span style=\"font-weight: 400\"> de la Consejer\u00eda de Educaci\u00f3n y Deporte.<\/span>\n<ul>\n<li style=\"font-weight: 400\"><span style=\"font-weight: 400\">Los centros de C\u00f3rdoba capital son:<\/span>\n<ul>\n<li style=\"font-weight: 400\"><span style=\"font-weight: 400\">C.E.I.P. Antonio Gala<\/span><\/li>\n<li style=\"font-weight: 400\"><span style=\"font-weight: 400\">C.E.I.P. Col\u00f3n<\/span><\/li>\n<li style=\"font-weight: 400\"><span style=\"font-weight: 400\">C.E.I.P. Alcalde Jim\u00e9nez Ruiz<\/span><\/li>\n<li style=\"font-weight: 400\"><span style=\"font-weight: 400\">C.E.I.P. Alcalde Pedro Barbudo<\/span><\/li>\n<\/ul>\n<\/li>\n<\/ul>\n<\/li>\n<li style=\"font-weight: 400;text-align: justify\"><span style=\"font-weight: 400\">El alumnado de 1\u00ba a 6\u00ba de Educaci\u00f3n Primaria deber\u00e1 solicitar centros de Educaci\u00f3n Infantil y Primaria y el alumnado de 1\u00ba y 2\u00ba de ESO de centros de Educaci\u00f3n Secundaria.<\/span><\/li>\n<li style=\"font-weight: 400;text-align: justify\"><span style=\"font-weight: 400\">El 13 de junio las familias podr\u00e1n consultar en el centro solicitado en primer lugar la admisi\u00f3n provisional del alumnado.<\/span><\/li>\n<li style=\"font-weight: 400;text-align: justify\"><span style=\"font-weight: 400\">Del 14 al 20 habr\u00e1 un periodo de alegaciones y renuncias al programa en la Secretar\u00eda Virtual.<\/span><\/li>\n<li style=\"font-weight: 400;text-align: justify\"><span style=\"font-weight: 400\">La presentaci\u00f3n de la solicitud para el Programa no garantiza por s\u00ed misma la participaci\u00f3n en el mismo.<\/span><\/li>\n<li style=\"font-weight: 400;text-align: justify\"><span style=\"font-weight: 400\">En caso de que la demanda sea mayor que la oferta, se aplicar\u00e1n los criterios recogidos en la apartado d\u00e9cimo de la Resoluci\u00f3n.<\/span><\/li>\n<li style=\"font-weight: 400;text-align: justify\"><span style=\"font-weight: 400\">El 27 de junio se podr\u00e1 consultar la admisi\u00f3n definitiva del alumnado en el centro solicitado en primer lugar.<\/span><\/li>\n<li style=\"font-weight: 400;text-align: justify\"><span style=\"font-weight: 400\">Cuando en los grupos se incluyan alumnos o alumnas con necesidades educativas especiales, se dotar\u00e1 al centro de aquellos recursos personales especializados que se precisen para el desarrollo del Programa.<\/span><\/li>\n<\/ul>\n","protected":false},"excerpt":{"rendered":"<p>Estimadas familias: Adjuntamos enlace donde podr\u00e1n consultar todo lo relativo al PROGRAMA DE REFUERZO ESTIVAL. https:\/\/www.juntadeandalucia.es\/educacion\/portals\/web\/ced\/familias\/programa-refuerzo-estival-2022 SOLICITUD DE PARTICIPACI\u00d3N Podr\u00e1 participar en el Programa el alumnado de 1\u00ba a 6\u00ba de Educaci\u00f3n Primaria y&#46;&#46;&#46;<\/p>\n","protected":false},"author":3574,"featured_media":0,"comment_status":"open","ping_status":"open","sticky":false,"template":"","format":"standard","meta":{"ngg_post_thumbnail":0,"footnotes":""},"categories":[1161,1043438],"tags":[],"aioseo_notices":[],"_links":{"self":[{"href":"https:\/\/blogsaverroes.juntadeandalucia.es\/colesanjuandelacruz\/wp-json\/wp\/v2\/posts\/7167"}],"collection":[{"href":"https:\/\/blogsaverroes.juntadeandalucia.es\/colesanjuandelacruz\/wp-json\/wp\/v2\/posts"}],"about":[{"href":"https:\/\/blogsaverroes.juntadeandalucia.es\/colesanjuandelacruz\/wp-json\/wp\/v2\/types\/post"}],"author":[{"embeddable":true,"href":"https:\/\/blogsaverroes.juntadeandalucia.es\/colesanjuandelacruz\/wp-json\/wp\/v2\/users\/3574"}],"replies":[{"embeddable":true,"href":"https:\/\/blogsaverroes.juntadeandalucia.es\/colesanjuandelacruz\/wp-json\/wp\/v2\/comments?post=7167"}],"version-history":[{"count":1,"href":"https:\/\/blogsaverroes.juntadeandalucia.es\/colesanjuandelacruz\/wp-json\/wp\/v2\/posts\/7167\/revisions"}],"predecessor-version":[{"id":7168,"href":"https:\/\/blogsaverroes.juntadeandalucia.es\/colesanjuandelacruz\/wp-json\/wp\/v2\/posts\/7167\/revisions\/7168"}],"wp:attachment":[{"href":"https:\/\/blogsaverroes.juntadeandalucia.es\/colesanjuandelacruz\/wp-json\/wp\/v2\/media?parent=7167"}],"wp:term":[{"taxonomy":"category","embeddable":true,"href":"https:\/\/blogsaverroes.juntadeandalucia.es\/colesanjuandelacruz\/wp-json\/wp\/v2\/categories?post=7167"},{"taxonomy":"post_tag","embeddable":true,"href":"https:\/\/blogsaverroes.juntadeandalucia.es\/colesanjuandelacruz\/wp-json\/wp\/v2\/tags?post=7167"}],"curies":[{"name":"wp","href":"https:\/\/api.w.org\/{rel}","templated":true}]}}