{"id":7289,"date":"2022-02-05T15:42:04","date_gmt":"2022-02-05T14:42:04","guid":{"rendered":"https:\/\/blogsaverroes.juntadeandalucia.es\/colesanjuandelacruz\/?p=7289"},"modified":"2022-06-25T15:48:09","modified_gmt":"2022-06-25T14:48:09","slug":"impulsa-iii","status":"publish","type":"post","link":"https:\/\/blogsaverroes.juntadeandalucia.es\/colesanjuandelacruz\/impulsa-iii\/","title":{"rendered":"IMPULSA III"},"content":{"rendered":"<p>Este a\u00f1o ponemos en marcha la tercera edici\u00f3n del Proyecto IMPULSA. Para ello vamos a desarrollarlo de manera conjunta con el Plan de Formaci\u00f3n y el de Transformaci\u00f3n Digital Educativa. Consistir\u00e1 en desarrollar actividades de expresi\u00f3n oral, las cuales grabaremos y las iremos a\u00f1adiendo a la web de Televisi\u00f3n \u00abTelesur\u00bb<\/p>\n","protected":false},"excerpt":{"rendered":"<p>Este a\u00f1o ponemos en marcha la tercera edici\u00f3n del Proyecto IMPULSA. Para ello vamos a desarrollarlo de manera conjunta con el Plan de Formaci\u00f3n y el de Transformaci\u00f3n Digital Educativa. Consistir\u00e1 en desarrollar actividades&#46;&#46;&#46;<\/p>\n","protected":false},"author":2280,"featured_media":0,"comment_status":"open","ping_status":"open","sticky":false,"template":"","format":"standard","meta":{"ngg_post_thumbnail":0,"footnotes":""},"categories":[1043459],"tags":[],"aioseo_notices":[],"_links":{"self":[{"href":"https:\/\/blogsaverroes.juntadeandalucia.es\/colesanjuandelacruz\/wp-json\/wp\/v2\/posts\/7289"}],"collection":[{"href":"https:\/\/blogsaverroes.juntadeandalucia.es\/colesanjuandelacruz\/wp-json\/wp\/v2\/posts"}],"about":[{"href":"https:\/\/blogsaverroes.juntadeandalucia.es\/colesanjuandelacruz\/wp-json\/wp\/v2\/types\/post"}],"author":[{"embeddable":true,"href":"https:\/\/blogsaverroes.juntadeandalucia.es\/colesanjuandelacruz\/wp-json\/wp\/v2\/users\/2280"}],"replies":[{"embeddable":true,"href":"https:\/\/blogsaverroes.juntadeandalucia.es\/colesanjuandelacruz\/wp-json\/wp\/v2\/comments?post=7289"}],"version-history":[{"count":1,"href":"https:\/\/blogsaverroes.juntadeandalucia.es\/colesanjuandelacruz\/wp-json\/wp\/v2\/posts\/7289\/revisions"}],"predecessor-version":[{"id":7290,"href":"https:\/\/blogsaverroes.juntadeandalucia.es\/colesanjuandelacruz\/wp-json\/wp\/v2\/posts\/7289\/revisions\/7290"}],"wp:attachment":[{"href":"https:\/\/blogsaverroes.juntadeandalucia.es\/colesanjuandelacruz\/wp-json\/wp\/v2\/media?parent=7289"}],"wp:term":[{"taxonomy":"category","embeddable":true,"href":"https:\/\/blogsaverroes.juntadeandalucia.es\/colesanjuandelacruz\/wp-json\/wp\/v2\/categories?post=7289"},{"taxonomy":"post_tag","embeddable":true,"href":"https:\/\/blogsaverroes.juntadeandalucia.es\/colesanjuandelacruz\/wp-json\/wp\/v2\/tags?post=7289"}],"curies":[{"name":"wp","href":"https:\/\/api.w.org\/{rel}","templated":true}]}}