{"id":7550,"date":"2022-11-24T00:28:34","date_gmt":"2022-11-23T23:28:34","guid":{"rendered":"https:\/\/blogsaverroes.juntadeandalucia.es\/colesanjuandelacruz\/?p=7550"},"modified":"2023-09-19T23:12:07","modified_gmt":"2023-09-19T22:12:07","slug":"impulsa-iv","status":"publish","type":"post","link":"https:\/\/blogsaverroes.juntadeandalucia.es\/colesanjuandelacruz\/impulsa-iv\/","title":{"rendered":"Impulsa IV"},"content":{"rendered":"<p>Como en a\u00f1os anteriores el centro a solicitado <a href=\"https:\/\/www.juntadeandalucia.es\/educacion\/portals\/web\/ced\/programa-impulsa\" target=\"_blank\" rel=\"noopener noreferrer\">Proyecto IMPULSA<\/a>, es ya la cuarta edici\u00f3n, el curso pasado fue todo un \u00e9xito con la puesta en marcha de nuestra televisi\u00f3n: <a href=\"https:\/\/blogsaverroes.juntadeandalucia.es\/telesur\/\" target=\"_blank\" rel=\"noopener noreferrer\">TELESUR<\/a>. Para ello vamos a desarrollarlo de manera conjunta con el Plan de Formaci\u00f3n y el de Transformaci\u00f3n Digital Educativa.<a href=\"https:\/\/blogsaverroes.juntadeandalucia.es\/colesanjuandelacruz\/captura-de-pantalla-2020-11-17-110224\/\"><img loading=\"lazy\" decoding=\"async\" class=\"aligncenter wp-image-6506\" src=\"https:\/\/blogsaverroes.juntadeandalucia.es\/colesanjuandelacruz\/files\/2021\/06\/Captura-de-pantalla-2020-11-17-110224.jpg\" alt=\"\" width=\"237\" height=\"327\"><\/a><\/p>\n<p>Este curso desarrollaremos un proyecto destinado a la creaci\u00f3n de una radio en el colegio, aprovechando la entrada de la nueva ley, LOMLOE,&nbsp; se trabajar\u00e1n situaciones de aprendizaje que podr\u00e1n tener como producto final actividades referidas a la radio.<\/p>\n<p>Aqu\u00ed ten\u00e9is \u00ab<a href=\"https:\/\/blogsaverroes.juntadeandalucia.es\/radiopatio\/\" target=\"_blank\" rel=\"noopener noreferrer\">Radio Patio<\/a>\u00bb con el resultado de todo el trabajo realizado durante el curso 2022\/23:<\/p>\n<blockquote class=\"wp-embedded-content\" data-secret=\"2mtcc5V2sx\"><p><a href=\"https:\/\/blogsaverroes.juntadeandalucia.es\/radiopatio\/\">Nuestros Podcasts<\/a><\/p><\/blockquote>\n<p><iframe class=\"wp-embedded-content\" sandbox=\"allow-scripts\" security=\"restricted\" style=\"position: absolute; clip: rect(1px, 1px, 1px, 1px);\" title=\"\u00abNuestros Podcasts\u00bb \u2014 RADIO PATIO\" src=\"https:\/\/blogsaverroes.juntadeandalucia.es\/radiopatio\/embed\/#?secret=LIdEF5P1eS#?secret=2mtcc5V2sx\" data-secret=\"2mtcc5V2sx\" width=\"500\" height=\"282\" frameborder=\"0\" marginwidth=\"0\" marginheight=\"0\" scrolling=\"no\"><\/iframe><\/p>\n<p style=\"text-align: center\">&nbsp;<\/p>\n","protected":false},"excerpt":{"rendered":"<p>Como en a\u00f1os anteriores el centro a solicitado Proyecto IMPULSA, es ya la cuarta edici\u00f3n, el curso pasado fue todo un \u00e9xito con la puesta en marcha de nuestra televisi\u00f3n: TELESUR. Para ello vamos&#46;&#46;&#46;<\/p>\n","protected":false},"author":7619,"featured_media":0,"comment_status":"open","ping_status":"open","sticky":false,"template":"","format":"standard","meta":{"ngg_post_thumbnail":0,"footnotes":""},"categories":[1043459],"tags":[],"aioseo_notices":[],"_links":{"self":[{"href":"https:\/\/blogsaverroes.juntadeandalucia.es\/colesanjuandelacruz\/wp-json\/wp\/v2\/posts\/7550"}],"collection":[{"href":"https:\/\/blogsaverroes.juntadeandalucia.es\/colesanjuandelacruz\/wp-json\/wp\/v2\/posts"}],"about":[{"href":"https:\/\/blogsaverroes.juntadeandalucia.es\/colesanjuandelacruz\/wp-json\/wp\/v2\/types\/post"}],"author":[{"embeddable":true,"href":"https:\/\/blogsaverroes.juntadeandalucia.es\/colesanjuandelacruz\/wp-json\/wp\/v2\/users\/7619"}],"replies":[{"embeddable":true,"href":"https:\/\/blogsaverroes.juntadeandalucia.es\/colesanjuandelacruz\/wp-json\/wp\/v2\/comments?post=7550"}],"version-history":[{"count":4,"href":"https:\/\/blogsaverroes.juntadeandalucia.es\/colesanjuandelacruz\/wp-json\/wp\/v2\/posts\/7550\/revisions"}],"predecessor-version":[{"id":7694,"href":"https:\/\/blogsaverroes.juntadeandalucia.es\/colesanjuandelacruz\/wp-json\/wp\/v2\/posts\/7550\/revisions\/7694"}],"wp:attachment":[{"href":"https:\/\/blogsaverroes.juntadeandalucia.es\/colesanjuandelacruz\/wp-json\/wp\/v2\/media?parent=7550"}],"wp:term":[{"taxonomy":"category","embeddable":true,"href":"https:\/\/blogsaverroes.juntadeandalucia.es\/colesanjuandelacruz\/wp-json\/wp\/v2\/categories?post=7550"},{"taxonomy":"post_tag","embeddable":true,"href":"https:\/\/blogsaverroes.juntadeandalucia.es\/colesanjuandelacruz\/wp-json\/wp\/v2\/tags?post=7550"}],"curies":[{"name":"wp","href":"https:\/\/api.w.org\/{rel}","templated":true}]}}